{"id":36143,"date":"2022-06-27T09:00:15","date_gmt":"2022-06-27T07:00:15","guid":{"rendered":"https:\/\/www.monempresarial.com\/?p=36143"},"modified":"2025-09-24T10:52:29","modified_gmt":"2025-09-24T08:52:29","slug":"europa-augmenta-la-pressio-sobre-la-responsabilitat-social-i-sostenible-de-les-empreses","status":"publish","type":"post","link":"https:\/\/www.monempresarial.com\/ca\/2022\/06\/27\/europa-augmenta-la-pressio-sobre-la-responsabilitat-social-i-sostenible-de-les-empreses\/","title":{"rendered":"Europa augmenta la pressi\u00f3 sobre la responsabilitat social i sostenible de les empreses"},"content":{"rendered":"<p><strong>Diverses iniciatives legislatives endureixen els est\u00e0ndards per a les empreses europees o aquelles que volen fer negocis al continent. <\/strong><\/p>\n<h4>Text: <span style=\"color: #719f8c;\">J\u00falia Manresa Nogueras<\/span><\/h4>\n<hr \/>\n<p>Bona part dels est\u00e0ndards requerits en termes de responsabilitat social i sostenible per a les empreses catalanes i espanyoles venen marcats des de la Uni\u00f3 Europea. La sostenibilitat \u00e9s un dels pilars que sostenen l\u2019estrat\u00e8gia pol\u00edtica de la Comissi\u00f3 Europea que lidera Ursula Von der Leyen i que reflecteix un major suport popular a les formacions verdes. L\u2019anomenat <em>Green Deal<\/em> europeu \u00e9s la primera de totes les prioritats de l\u2019executiu amb seu a Brussel\u00b7les, seguit de prop de la voluntat de crear una \u201ceconomia que treballi per a la gent\u201d, amb la reducci\u00f3 de les desigualtats i la promoci\u00f3 i el respecte pels drets humans a la primera l\u00ednia. D\u2019aqu\u00ed que la Uni\u00f3 Europea busqui que les seves empreses tamb\u00e9 treballin en aquesta direcci\u00f3 i hagi fixat uns est\u00e0ndards empresarials i financers exigents.<\/p>\n<p>Recentment, s\u2019han aprovat diferents directives que aix\u00ed ho proven perqu\u00e8, al cap i a la fi, la responsabilitat social corporativa t\u00e9 moltes arestes i enfocaments i hi ha moltes maneres de promoure-la. D\u2019entrada, \u00e9s important veure com defineix la Uni\u00f3 el concepte de Responsabilitat Social Corporativa (RSC). \u00c9s la \u201cintegraci\u00f3 volunt\u00e0ria, per part de les empreses, de les preocupacions socials i mediambientals en les seves operacions comercials i les seves relacions amb els seus interlocutors\u201d. Es tracta, doncs, d\u2019aquelles accions de les empreses que van m\u00e9s enll\u00e0 de les seves obligacions legals.<\/p>\n<blockquote>\n<h2><span style=\"color: #719f8c;\">Els nous marcs reguladors europeus busquen pressionar cap al compliment de certs est\u00e0ndards i abandonar cada vegada m\u00e9s la voluntarietat per convertir-la en uns compromisos comuns ineludibles per fer negocis a Europa<\/span><\/h2>\n<\/blockquote>\n<p><span style=\"color: #719f8c;\"><strong>UN \u201cDEURE\u201d EMPRESARIAL<\/strong><\/span><br \/>\nTot i aix\u00f2, els nous marcs reguladors europeus busquen pressionar cap al compliment de certs est\u00e0ndards i abandonar cada vegada m\u00e9s la voluntarietat per convertir-la en uns compromisos comuns ineludibles per fer negocis a Europa. \u201cLes accions de les empreses tenen impactes significatius en la vida dels ciutadans de la UE i d\u2019arreu del m\u00f3n\u201d, diu l\u2019executiu comunitari amb contund\u00e8ncia. Per aix\u00f2, continua, \u201cels ciutadans de la UE esperen amb ra\u00f3 que les empreses entenguin els seus impactes positius i negatius sobre la societat i el medi ambient\u201d. La Comissi\u00f3 no parla de la voluntat de les empreses de complir amb aquesta exig\u00e8ncia ciutadana, sin\u00f3 que considera que la conducta empresarial responsable \u00e9s un \u201cdeure\u201d.<\/p>\n<p>Per aix\u00f2, al llarg dels \u00faltims anys, la UE ha impulsat una combinaci\u00f3 d\u2019accions volunt\u00e0ries i obligat\u00f2ries que busquen promoure l\u2019RSC i implementar els principis rectors que fixen les Nacions Unides sobre empreses i drets humans, com tamb\u00e9 l\u2019anomenada agenda 2030 per al desenvolupament sostenible. D\u2019entrada, la Uni\u00f3 promou guies i assessorament empresarial a les companyies europees perqu\u00e8 s\u2019aline\u00efn amb aquests est\u00e0ndards globals d\u2019RSC. Fins i tot, encoratja les petites i mitjanes empreses a fer-ho, malgrat recon\u00e8ixer que per a la majoria d\u2019elles el proc\u00e9s a trav\u00e9s del qual assoleixen els seus objectius de responsabilitat social \u00e9s \u201cinformal i intu\u00eftiu\u201d.<\/p>\n<blockquote>\n<h2><span style=\"color: #719f8c;\"><img decoding=\"async\" loading=\"lazy\" class=\"wp-image-36146 alignright\" src=\"https:\/\/www.monempresarial.com\/wp-content\/uploads\/2022\/06\/ICONO-EUROPA.jpg\" alt=\"\" width=\"201\" height=\"262\" srcset=\"https:\/\/www.monempresarial.com\/wp-content\/uploads\/2022\/06\/ICONO-EUROPA.jpg 273w, https:\/\/www.monempresarial.com\/wp-content\/uploads\/2022\/06\/ICONO-EUROPA-230x300.jpg 230w\" sizes=\"(max-width: 201px) 100vw, 201px\" \/><\/span><\/h2>\n<h2><span style=\"color: #719f8c;\">La presentaci\u00f3 de la proposta de la taxonomia tamb\u00e9 ha sigut, aquest any, una altra prova de l\u2019inter\u00e8s prioritari que l\u2019executiu brussel\u00b7l\u00e8s demostra en aquest \u00e0mbit. Per\u00f2 no ha estat exempta de pol\u00e8mica. En el sector energ\u00e8tic, la classificaci\u00f3 del gas i la nuclear en una zona gris no considerada insostenible ha despertat retic\u00e8ncies dels sectors ecologistes i ha mostrat la divisi\u00f3 entre pa\u00efsos<\/span><\/h2>\n<\/blockquote>\n<p>Per\u00f2 per no deixar-ho tot en un marc excessivament obert i voluntari, hi ha tot un reguitzell de directives i iniciatives europees que, al cap i a la fi, enfoquen l\u2019RSC de les empreses europees. Per exemple, l\u2019abril de l\u2019any passat, la Comissi\u00f3 va refor\u00e7ar els requeriments de la directiva d\u2019Informes de Sostenibilitat Corporativa, que obliga les empreses amb m\u00e9s de 500 treballadors a publicar informaci\u00f3 no financera sobre q\u00fcestions mediambientals, socials i laborals, de respecte dels drets humans, diversitat en els seus consells d\u2019administraci\u00f3 o lluita contra la corrupci\u00f3, a trav\u00e9s d\u2019auditories de la informaci\u00f3 i est\u00e0ndards concrets. Un altre exemple encara m\u00e9s recent \u00e9s l\u2019anomenada dilig\u00e8ncia deguda (<em>Due Dilligence<\/em>), que posa especial focus en el treball decent i digne, una de les tasques i iniciatives principals que lidera el comissari luxemburgu\u00e8s, Nicolas Schmit.<\/p>\n<p><span style=\"color: #719f8c;\"><strong>CERTIFICACIONS I TAXONOMIA<\/strong><\/span><br \/>\nD\u2019altres mesures que es poden incloure en aquest marc s\u00f3n, per exemple, la pol\u00e8mica taxonomia, la classificaci\u00f3 d\u2019inversions sostenibles, que ha de permetre a les empreses i actors financers tenir un men\u00fa clar de quins sectors, b\u00e9ns o serveis s\u00f3n considerats sostenibles o verds de cara, entre d\u2019altres, al compliment dels seus objectius de responsabilitat social corporativa o, fins i tot, de cara a l\u2019obtenci\u00f3 de certs incentius vinculats a aquesta mena d\u2019operacions. La presentaci\u00f3 de la proposta de la taxonomia tamb\u00e9 ha sigut, aquest any, una altra prova de l\u2019inter\u00e8s prioritari que l\u2019executiu brussel\u00b7l\u00e8s demostra en aquest \u00e0mbit. Per\u00f2 no ha estat exempta de pol\u00e8mica. En el sector energ\u00e8tic, la classificaci\u00f3 del gas i la nuclear en una zona gris no considerada insostenible ha despertat retic\u00e8ncies dels sectors ecologistes i ha mostrat la divisi\u00f3 entre pa\u00efsos.<\/p>\n<p>Per\u00f2 la responsabilitat social corporativa tamb\u00e9 es gestiona des de la Comissi\u00f3 Europea, per exemple, amb la concessi\u00f3 de certificats ambientals. S\u00f3n els anomenats EMA, (<em>EU eco-management and audit scheme<\/em>), que permeten registrar empreses que fan un monitoratge per provar la seva gesti\u00f3 mediambiental. Segons la Comissi\u00f3 Europea, aquest sistema pot beneficiar les empreses a l\u2019hora d\u2019alliberar-se de certs controls o tr\u00e0mits burocr\u00e0tics relacionats amb els compliments mediambientals, per\u00f2 tamb\u00e9 obrir les portes d\u2019acc\u00e9s a certs actors empresarials a mercats reservats nom\u00e9s per a les empreses que compleixen certs est\u00e0ndards mediambientals certificats a trav\u00e9s dels EMAS.<\/p>\n<p>L\u2019octubre del 2021, les \u00faltimes xifres oficials de les que disposa la Comissi\u00f3, hi havia un total de 3.887 organitzacions i 12.022 centres registrats en el sistema EMAS. Nom\u00e9s a Espanya, per exemple, n\u2019hi ha m\u00e9s de 2.000. En el conjunt d\u2019Europa, els sectors que fan m\u00e9s \u00fas d\u2019aquesta certificaci\u00f3 s\u00f3n la gesti\u00f3 de residus, la construcci\u00f3, les manufactures de metall i el comer\u00e7 a l&#8217;engr\u00f2s. Tot i aix\u00f2, tamb\u00e9 hi ha certificacions per al sector educatiu, l\u2019energ\u00e8tic o l\u2019administraci\u00f3 p\u00fablica.<\/p>\n<p>Tots aquests s\u00f3n nom\u00e9s alguns exemples de totes les iniciatives que queden emmarcades sota l\u2019estrat\u00e8gia europea per a l\u2019RSC. Una pol\u00edtica transversal dins les diferents carteres europees que t\u00e9 la sostenibilitat, els drets humans i laborals al centre i que mant\u00e9 Europa entre els l\u00edders mundials en est\u00e0ndards empresarials perqu\u00e8 any rere any s\u2019apuja una mica m\u00e9s el llist\u00f3.<\/p>\n<p>&nbsp;<\/p>\n<p><img decoding=\"async\" loading=\"lazy\" class=\"aligncenter wp-image-36144 size-full\" src=\"https:\/\/www.monempresarial.com\/wp-content\/uploads\/2022\/06\/EUROPA-ABC-CAT.jpg\" alt=\"\" width=\"835\" height=\"729\" srcset=\"https:\/\/www.monempresarial.com\/wp-content\/uploads\/2022\/06\/EUROPA-ABC-CAT.jpg 835w, https:\/\/www.monempresarial.com\/wp-content\/uploads\/2022\/06\/EUROPA-ABC-CAT-300x262.jpg 300w, https:\/\/www.monempresarial.com\/wp-content\/uploads\/2022\/06\/EUROPA-ABC-CAT-300x262@2x.jpg 600w\" sizes=\"(max-width: 835px) 100vw, 835px\" \/><\/p>\n","protected":false},"excerpt":{"rendered":"<p>Diverses iniciatives legislatives endureixen els est\u00e0ndards per a les empreses europees o aquelles que volen fer negocis al continent. Text: J\u00falia Manresa Nogueras Bona part dels est\u00e0ndards requerits en termes de responsabilitat social i sostenible per a les empreses catalanes i espanyoles venen marcats des de la Uni\u00f3 Europea. La sostenibilitat \u00e9s un dels pilars [&hellip;]<\/p>\n","protected":false},"author":1,"featured_media":36148,"comment_status":"open","ping_status":"open","sticky":false,"template":"","format":"standard","meta":{"_mi_skip_tracking":false,"mc4wp_mailchimp_campaign":[],"jnews-multi-image_gallery":[],"jnews_single_post":[],"jnews_primary_category":[]},"categories":[10839,10815,10843,19],"tags":[170,826,877,1174],"_links":{"self":[{"href":"https:\/\/www.monempresarial.com\/ca\/wp-json\/wp\/v2\/posts\/36143"}],"collection":[{"href":"https:\/\/www.monempresarial.com\/ca\/wp-json\/wp\/v2\/posts"}],"about":[{"href":"https:\/\/www.monempresarial.com\/ca\/wp-json\/wp\/v2\/types\/post"}],"author":[{"embeddable":true,"href":"https:\/\/www.monempresarial.com\/ca\/wp-json\/wp\/v2\/users\/1"}],"replies":[{"embeddable":true,"href":"https:\/\/www.monempresarial.com\/ca\/wp-json\/wp\/v2\/comments?post=36143"}],"version-history":[{"count":1,"href":"https:\/\/www.monempresarial.com\/ca\/wp-json\/wp\/v2\/posts\/36143\/revisions"}],"predecessor-version":[{"id":47554,"href":"https:\/\/www.monempresarial.com\/ca\/wp-json\/wp\/v2\/posts\/36143\/revisions\/47554"}],"wp:featuredmedia":[{"embeddable":true,"href":"https:\/\/www.monempresarial.com\/ca\/wp-json\/wp\/v2\/media\/36148"}],"wp:attachment":[{"href":"https:\/\/www.monempresarial.com\/ca\/wp-json\/wp\/v2\/media?parent=36143"}],"wp:term":[{"taxonomy":"category","embeddable":true,"href":"https:\/\/www.monempresarial.com\/ca\/wp-json\/wp\/v2\/categories?post=36143"},{"taxonomy":"post_tag","embeddable":true,"href":"https:\/\/www.monempresarial.com\/ca\/wp-json\/wp\/v2\/tags?post=36143"}],"curies":[{"name":"wp","href":"https:\/\/api.w.org\/{rel}","templated":true}]}}