{"id":36681,"date":"2022-07-27T12:30:41","date_gmt":"2022-07-27T10:30:41","guid":{"rendered":"https:\/\/www.monempresarial.com\/2022\/07\/06\/bioo-innovacion-disruptiva-con-valores-nos-adentramos-en-el-adn-de-la-compania-de-la-mano-de-su-fundador-ceo-y-actual-director-general-pablo-vidarte\/"},"modified":"2025-06-06T09:55:24","modified_gmt":"2025-06-06T07:55:24","slug":"bioo-innovacio-disruptiva-amb-valors-ens-endinsem-en-ladn-de-la-companyia-guiats-pel-seu-fundador-ceo-i-director-general-actual-pablo-vidarte","status":"publish","type":"post","link":"https:\/\/www.monempresarial.com\/ca\/2022\/07\/27\/bioo-innovacio-disruptiva-amb-valors-ens-endinsem-en-ladn-de-la-companyia-guiats-pel-seu-fundador-ceo-i-director-general-actual-pablo-vidarte\/","title":{"rendered":"Bioo: innovaci\u00f3 disruptiva amb valors"},"content":{"rendered":"<p>&nbsp;<\/p>\n<p><strong>Ens endinsem en l\u2019ADN de la companyia guiats pel seu fundador, CEO i director general actual, Pablo Vidarte<\/strong>.<\/p>\n<p><strong>En aquest segon lliurament, presentem el cas de Bioo, una empresa que utilitza l&#8217;energia que genera la natura per mitj\u00e0 de bateries biol\u00f2giques. El seu objectiu? Liderar el canvi per un futur m\u00e9s verd, on la sostenibilitat sigui l&#8217;eix central i la tecnologia, l&#8217;eina principal per aconseguir-ho. <\/strong><\/p>\n<h4><span style=\"color: #008080; text-transform: uppercase;\"><strong>\u00c1ngel San Segund<span style=\"color: #008080;\">o H<\/span>aering<\/strong>. <\/span><strong>Enginyer industrial, assessor de <em>start-ups, business angel<\/em>, mentor i professor associat de diverses escoles de negoci.<\/strong><\/h4>\n<p><strong><span style=\"color: #008080;\">Coordinaci\u00f3:<\/span> Emma Bouisset Carrascal\u00a0 \u00a0 \u00a0\u00a0<\/strong><\/p>\n<hr style=\"color: #b72126;\" \/>\n<h2><img decoding=\"async\" loading=\"lazy\" class=\"aligncenter wp-image-34858 size-full\" src=\"https:\/\/www.monempresarial.com\/wp-content\/uploads\/2022\/04\/TITULO-1.jpg\" alt=\"\" width=\"1276\" height=\"38\" srcset=\"https:\/\/www.monempresarial.com\/wp-content\/uploads\/2022\/04\/TITULO-1.jpg 1276w, https:\/\/www.monempresarial.com\/wp-content\/uploads\/2022\/04\/TITULO-1-300x9.jpg 300w, https:\/\/www.monempresarial.com\/wp-content\/uploads\/2022\/04\/TITULO-1-1024x30.jpg 1024w, https:\/\/www.monempresarial.com\/wp-content\/uploads\/2022\/04\/TITULO-1-300x9@2x.jpg 600w\" sizes=\"(max-width: 1276px) 100vw, 1276px\" \/><\/h2>\n<p><span style=\"color: #008080;\"><b>EN QU\u00c8 CONSISTEIX EL PROJECTE?<\/b><\/span><br \/>\n\u201c<strong>Bioo t\u00e9 com a missi\u00f3 crear un m\u00f3n biotecnol\u00f2gic; crear les primeres ciutats biotecnol\u00f2giques de la hist\u00f2ria<\/strong>. El nostre objectiu \u00e9s <strong>fusionar naturalesa i tecnologia a trav\u00e9s de solucions innovadores que millorin la qualitat de vida.<\/strong> En s\u00f3n un exemple els nostres interruptors biol\u00f2gics, com Bioo Lux, que acabem de llan\u00e7ar (m\u00e9s informaci\u00f3 a l&#8217;apartat \u201cREPTES DE FUTUR\u201d); i els projectes de Bioo Sensor, que \u00e9s una bateria que es carrega a trav\u00e9s de la terra.\u201d<\/p>\n<p><span style=\"color: #008080;\"><strong>QUINES SINGULARITATS T\u00c9 LA PROPOSTA DE VALOR?<\/strong><\/span><br \/>\n\u201cBioo ha desenvolupat <strong>dues tecnologies absolutament disruptives: els interruptors biol\u00f2gics<\/strong> (plantes que actuen com a interruptor per activar llum o so) i el futur dels quals \u00e9s a les ciutats sostenibles; i <strong>bateries que generen electricitat a trav\u00e9s de la terra<\/strong> i que tenen un llarg recorregut, per exemple, en agricultura. Al llarg d&#8217;aquests anys, Bioo ha comptat amb una gran l\u00ednia d&#8217;empreses col\u00b7laboradores, tant biotecnol\u00f2giques, energ\u00e8tiques com agr\u00edcoles com Bayer CropScience, una de les empreses m\u00e9s grans del sector al m\u00f3n.\u201d<\/p>\n<p><strong><span style=\"color: #008080;\">QUAN, ON I COMO SORGEIX LA IDEA?<\/span><\/strong><br \/>\n\u201c<strong>Bioo va n\u00e9ixer en somnis. La idea de generar electricitat de la natura em va despertar de matinada. A partir d&#8217;aqu\u00ed, vaig buscar ajuda i vaig engegar un prototip amb el suport d&#8217;un equip de voluntaris format per enginyers i cient\u00edfics d&#8217;empreses i universitats<\/strong>. Les bateries biol\u00f2giques en entorns controlats existeixen des dels anys 1970, per\u00f2 no es podien aplicar a sistemes oberts naturals perqu\u00e8 es contaminaven i, en poc temps, deixaven de funcionar. A Bioo, durant la nostra investigaci\u00f3 vam descobrir mecanismes per aconseguir que aix\u00f2 no pass\u00e9s. Els primers prototips funcionals els vam fer del 2014 al 2015. Del 2015 al 2017 vam fer els primers escalables en entorns exteriors en grans volums. I del 2017 al 2020, vam desenvolupar Bioo Panel i, posteriorment, Bioo Sensor, que continua funcionant avui dia.\u201d<\/p>\n<blockquote>\n<h4 style=\"color: #719f8c; text-align: center;\"><img decoding=\"async\" loading=\"lazy\" class=\"alignright wp-image-36642\" src=\"https:\/\/www.monempresarial.com\/wp-content\/uploads\/2022\/07\/icono-hojas.jpg\" alt=\"\" width=\"90\" height=\"98\" srcset=\"https:\/\/www.monempresarial.com\/wp-content\/uploads\/2022\/07\/icono-hojas.jpg 343w, https:\/\/www.monempresarial.com\/wp-content\/uploads\/2022\/07\/icono-hojas-277x300.jpg 277w\" sizes=\"(max-width: 90px) 100vw, 90px\" \/>&#8220;Bioo t\u00e9 com a missi\u00f3 crear les primeres ciutats biotecnol\u00f2giques de la hist\u00f2ria.&#8221;<\/h4>\n<\/blockquote>\n<p><img decoding=\"async\" loading=\"lazy\" class=\"aligncenter wp-image-37119 size-full\" src=\"https:\/\/www.monempresarial.com\/wp-content\/uploads\/2022\/07\/TITULO-2-cat.jpg\" alt=\"\" width=\"1276\" height=\"38\" srcset=\"https:\/\/www.monempresarial.com\/wp-content\/uploads\/2022\/07\/TITULO-2-cat.jpg 1276w, https:\/\/www.monempresarial.com\/wp-content\/uploads\/2022\/07\/TITULO-2-cat-300x9.jpg 300w, https:\/\/www.monempresarial.com\/wp-content\/uploads\/2022\/07\/TITULO-2-cat-1024x30.jpg 1024w, https:\/\/www.monempresarial.com\/wp-content\/uploads\/2022\/07\/TITULO-2-cat-300x9@2x.jpg 600w\" sizes=\"(max-width: 1276px) 100vw, 1276px\" \/><\/p>\n<p><img decoding=\"async\" loading=\"lazy\" class=\"aligncenter size-full wp-image-36689\" src=\"https:\/\/www.monempresarial.com\/wp-content\/uploads\/2022\/07\/EXIT.jpg\" alt=\"\" width=\"805\" height=\"482\" srcset=\"https:\/\/www.monempresarial.com\/wp-content\/uploads\/2022\/07\/EXIT.jpg 805w, https:\/\/www.monempresarial.com\/wp-content\/uploads\/2022\/07\/EXIT-300x180.jpg 300w, https:\/\/www.monempresarial.com\/wp-content\/uploads\/2022\/07\/EXIT-603x362.jpg 603w, https:\/\/www.monempresarial.com\/wp-content\/uploads\/2022\/07\/EXIT-333x200.jpg 333w, https:\/\/www.monempresarial.com\/wp-content\/uploads\/2022\/07\/EXIT-300x180@2x.jpg 600w\" sizes=\"(max-width: 805px) 100vw, 805px\" \/><\/p>\n<p><span style=\"color: #008080;\"><strong>QUINES CREU QUE HAN ESTAT LES RAONS DEL SE \u00c8XIT?<\/strong><\/span><br \/>\n\u201cBioo ofereix solucions totalment innovadores amb aplicacions que ni la pr\u00f2pia empresa sap, a hores d\u2019ara, a on ens portaran. A Bioo vol\u00edem alinear-nos amb la propera revoluci\u00f3 tecnol\u00f2gica, que sab\u00edem que era la biotecnol\u00f2gica; vol\u00edem ser-ne part. Per aix\u00f2 hem investigat i treballat en solucions transformadores i naturals en general. <strong>Tots volem un m\u00f3n modern fusionat amb la natura, no viure nom\u00e9s entre parets de formig\u00f3.<\/strong>\u201d<\/p>\n<p style=\"padding-left: 40px;\"><span style=\"color: #dead5d;\"><strong>1- EQUIP<\/strong><\/span><br \/>\n\u201cPer desenvolupar un projecte de les nostres caracter\u00edstiques <strong>necessites comptar amb els millors<\/strong>\u201d.<\/p>\n<p style=\"padding-left: 40px;\"><strong><span style=\"color: #dead5d;\">2- LEAN\/NO MALBARATAMENT<\/span><\/strong><br \/>\n\u201c\u00c9s dif\u00edcil definir qu\u00e8 \u00e9s el <strong>malbaratament<\/strong> en un <strong>projecte de recerca<\/strong>\u201d.<\/p>\n<p style=\"padding-left: 40px;\"><strong><span style=\"color: #dead5d;\">3- AGILITAT<\/span><\/strong><br \/>\n\u201cLa <strong>investigaci\u00f3<\/strong> \u00e9s <strong>lenta<\/strong>\u201d.<\/p>\n<p style=\"padding-left: 40px;\"><strong><span style=\"color: #dead5d;\">4- ALIANCES<\/span><\/strong><br \/>\n\u201cAl nostre sector hi ha molta competitivitat i molta filtraci\u00f3 d&#8217;informaci\u00f3&#8221;.<\/p>\n<p style=\"padding-left: 40px;\"><strong><span style=\"color: #dead5d;\">5- KNOW-HOW<\/span><\/strong><br \/>\n\u201cHem anat aprenent sobre la marxa. Estem creant nous sectors\u201d.<\/p>\n<p><span style=\"color: #008080;\"><b>QU\u00c8 VA SER EL M\u00c9S DIF\u00cdCIL I QUINS VAN SER ELS RECURSOS IMPRESCINDIBLES PER FER QUE EL PROJECTE S&#8217;ENLAIR\u00c9S?<\/b><\/span><br \/>\n\u201cEl m\u00e9s dif\u00edcil ha estat <strong>la cerca de finan\u00e7ament i aconseguir la confian\u00e7a dels inversors<\/strong>. Encara que mai no hem tingut gaire problema amb aix\u00f2, al m\u00f3n de la recerca biotecnol\u00f2gica i l&#8217;energia hi ha <strong>molta necessitat, molta pressa i molta confusi\u00f3.<\/strong>\u201d<\/p>\n<p><span style=\"color: #008080;\"><strong>SI POGU\u00c9S TORNAR ENRERE, PRENDRIA LES MATEIXES DECISIONS?<\/strong><\/span><br \/>\n\u201cCrec que <strong>ning\u00fa que hagi apr\u00e8s alguna cosa pel cam\u00ed prendria exactament les mateixes decisions<\/strong>. Tot i aix\u00f2, \u00e9s veritat que <strong>les m\u00e9s determinants no les canviaria.<\/strong>\u201d<\/p>\n<p><strong><span style=\"color: #008080;\">REPTES DE FUTUR<\/span><\/strong><br \/>\n\u201cAra per ara, <strong>estem concentrats en el primer llan\u00e7ament que fem dirigit al consumidor<\/strong>. Acabem de posar a la venda el nostre primer producte amb interruptor biol\u00f2gic: Bioo Lux, un producte que ens ofereix una nova manera de sentir i relacionar-nos amb la natura i que creiem que ser\u00e0 el primer d&#8217;una nova s\u00e8rie de productes que aplicaran la biotecnologia de la manera com ho fem ara. Bioo Lux simbolitza un pas m\u00e9s cap a la democratitzaci\u00f3 de la dom\u00f2tica a casa. <strong>A trav\u00e9s d&#8217;un llum que exerceix la funci\u00f3 de test, permet que la llum s&#8217;activi en tocar una planta<\/strong>. \u00c9s un producte de consum manufacturat amb materials nobles, d&#8217;origen natural i \u00e8tic que integra la darrera tecnologia desenvolupada per Bioo: l&#8217;interruptor biol\u00f2gic. <strong>Com que la pr\u00f2pia planta fa d&#8217;interruptor, i est\u00e0 creada amb materials nobles, eliminem pl\u00e0stic i generem una dom\u00f2tica molt m\u00e9s sostenible.\u201d<\/strong><\/p>\n<p><img decoding=\"async\" loading=\"lazy\" class=\"aligncenter wp-image-37121 size-full\" src=\"https:\/\/www.monempresarial.com\/wp-content\/uploads\/2022\/07\/el-cervell-1.jpg\" alt=\"\" width=\"1276\" height=\"38\" srcset=\"https:\/\/www.monempresarial.com\/wp-content\/uploads\/2022\/07\/el-cervell-1.jpg 1276w, https:\/\/www.monempresarial.com\/wp-content\/uploads\/2022\/07\/el-cervell-1-300x9.jpg 300w, https:\/\/www.monempresarial.com\/wp-content\/uploads\/2022\/07\/el-cervell-1-1024x30.jpg 1024w, https:\/\/www.monempresarial.com\/wp-content\/uploads\/2022\/07\/el-cervell-1-300x9@2x.jpg 600w\" sizes=\"(max-width: 1276px) 100vw, 1276px\" \/><\/p>\n<p><img decoding=\"async\" loading=\"lazy\" class=\"aligncenter size-full wp-image-37125\" src=\"https:\/\/www.monempresarial.com\/wp-content\/uploads\/2022\/07\/cuadro-cat-.jpg\" alt=\"\" width=\"693\" height=\"585\" srcset=\"https:\/\/www.monempresarial.com\/wp-content\/uploads\/2022\/07\/cuadro-cat-.jpg 693w, https:\/\/www.monempresarial.com\/wp-content\/uploads\/2022\/07\/cuadro-cat--300x253.jpg 300w, https:\/\/www.monempresarial.com\/wp-content\/uploads\/2022\/07\/cuadro-cat--72x60.jpg 72w, https:\/\/www.monempresarial.com\/wp-content\/uploads\/2022\/07\/cuadro-cat--300x253@2x.jpg 600w\" sizes=\"(max-width: 693px) 100vw, 693px\" \/><\/p>\n<p><img decoding=\"async\" loading=\"lazy\" class=\"aligncenter wp-image-37117 size-full\" src=\"https:\/\/www.monempresarial.com\/wp-content\/uploads\/2022\/07\/4TITULO-2-cat.jpg\" alt=\"\" width=\"1276\" height=\"38\" srcset=\"https:\/\/www.monempresarial.com\/wp-content\/uploads\/2022\/07\/4TITULO-2-cat.jpg 1276w, https:\/\/www.monempresarial.com\/wp-content\/uploads\/2022\/07\/4TITULO-2-cat-300x9.jpg 300w, https:\/\/www.monempresarial.com\/wp-content\/uploads\/2022\/07\/4TITULO-2-cat-1024x30.jpg 1024w, https:\/\/www.monempresarial.com\/wp-content\/uploads\/2022\/07\/4TITULO-2-cat-300x9@2x.jpg 600w\" sizes=\"(max-width: 1276px) 100vw, 1276px\" \/><\/p>\n<p><img decoding=\"async\" loading=\"lazy\" class=\"aligncenter wp-image-37136 \" src=\"https:\/\/www.monempresarial.com\/wp-content\/uploads\/2022\/07\/infografia-xifres-1.jpg\" alt=\"\" width=\"1120\" height=\"411\" srcset=\"https:\/\/www.monempresarial.com\/wp-content\/uploads\/2022\/07\/infografia-xifres-1.jpg 992w, https:\/\/www.monempresarial.com\/wp-content\/uploads\/2022\/07\/infografia-xifres-1-300x110.jpg 300w, https:\/\/www.monempresarial.com\/wp-content\/uploads\/2022\/07\/infografia-xifres-1-300x110@2x.jpg 600w\" sizes=\"(max-width: 1120px) 100vw, 1120px\" \/><\/p>\n<p>&nbsp;<\/p>\n<h2 style=\"text-align: center;\"><span style=\"color: #000000;\"><strong>LES LLI\u00c7ONS APRESES<\/strong><\/span><\/h2>\n<p>&nbsp;<\/p>\n<p><img decoding=\"async\" loading=\"lazy\" class=\"aligncenter wp-image-36658\" src=\"https:\/\/www.monempresarial.com\/wp-content\/uploads\/2022\/07\/bioo.jpg\" alt=\"\" width=\"561\" height=\"179\" srcset=\"https:\/\/www.monempresarial.com\/wp-content\/uploads\/2022\/07\/bioo.jpg 945w, https:\/\/www.monempresarial.com\/wp-content\/uploads\/2022\/07\/bioo-300x96.jpg 300w, https:\/\/www.monempresarial.com\/wp-content\/uploads\/2022\/07\/bioo-300x96@2x.jpg 600w\" sizes=\"(max-width: 561px) 100vw, 561px\" \/><\/p>\n<p><span style=\"color: #dead5d;\"><strong>UNA PROPOSTA SINGULAR<\/strong><\/span><br \/>\nEl panorama de l&#8217;emprenedoria a Espanya \u00e9s for\u00e7a din\u00e0mic pel nombre de projectes que veuen la llum cada any i per ser capa\u00e7 de captar volums de fons importants: 1.900 milions d&#8217;euros de capital risc el primer semestre del 2021 (un 280% m\u00e9s que en el mateix per\u00edode del 2020).<br \/>\nDes d&#8217;un punt de vista agregat, \u00e9s dels pocs sectors econ\u00f2mics en creixement franc, fins i tot en plena pand\u00e8mia. Un ecosistema cada cop m\u00e9s ampli i potent, unit al talent i a la bona base formativa dels emprenedors, completa aquesta visi\u00f3 optimista.<br \/>\nAmb car\u00e0cter general, els projectes de valor afegit que progressen responen a models consolidats (digitalitzaci\u00f3, IA, plataformes\u2026). \u00c9s a dir, innovacions que podrien qualificar-se com a incrementals, sense riscos ni desemborsaments elevats. Bioo, per\u00f2, \u00e9s un cas totalment diferent: <strong>innovaci\u00f3 rupturista desenvolupada aqu\u00ed per un equip amb un gran l\u00edder al capdavant<\/strong>.<br \/>\nLa seva missi\u00f3 \u00e9s produir electricitat de les plantes i transformar-la en aplicacions eficients, cosa que representa un repte enorme per a una <em>start-up<\/em> de recursos limitats en un entorn poc propici a aventures. S&#8217;enquadra en el complex\u00edssim sector biotecnol\u00f2gic, un fet que il\u00b7lustra encara m\u00e9s el m\u00e8rit del que s&#8217;ha aconseguit.<\/p>\n<p><strong><span style=\"color: #dead5d;\">ENDERROCAR MURS DES DEL PRINCIPI<\/span><\/strong><br \/>\nAquest trajecte recorregut des de la constituci\u00f3 no ha estat exempt de dificultats. A les pr\u00f2pies d&#8217;endinsar-se en tecnologies d&#8217;avantguarda, sense saber quins productes concrets podrien generar-se, s&#8217;hi han afegit d\u2019altres notables com ara la cancel\u00b7laci\u00f3 de les primeres comandes per culpa de la pand\u00e8mia que va exigir una reorientaci\u00f3 de les primeres aplicacions.<br \/>\nLa firma ha posat en pr\u00e0ctica una <strong>gran adaptabilitat<\/strong> al mercat en la recerca de nous negocis. En aquesta comesa, ha sabut demostrar compet\u00e8ncies valuoses com:<\/p>\n<ul>\n<li><strong>Paci\u00e8ncia: <\/strong>una cosa sorprenent en un entorn accelerat, \u201cagile\u201d.<\/li>\n<li><strong>Comprom\u00eds amb els seus accionistes: <\/strong>informaci\u00f3 regular i transpar\u00e8ncia no s\u00f3n tan habituals en la relaci\u00f3 dels emprenedors i els seus inversors.<\/li>\n<li><strong>Nivell de coneixements excel\u00b7lent i polivalent: <\/strong>malgrat la crisi, s&#8217;han mantingut els programes de desenvolupament recolzats en ajudes a l&#8217;R+D+I europees.<\/li>\n<li><strong>Manteniment del perfil comercial: <\/strong>cont\u00ednua identificaci\u00f3 de productes viables, cosa que l&#8217;allunya de la t\u00edpica <em>start-up<\/em> de base cient\u00edfica.<\/li>\n<li><strong>Valors de sostenibilitat s\u00f2lids: <\/strong>en totes les estrat\u00e8gies de desenvolupament de productes s&#8217;estan prioritzant les mesures de cura de la naturalesa.<\/li>\n<\/ul>\n<p><span style=\"color: #dead5d;\"><strong>EL PILAR IMPRESCINDIBLE<\/strong><\/span><br \/>\nL\u00f2gicament, situacions aix\u00ed nom\u00e9s es poden resoldre amb un lideratge robust: si \u00e9s dif\u00edcil separar un emprenedor del seu projecte, en el cas de Bioo aquesta tasca \u00e9s gaireb\u00e9 impossible. Pablo Vidarte \u00e9s un l\u00edder singular, que a m\u00e9s de comptar amb un nivell de coneixement a l&#8217;avantguarda de la seva activitat, t\u00e9 un gran prestigi internacional a la seva esfera d&#8217;actuaci\u00f3 que ha estat reconegut amb diverses distincions.<br \/>\nInnovaci\u00f3 disruptiva comandada per un l\u00edder carism\u00e0tic a Espanya? Sona estrany, sobretot si aquesta persona \u00e9s accessible, uneix al seu coneixement elevat una actitud humil que acompanya amb rols totalment infreq\u00fcents en un emprenedor: ser escriptor, pensador, amb sensibilitat per diversos temes rellevants per a la humanitat. Potser per aix\u00f2 tant ell com la seva firma han rebut m\u00e9s reconeixement exterior que no pas interior.<br \/>\nD&#8217;altra banda, no cal pensar que Bioo sigui un projecte exclusivament a la llinda del cient\u00edfic, perqu\u00e8 en el seu dia a dia han hagut d&#8217;optimitzar costos del producte, entrar en nous clients i sobreviure en un entorn hostil. No respon a aquest perfil t\u00f2pic massa freq\u00fcent a les empreses emergents nascudes en entorns cient\u00edfics o universitaris, les prioritats de les quals estan una mica allunyades de la realitat i de la generaci\u00f3 de negocis viables.<\/p>\n<p><strong><span style=\"color: #dead5d;\">CONCLUSI\u00d3<\/span><\/strong><br \/>\n<strong>Bioo pot ser un referent per a aquelles empreses emergents amb talent i valors que vulguin fer el salt a un altre estrat d&#8217;excel\u00b7l\u00e8ncia. Pot donar testimoni que \u00e9s possible i, de passada, fer-nos pensar que hi ha altres rutes per a l&#8217;emprenedoria amb valors.<\/strong><\/p>\n","protected":false},"excerpt":{"rendered":"<p>En aquest segon lliurament, presentem el cas de Bioo, una empresa que utilitza l&#8217;energia que genera la natura per mitj\u00e0 de bateries biol\u00f2giques. El seu objectiu? Liderar el canvi per un futur m\u00e9s verd, on la sostenibilitat sigui l&#8217;eix central i la tecnologia, l&#8217;eina principal per aconseguir-ho.<\/p>\n","protected":false},"author":36,"featured_media":37114,"comment_status":"closed","ping_status":"closed","sticky":false,"template":"","format":"standard","meta":{"_mi_skip_tracking":false,"mc4wp_mailchimp_campaign":[],"jnews-multi-image_gallery":[],"jnews_single_post":{"source_name":"","source_url":"","via_name":"","via_url":"","override_template":"0","override":[{"template":"1","single_blog_custom":"","parallax":"1","fullscreen":"1","layout":"right-sidebar","sidebar":"default-sidebar","second_sidebar":"default-sidebar","sticky_sidebar":"1","share_position":"bottom","share_float_style":"share-monocrhome","show_share_counter":"1","show_view_counter":"1","show_featured":"1","show_post_meta":"1","show_post_author":"1","show_post_author_image":"1","show_post_date":"1","post_date_format":"default","post_date_format_custom":"Y\/m\/d","show_post_category":"0","show_post_reading_time":"1","post_reading_time_wpm":"300","show_zoom_button":"0","zoom_button_out_step":"2","zoom_button_in_step":"3","show_post_tag":"1","show_prev_next_post":"0","show_popup_post":"1","number_popup_post":"2","show_author_box":"1","show_post_related":"1","show_inline_post_related":"1"}],"override_image_size":"0","image_override":[{"single_post_thumbnail_size":"crop-715","single_post_gallery_size":"crop-500"}],"trending_post":"0","trending_post_position":"meta","trending_post_label":"Trending","sponsored_post":"1","sponsored_post_label":"Patrocinat per","sponsored_post_name":"Consorci Zona Franca Barcelona","sponsored_post_url":"https:\/\/zfbarcelona.es\/ca\/","sponsored_post_logo_enable":"1","sponsored_post_logo":"40377","sponsored_post_desc":"","disable_ad":"0"},"jnews_primary_category":{"id":"10826","hide":""}},"categories":[10826,9,10820,10819,10473],"tags":[2853,6269,10592,181,826,931,1174],"_links":{"self":[{"href":"https:\/\/www.monempresarial.com\/ca\/wp-json\/wp\/v2\/posts\/36681"}],"collection":[{"href":"https:\/\/www.monempresarial.com\/ca\/wp-json\/wp\/v2\/posts"}],"about":[{"href":"https:\/\/www.monempresarial.com\/ca\/wp-json\/wp\/v2\/types\/post"}],"author":[{"embeddable":true,"href":"https:\/\/www.monempresarial.com\/ca\/wp-json\/wp\/v2\/users\/36"}],"replies":[{"embeddable":true,"href":"https:\/\/www.monempresarial.com\/ca\/wp-json\/wp\/v2\/comments?post=36681"}],"version-history":[{"count":5,"href":"https:\/\/www.monempresarial.com\/ca\/wp-json\/wp\/v2\/posts\/36681\/revisions"}],"predecessor-version":[{"id":46062,"href":"https:\/\/www.monempresarial.com\/ca\/wp-json\/wp\/v2\/posts\/36681\/revisions\/46062"}],"wp:featuredmedia":[{"embeddable":true,"href":"https:\/\/www.monempresarial.com\/ca\/wp-json\/wp\/v2\/media\/37114"}],"wp:attachment":[{"href":"https:\/\/www.monempresarial.com\/ca\/wp-json\/wp\/v2\/media?parent=36681"}],"wp:term":[{"taxonomy":"category","embeddable":true,"href":"https:\/\/www.monempresarial.com\/ca\/wp-json\/wp\/v2\/categories?post=36681"},{"taxonomy":"post_tag","embeddable":true,"href":"https:\/\/www.monempresarial.com\/ca\/wp-json\/wp\/v2\/tags?post=36681"}],"curies":[{"name":"wp","href":"https:\/\/api.w.org\/{rel}","templated":true}]}}