{"id":37161,"date":"2022-07-28T12:36:03","date_gmt":"2022-07-28T10:36:03","guid":{"rendered":"https:\/\/www.monempresarial.com\/2022\/07\/29\/perspectiva-del-trimestre-6\/"},"modified":"2025-09-24T10:50:59","modified_gmt":"2025-09-24T08:50:59","slug":"perspectiva-del-trimestre-6-2","status":"publish","type":"post","link":"https:\/\/www.monempresarial.com\/ca\/2022\/07\/28\/perspectiva-del-trimestre-6-2\/","title":{"rendered":"Perspectiva del trimestre"},"content":{"rendered":"<p><strong>La revisi\u00f3 de perspectives econ\u00f2miques publicada per l\u2019FMI a finals de juliol del 2022 incorpora a la ja tradicional refer\u00e8ncia a la incertesa el singular qualificatiu, gaireb\u00e9 pol\u00edticament incorrecte, d\u2019\u201combr\u00edvol\u201d per caracteritzar l\u2019escenari de cara al tercer trimestre d\u2019aquest any. <\/strong><\/p>\n<h4><span style=\"color: #829c92;\">JUAN TUGORES QUES.<\/span> Catedr\u00e0tic d\u2019Economia de la Universitat de Barcelona.<\/h4>\n<hr \/>\n<p>El quadre adjunt resumeix les dades i previsions, amb una estimaci\u00f3 pel 2022 que se situa ara al 2,2 (4 d\u00e8cimes menys que a la previsi\u00f3 d\u2019abril) i pel 2023 fins i tot una mica pitjor: un 2,9% (revisant a la baixa en 7 d\u00e8cimes l\u2019anterior projecci\u00f3).<br \/>\nEls ingredients principals d\u2019aquestes revisions a la baixa s\u00f3n les grans economies: les xifres per als Estats Units referides al 2022 s\u2019empitjoren en 1,4 punts, per a la Xina, en un 1,1%, i per a Alemanya, en 9 d\u00e8cimes. Aquests problemes simultanis als motors tradicionals de l\u2019economia mundial introdueixen una dimensi\u00f3 nova i delicada. Tot i els problemes de la Xina, el conjunt d\u2019economies emergents tornen a marcar un diferencial respecte del conjunt de les avan\u00e7ades que es revisa a l\u2019al\u00e7a, especialment pel 2023.<br \/>\nLa combinaci\u00f3 d\u2019incerteses i d\u2019impactes associats a les conseq\u00fc\u00e8ncies directes i indirectes de la situaci\u00f3 a Ucra\u00efna, amb els efectes dif\u00edcils d\u2019estimar d\u2019unes tensions inflacionistes que han condu\u00eft a canvis en les estrat\u00e8gies de pol\u00edtiques monet\u00e0ries inimaginables fa tan sols un parell d\u2019anys, aix\u00ed com a problemes importants en l\u2019economia real, incloses les dimensions energ\u00e8tiques i aliment\u00e0ries, conformen un escenari en qu\u00e8 apel\u00b7lar a dosis singulars d\u2019incertesa deixa de ser un t\u00f2pic per convertir-se en una descripci\u00f3 crua. Aix\u00ed mateix, les crides a mantenir oberts nivells de cooperaci\u00f3 supranacional encara que ara poden semblar m\u00e9s ut\u00f2pics, s\u00f3n tamb\u00e9 m\u00e9s imprescindibles que mai.<\/p>\n<p><img decoding=\"async\" loading=\"lazy\" class=\"aligncenter wp-image-37155 size-full\" src=\"https:\/\/www.monempresarial.com\/wp-content\/uploads\/2022\/07\/cuadro-cat.jpg\" alt=\"\" width=\"523\" height=\"485\" srcset=\"https:\/\/www.monempresarial.com\/wp-content\/uploads\/2022\/07\/cuadro-cat.jpg 523w, https:\/\/www.monempresarial.com\/wp-content\/uploads\/2022\/07\/cuadro-cat-300x278.jpg 300w\" sizes=\"(max-width: 523px) 100vw, 523px\" \/><\/p>\n","protected":false},"excerpt":{"rendered":"<p>La revisi\u00f3 de perspectives econ\u00f2miques publicada per l\u2019FMI a finals de juliol del 2022 incorpora a la ja tradicional refer\u00e8ncia a la incertesa el singular qualificatiu, gaireb\u00e9 pol\u00edticament incorrecte, d\u2019\u201combr\u00edvol\u201d per caracteritzar l\u2019escenari de cara al tercer trimestre d\u2019aquest any. JUAN TUGORES QUES. Catedr\u00e0tic d\u2019Economia de la Universitat de Barcelona. El quadre adjunt resumeix les [&hellip;]<\/p>\n","protected":false},"author":8,"featured_media":37159,"comment_status":"closed","ping_status":"closed","sticky":false,"template":"","format":"standard","meta":{"_mi_skip_tracking":false,"mc4wp_mailchimp_campaign":[],"jnews-multi-image_gallery":[],"jnews_single_post":[],"jnews_primary_category":[]},"categories":[9,10729],"tags":[328,1048,1865,5117,5905],"_links":{"self":[{"href":"https:\/\/www.monempresarial.com\/ca\/wp-json\/wp\/v2\/posts\/37161"}],"collection":[{"href":"https:\/\/www.monempresarial.com\/ca\/wp-json\/wp\/v2\/posts"}],"about":[{"href":"https:\/\/www.monempresarial.com\/ca\/wp-json\/wp\/v2\/types\/post"}],"author":[{"embeddable":true,"href":"https:\/\/www.monempresarial.com\/ca\/wp-json\/wp\/v2\/users\/8"}],"replies":[{"embeddable":true,"href":"https:\/\/www.monempresarial.com\/ca\/wp-json\/wp\/v2\/comments?post=37161"}],"version-history":[{"count":1,"href":"https:\/\/www.monempresarial.com\/ca\/wp-json\/wp\/v2\/posts\/37161\/revisions"}],"predecessor-version":[{"id":47544,"href":"https:\/\/www.monempresarial.com\/ca\/wp-json\/wp\/v2\/posts\/37161\/revisions\/47544"}],"wp:featuredmedia":[{"embeddable":true,"href":"https:\/\/www.monempresarial.com\/ca\/wp-json\/wp\/v2\/media\/37159"}],"wp:attachment":[{"href":"https:\/\/www.monempresarial.com\/ca\/wp-json\/wp\/v2\/media?parent=37161"}],"wp:term":[{"taxonomy":"category","embeddable":true,"href":"https:\/\/www.monempresarial.com\/ca\/wp-json\/wp\/v2\/categories?post=37161"},{"taxonomy":"post_tag","embeddable":true,"href":"https:\/\/www.monempresarial.com\/ca\/wp-json\/wp\/v2\/tags?post=37161"}],"curies":[{"name":"wp","href":"https:\/\/api.w.org\/{rel}","templated":true}]}}