{"id":37170,"date":"2022-07-29T13:16:22","date_gmt":"2022-07-29T11:16:22","guid":{"rendered":"https:\/\/www.monempresarial.com\/?p=37170"},"modified":"2025-09-24T10:50:46","modified_gmt":"2025-09-24T08:50:46","slug":"la-formacion-clave-para-la-transformacion-digital-2","status":"publish","type":"post","link":"https:\/\/www.monempresarial.com\/ca\/2022\/07\/29\/la-formacion-clave-para-la-transformacion-digital-2\/","title":{"rendered":"Formaci\u00f3 en temps \u2019incertesa<\/span>"},"content":{"rendered":"<h4 style=\"color: #602d11;\"><img decoding=\"async\" loading=\"lazy\" class=\"wp-image-37178 alignright\" src=\"https:\/\/www.monempresarial.com\/wp-content\/uploads\/2022\/07\/Almudena-Eizaguirre-logo-entrada-5-1.jpg\" alt=\"\" width=\"300\" height=\"489\" srcset=\"https:\/\/www.monempresarial.com\/wp-content\/uploads\/2022\/07\/Almudena-Eizaguirre-logo-entrada-5-1.jpg 824w, https:\/\/www.monempresarial.com\/wp-content\/uploads\/2022\/07\/Almudena-Eizaguirre-logo-entrada-5-1-184x300.jpg 184w, https:\/\/www.monempresarial.com\/wp-content\/uploads\/2022\/07\/Almudena-Eizaguirre-logo-entrada-5-1-628x1024.jpg 628w, https:\/\/www.monempresarial.com\/wp-content\/uploads\/2022\/07\/Almudena-Eizaguirre-logo-entrada-5-1-184x300@2x.jpg 368w\" sizes=\"(max-width: 300px) 100vw, 300px\" \/>Les successives crisis que estem vivint estan canviant el m\u00f3n, afectant la manera com ens interrelacionem, fem negocis i fins i tot ens formem. Si fins no fa gaire hi havia consens pel que fa a considerar que viv\u00edem en un entorn VUCA, fent refer\u00e8ncia a la volatilitat, incertesa, canvi i ambig\u00fcitat (per les seves inicials en angl\u00e8s), avui hem fet un pas endavant. Ens trobem en un nou escenari que s\u2019ha anomenat com a BANI, un acr\u00f2nim que en angl\u00e8s es refereix als moments trencadissos, ansiosos, no lineals i incomprensibles pels quals travessem.<\/h4>\n<h4><span style=\"color: #663300; font-weight: bold; text-transform: uppercase;\">Almudena Eizaguirre. <\/span><strong>Directora general de Deusto Business School.<\/strong><\/h4>\n<hr style=\"color: #b72126;\" \/>\n<p>Per\u00f2 VUCA i BANI mantenen una constant. I aquesta no \u00e9s cap altra que la de la necessitat de mantenir actualitzats els coneixements al llarg de tota la vida professional. A la velocitat amb qu\u00e8 es produeixen els canvis en la nostra societat, no sembla l\u00f2gic pensar que all\u00f2 que una persona va aprendre durant la seva carrera als vint-i-pocs anys segueixi plenament vigent i actualitzat vint o trenta anys despr\u00e9s.<\/p>\n<p>Per aix\u00f2, els termes <em>upskilling<\/em>, per\u00f2 sobretot<em> reskilling<\/em>, s\u00f3n en aquests moments una m\u00e0xima imprescindible per mantenir-se en un mercat laboral on ja queden lluny les \u00e8poques en qu\u00e8 les etapes de formaci\u00f3, treball i jubilaci\u00f3 estaven tan definides.<\/p>\n<p>I en aquest terreny les escoles de negocis hi juguem un paper decisiu. Ens trobem davant del repte de generar el coneixement i el pensament cr\u00edtic necessaris per afrontar el futur; d\u2019investigar i oferir la millor formaci\u00f3 adaptada a la nova realitat. Tenim el comprom\u00eds d\u2019acompanyar els participants dels nostres programes al llarg de tota la seva vida professional i d\u2019estar al seu costat cada vegada que necessiten incorporar noves compet\u00e8ncies i actualitzar coneixements.<\/p>\n<h2><span style=\"color: #602d11;\">Si la nostra tasca sempre ha estat rellevant, en aquests moments d\u2019incertesa encara ho \u00e9s m\u00e9s quant al repte de formar i acompanyar empreses i professionals en un m\u00f3n canviant, en un m\u00f3n BANI. Aix\u00f2 s\u00ed, tot aix\u00f2 sense perdre de vista una cosa fonamental que tamb\u00e9 forma part de la nostra missi\u00f3 i que \u00e9s la vocaci\u00f3 de contribuir, en col\u00b7laboraci\u00f3 amb altres agents, a un m\u00f3n m\u00e9s pr\u00f2sper, just i inclusiu.<\/span><\/h2>\n","protected":false},"excerpt":{"rendered":"<p>Les successives crisis que estem vivint estan canviant el m\u00f3n, afectant la manera com ens interrelacionem, fem negocis i fins i tot ens formem. Si fins no fa gaire hi havia consens pel que fa a considerar que viv\u00edem en un entorn VUCA, fent refer\u00e8ncia a la volatilitat, incertesa, canvi i ambig\u00fcitat (per les seves inicials en angl\u00e8s), avui hem fet un pas endavant. Ens trobem en un nou escenari que s\u2019ha anomenat com a BANI, un acr\u00f2nim que en angl\u00e8s es refereix als moments trencadissos, ansiosos, no lineals i incomprensibles pels quals travessem.<\/p>\n","protected":false},"author":53,"featured_media":37180,"comment_status":"closed","ping_status":"closed","sticky":false,"template":"","format":"standard","meta":{"_mi_skip_tracking":false,"mc4wp_mailchimp_campaign":[],"jnews-multi-image_gallery":[],"jnews_single_post":[],"jnews_primary_category":[]},"categories":[11,10817,37,10837,4718],"tags":[242,1964,1973,4059,7708,10615],"_links":{"self":[{"href":"https:\/\/www.monempresarial.com\/ca\/wp-json\/wp\/v2\/posts\/37170"}],"collection":[{"href":"https:\/\/www.monempresarial.com\/ca\/wp-json\/wp\/v2\/posts"}],"about":[{"href":"https:\/\/www.monempresarial.com\/ca\/wp-json\/wp\/v2\/types\/post"}],"author":[{"embeddable":true,"href":"https:\/\/www.monempresarial.com\/ca\/wp-json\/wp\/v2\/users\/53"}],"replies":[{"embeddable":true,"href":"https:\/\/www.monempresarial.com\/ca\/wp-json\/wp\/v2\/comments?post=37170"}],"version-history":[{"count":1,"href":"https:\/\/www.monempresarial.com\/ca\/wp-json\/wp\/v2\/posts\/37170\/revisions"}],"predecessor-version":[{"id":47542,"href":"https:\/\/www.monempresarial.com\/ca\/wp-json\/wp\/v2\/posts\/37170\/revisions\/47542"}],"wp:featuredmedia":[{"embeddable":true,"href":"https:\/\/www.monempresarial.com\/ca\/wp-json\/wp\/v2\/media\/37180"}],"wp:attachment":[{"href":"https:\/\/www.monempresarial.com\/ca\/wp-json\/wp\/v2\/media?parent=37170"}],"wp:term":[{"taxonomy":"category","embeddable":true,"href":"https:\/\/www.monempresarial.com\/ca\/wp-json\/wp\/v2\/categories?post=37170"},{"taxonomy":"post_tag","embeddable":true,"href":"https:\/\/www.monempresarial.com\/ca\/wp-json\/wp\/v2\/tags?post=37170"}],"curies":[{"name":"wp","href":"https:\/\/api.w.org\/{rel}","templated":true}]}}