{"id":37514,"date":"2022-10-06T09:00:30","date_gmt":"2022-10-06T07:00:30","guid":{"rendered":"https:\/\/www.monempresarial.com\/?p=37514"},"modified":"2025-06-06T09:55:00","modified_gmt":"2025-06-06T07:55:00","slug":"encara-no-coneixes-el-servei-cidoempreses","status":"publish","type":"post","link":"https:\/\/www.monempresarial.com\/ca\/2022\/10\/06\/encara-no-coneixes-el-servei-cidoempreses\/","title":{"rendered":"Encara no coneixes el servei CIDOEmpreses?"},"content":{"rendered":"<h2><strong>El portal web CIDO, de la Diputaci\u00f3 Barcelona, amplia els seus serveis dirigits a les empreses<\/strong><\/h2>\n<p><strong>Amb la voluntat de facilitar un acc\u00e9s r\u00e0pid i gratu\u00eft als recursos econ\u00f2mics i d\u2019informaci\u00f3 que el sector p\u00fablic posa a disposici\u00f3 de les empreses de Catalunya, la Diputaci\u00f3 de Barcelona ha desenvolupat el servei CIDOEmpreses, que forma part del Cercador d\u2019Informaci\u00f3 i Documentaci\u00f3 Oficials (CIDO).<\/strong><\/p>\n<hr \/>\n<p><strong><a href=\"https:\/\/cido.diba.cat\/subscripcio-cido-empreses\" target=\"_blank\" rel=\"noopener\">CIDOEmprese<\/a>s<\/strong> dona acc\u00e9s als ajuts convocats per les institucions del sector p\u00fablic i tamb\u00e9 informa sobre les seves necessitats de compra de b\u00e9ns i contractaci\u00f3 de serveis. A m\u00e9s, proporciona la normativa local reguladora de les activitats econ\u00f2miques i els convenis col\u00b7lectius.<br \/>\nLes empreses subscrites a aquest servei del CIDO reben alertes personalitzades en funci\u00f3 de la seva mida (pimes, professionals, aut\u00f2noms, etc.), de la seva activitat empresarial (b\u00e9ns i\/o serveis que comercialitzen i\/o produeixen) i de la seva localitzaci\u00f3. I en base a aquest darrer par\u00e0metre, el CIDO selecciona espec\u00edficament els ajuts i la normativa de les institucions p\u00fabliques que donin servei al territori on estigui ubicat el negoci.<br \/>\nD\u2019altra banda, CIDOEmpreses s\u2019adre\u00e7a tamb\u00e9 a totes aquelles institucions p\u00fabliques i privades compromeses amb l\u2019assessorament i l\u2019acompanyament al teixit empresarial, que poden actuar com a prescriptors o intermediaris.<\/p>\n<figure id=\"attachment_37486\" aria-describedby=\"caption-attachment-37486\" style=\"width: 1134px\" class=\"wp-caption aligncenter\"><img decoding=\"async\" loading=\"lazy\" class=\"size-full wp-image-37486\" src=\"https:\/\/www.monempresarial.com\/wp-content\/uploads\/2022\/09\/CIDO-web.jpg\" alt=\"\" width=\"1134\" height=\"694\" srcset=\"https:\/\/www.monempresarial.com\/wp-content\/uploads\/2022\/09\/CIDO-web.jpg 1134w, https:\/\/www.monempresarial.com\/wp-content\/uploads\/2022\/09\/CIDO-web-300x184.jpg 300w, https:\/\/www.monempresarial.com\/wp-content\/uploads\/2022\/09\/CIDO-web-1024x627.jpg 1024w, https:\/\/www.monempresarial.com\/wp-content\/uploads\/2022\/09\/CIDO-web-300x184@2x.jpg 600w\" sizes=\"(max-width: 1134px) 100vw, 1134px\" \/><figcaption id=\"caption-attachment-37486\" class=\"wp-caption-text\"><em>CIDO \u00e9s la plataforma on trobar la informaci\u00f3 del sector p\u00fablic que afecta Catalunya \/ Diputaci\u00f3 de Barcelona<\/em><\/figcaption><\/figure>\n<p><span style=\"color: #cc0e44;\"><strong>UN \u00daNIC CERCADOR<\/strong><\/span><br \/>\nCreat fa m\u00e9s de 25 anys, el CIDO treballa per difondre i facilitar l\u2019acc\u00e9s a la informaci\u00f3 publicada als diaris i butlletins oficials, aix\u00ed com a d\u2019altres fonts oficials, que afecten l\u2019\u00e0mbit territorial catal\u00e0; i no nom\u00e9s per a les empreses, sin\u00f3 tamb\u00e9 per a la ciutadania. \u00c9s per aix\u00f2 que la plataforma reuneix de manera organitzada i funcional la informaci\u00f3 de l\u2019administraci\u00f3 p\u00fablica del territori en un \u00fanic cercador.<br \/>\nEn concret, el CIDO vol ser un servei de difusi\u00f3 de la informaci\u00f3 p\u00fablica, de qualitat, per garantir a tots els ciutadans el dret i el lliure acc\u00e9s a aquesta informaci\u00f3, i aix\u00ed contribuir, tamb\u00e9, a la transpar\u00e8ncia en l\u2019\u00e0mbit de l\u2019administraci\u00f3 p\u00fablica.<br \/>\nD\u2019aquesta plataforma destaca l\u2019entorn d\u2019usuari <em>El meu CIDO<\/em>, que facilita la consulta de la informaci\u00f3 que recull el cercador: d\u2019una banda, permet desar les cerques m\u00e9s freq\u00fcents o una fitxa espec\u00edfica, per exemple; i de l\u2019altra, ofereix l\u2019opci\u00f3 d\u2019activar un servei molt \u00fatil d\u2019alertes de novetats via correu electr\u00f2nic.<br \/>\nEn l\u00ednia amb l\u2019aposta de la Diputaci\u00f3 de Barcelona per posar les seves dades en obert, des del CIDO es facilita tamb\u00e9 l\u2019explotaci\u00f3 directa d\u2019aquestes dades, tant les de la mateixa Diputaci\u00f3 com les d\u2019altres organismes p\u00fablics, a p\u00e0gines web que necessitin oferir aquesta informaci\u00f3: <a href=\"https:\/\/dadesobertes.diba.cat\/dades-obertes\/documentacio-tecnica\/api-cido.\" target=\"_blank\" rel=\"noopener\">https:\/\/dadesobertes.diba.cat\/dades-obertes\/documentacio-tecnica\/api-cido.<\/a><br \/>\n<strong>M\u00e9s informaci\u00f3 a <a href=\"https:\/\/cido.diba.cat\/\" target=\"_blank\" rel=\"noopener\">cido.diba.cat<\/a><\/strong><\/p>\n<p><em>Aquesta acci\u00f3 de la Diputaci\u00f3 de Barcelona respon als Objectius de Desenvolupament Sostenible (ODS). Els<strong>\u00a0<\/strong>17 ODS van ser proclamats per l\u2019Assemblea General de Nacions Unides el 25 de setembre de 2015 i formen part de l\u2019Agenda global per a 2030. La Diputaci\u00f3 de Barcelona n\u2019assumeix el compliment i desplega la seva acci\u00f3 de suport als governs locals de la prov\u00edncia d\u2019acord amb aquests ODS.<\/em><\/p>\n<p><strong>Contingut ofert per la Diputaci\u00f3 de Barcelona<\/strong><\/p>\n","protected":false},"excerpt":{"rendered":"<p>El portal web CIDO, de la Diputaci\u00f3 Barcelona, amplia els seus serveis dirigits a les empreses<\/p>\n","protected":false},"author":1,"featured_media":37488,"comment_status":"closed","ping_status":"closed","sticky":false,"template":"","format":"standard","meta":{"_mi_skip_tracking":false,"mc4wp_mailchimp_campaign":[],"jnews-multi-image_gallery":[],"jnews_single_post":[],"jnews_primary_category":[]},"categories":[5694,10820,10821,10825,10],"tags":[1174,6011,10533,10625],"_links":{"self":[{"href":"https:\/\/www.monempresarial.com\/ca\/wp-json\/wp\/v2\/posts\/37514"}],"collection":[{"href":"https:\/\/www.monempresarial.com\/ca\/wp-json\/wp\/v2\/posts"}],"about":[{"href":"https:\/\/www.monempresarial.com\/ca\/wp-json\/wp\/v2\/types\/post"}],"author":[{"embeddable":true,"href":"https:\/\/www.monempresarial.com\/ca\/wp-json\/wp\/v2\/users\/1"}],"replies":[{"embeddable":true,"href":"https:\/\/www.monempresarial.com\/ca\/wp-json\/wp\/v2\/comments?post=37514"}],"version-history":[{"count":1,"href":"https:\/\/www.monempresarial.com\/ca\/wp-json\/wp\/v2\/posts\/37514\/revisions"}],"predecessor-version":[{"id":46059,"href":"https:\/\/www.monempresarial.com\/ca\/wp-json\/wp\/v2\/posts\/37514\/revisions\/46059"}],"wp:featuredmedia":[{"embeddable":true,"href":"https:\/\/www.monempresarial.com\/ca\/wp-json\/wp\/v2\/media\/37488"}],"wp:attachment":[{"href":"https:\/\/www.monempresarial.com\/ca\/wp-json\/wp\/v2\/media?parent=37514"}],"wp:term":[{"taxonomy":"category","embeddable":true,"href":"https:\/\/www.monempresarial.com\/ca\/wp-json\/wp\/v2\/categories?post=37514"},{"taxonomy":"post_tag","embeddable":true,"href":"https:\/\/www.monempresarial.com\/ca\/wp-json\/wp\/v2\/tags?post=37514"}],"curies":[{"name":"wp","href":"https:\/\/api.w.org\/{rel}","templated":true}]}}