{"id":37562,"date":"2022-10-05T09:00:14","date_gmt":"2022-10-05T07:00:14","guid":{"rendered":"https:\/\/www.monempresarial.com\/?p=37562"},"modified":"2025-06-06T09:55:12","modified_gmt":"2025-06-06T07:55:12","slug":"telecos-cat-obre-cami-cap-a-una-societat-digital-mes-etica-i-segura","status":"publish","type":"post","link":"https:\/\/www.monempresarial.com\/ca\/2022\/10\/05\/telecos-cat-obre-cami-cap-a-una-societat-digital-mes-etica-i-segura\/","title":{"rendered":"Telecos.cat celebra la jornada de Sant Gabriel amb la mirada posada en aconseguir una societat digital m\u00e9s \u00e8tica i segura"},"content":{"rendered":"<h3>La celebraci\u00f3 del patr\u00f3 de la professi\u00f3, que va cloure el nou president delegat de l\u2019\u00c0rea d\u2019Innovaci\u00f3 de la Diputaci\u00f3 de Barcelona, Marc Verdaguer, tamb\u00e9 va acollir el lliurament dels primers premis Sant Gabriel als enginyers Ramon Pallisa i Joan Gir\u00f3.<\/h3>\n<p><img decoding=\"async\" loading=\"lazy\" class=\"wp-image-37563 aligncenter\" src=\"https:\/\/www.monempresarial.com\/wp-content\/uploads\/2022\/10\/logo-telecos.jpg\" alt=\"\" width=\"314\" height=\"105\" srcset=\"https:\/\/www.monempresarial.com\/wp-content\/uploads\/2022\/10\/logo-telecos.jpg 736w, https:\/\/www.monempresarial.com\/wp-content\/uploads\/2022\/10\/logo-telecos-300x100.jpg 300w, https:\/\/www.monempresarial.com\/wp-content\/uploads\/2022\/10\/logo-telecos-300x100@2x.jpg 600w\" sizes=\"(max-width: 314px) 100vw, 314px\" \/><\/p>\n<hr \/>\n<p>El passat 30 de setembre,<strong> l\u2019Associaci\u00f3 Catalana d\u2019Enginyeria de Telecomunicaci\u00f3 i Tecnologies Digitals<\/strong> (Telecos.cat), va celebrar un any m\u00e9s la jornada de Sant Gabriel (patr\u00f3 de la professi\u00f3) a l\u2019Espai Francesca Bonnemaison (un marc simb\u00f2lic ja que va ser la primera seu a Barcelona de l\u2019Escola de Telecomunicacions). En aquesta ocasi\u00f3, el lema que encap\u00e7alava la cita, que es va retransmetre en directe per Internet (<a href=\"https:\/\/youtu.be\/zeg9xUy4H0c?t=87\">v\u00eddeo \u00edntegre aqu\u00ed<\/a>) i Fibracat TV, fou <strong>\u201cCap a una societat digital m\u00e9s \u00e8tica i segura\u201d. <\/strong>La jornada servia aix\u00ed per oferir una visi\u00f3 transversal dels reptes i desafiaments que la r\u00e0pida irrupci\u00f3 de les tecnologies digitals est\u00e0 suposant per a la societat i per incidir en la necessitat d\u2019imposar una component \u00e8tica a l\u2019hora d\u2019implementar els algoritmes d\u2019Intel\u00b7lig\u00e8ncia Artificial (IA), en el funcionament de les xarxes socials, en les normatives laborals i empresarials, en la privacitat i la ciberseguretat. Tot plegat, en definitiva, per gaudir al m\u00f3n digital dels mateixos drets i deures que ja tenim en el m\u00f3n anal\u00f2gic.<\/p>\n<p><img decoding=\"async\" loading=\"lazy\" class=\"aligncenter wp-image-37609\" src=\"https:\/\/www.monempresarial.com\/wp-content\/uploads\/2022\/10\/52394638949_de17e79da7_k-1.jpg\" alt=\"\" width=\"1108\" height=\"740\" srcset=\"https:\/\/www.monempresarial.com\/wp-content\/uploads\/2022\/10\/52394638949_de17e79da7_k-1-1024x684@2x.jpg 2048w, https:\/\/www.monempresarial.com\/wp-content\/uploads\/2022\/10\/52394638949_de17e79da7_k-1-300x200.jpg 300w, https:\/\/www.monempresarial.com\/wp-content\/uploads\/2022\/10\/52394638949_de17e79da7_k-1-1024x684.jpg 1024w, https:\/\/www.monempresarial.com\/wp-content\/uploads\/2022\/10\/52394638949_de17e79da7_k-1-1536x1025.jpg 1536w, https:\/\/www.monempresarial.com\/wp-content\/uploads\/2022\/10\/52394638949_de17e79da7_k-1-252x167.jpg 252w, https:\/\/www.monempresarial.com\/wp-content\/uploads\/2022\/10\/52394638949_de17e79da7_k-1-300x200@2x.jpg 600w\" sizes=\"(max-width: 1108px) 100vw, 1108px\" \/><\/p>\n<p>&nbsp;<\/p>\n<p>Despr\u00e9s de les paraules de benvinguda del president de Teleco.cat, <strong>Pedro Linares<\/strong>, i de la directora de Societat Digital de la Generalitat de Catalunya, <strong>Joana Barbany,<\/strong> la jornada va arrencar amb la confer\u00e8ncia inaugural del president de la Fundaci\u00f3 puntCAT, <strong>Gen\u00eds Roca. <\/strong>Sota el t\u00edtol de <strong>\u201cSocietat digital: drets, deures i lluites\u201d, <\/strong>Roca va constatar com \u201cla tecnologia ha perm\u00e8s massificar la gesti\u00f3 de la informaci\u00f3, una massificaci\u00f3 que comporta una vulnerabilitat dels drets digitals\u201d. Per aix\u00f2, va afegir: \u201cNecessitem discutir com s&#8217;estructura aquesta informaci\u00f3. Cal una lluita en defensa dels nostres drets. Com a ciutadans hem d&#8217;organitzar-nos per dissenyar un nou model social basat en la informaci\u00f3\u201d.<\/p>\n<p>A continuaci\u00f3, es van impartir dues pon\u00e8ncies presentades per l\u2019enginyer de Telecomunicaci\u00f3 i fundador d\u2019Agile611, <strong>Guillem Hern\u00e1ndez<\/strong>. La primera a intervenir va ser <strong>Karina Gibert<\/strong>, directora de l\u2019IDEAI-UPC i vicedegana d\u2019Igualtat i \u00c8tica del COEINF, que va centrar la seva presentaci\u00f3 en la necessitat d\u2019apostar per \u201cuna Intel\u00b7lig\u00e8ncia Artificial centrada en les persones i el b\u00e9 com\u00fa, segura i confiable, i amb un respecte absolut pels drets humans\u201d. Tot seguit fou el torn de <strong>M\u00edriam Hatibi,<\/strong> consultora de comunicaci\u00f3 a Sibilare, qui va posar diversos exemples de discriminaci\u00f3 racial algor\u00edtmica i va reclamar actuar contra el biaix social que hi ha a tots els canals digitals. Per a Hatibi, cal que \u201cdes de la capacitat cr\u00edtica individual i la responsabilitat individual i col\u00b7lectiva\u201d, es faci un \u00fas \u00e8tic de plataformes i algoritmes.<\/p>\n<p><img decoding=\"async\" loading=\"lazy\" class=\"aligncenter wp-image-37603\" src=\"https:\/\/www.monempresarial.com\/wp-content\/uploads\/2022\/10\/52394334471_e5b0d38ed3_k-1.jpg\" alt=\"\" width=\"889\" height=\"594\" srcset=\"https:\/\/www.monempresarial.com\/wp-content\/uploads\/2022\/10\/52394334471_e5b0d38ed3_k-1-1024x684@2x.jpg 2048w, https:\/\/www.monempresarial.com\/wp-content\/uploads\/2022\/10\/52394334471_e5b0d38ed3_k-1-300x200.jpg 300w, https:\/\/www.monempresarial.com\/wp-content\/uploads\/2022\/10\/52394334471_e5b0d38ed3_k-1-1024x684.jpg 1024w, https:\/\/www.monempresarial.com\/wp-content\/uploads\/2022\/10\/52394334471_e5b0d38ed3_k-1-1536x1025.jpg 1536w, https:\/\/www.monempresarial.com\/wp-content\/uploads\/2022\/10\/52394334471_e5b0d38ed3_k-1-252x167.jpg 252w, https:\/\/www.monempresarial.com\/wp-content\/uploads\/2022\/10\/52394334471_e5b0d38ed3_k-1-300x200@2x.jpg 600w\" sizes=\"(max-width: 889px) 100vw, 889px\" \/><\/p>\n<p>La ciberseguretat va centrar les dues pon\u00e8ncies posteriors, amb les intervencions del catedr\u00e0tic de la UPC i expert en la mat\u00e8ria, <strong>Manel Medina,<\/strong> i de <strong>Francesc Xavier Vendrell,<\/strong> consultor s\u00e8nior en seguretat de les dades a Parlem Empreses. Medina va oferir un dec\u00e0leg \u00e8tic per als professionals de la ciberseguretat i va exposar com, des del tractament de les dades personals fins a la programaci\u00f3, aquest ha de regir totes les seves actuacions. Francesc Xavier Vendrell, de la seva banda, va presentar algunes dades preocupants: com el fet que l\u2019estat espanyol se situ\u00ef en la tercera posici\u00f3 del r\u00e0nquing mundial pel que fa al n\u00famero de ciberatacs diaris (40.000) i que en el 95% dels casos aquests es deguin a errors humans.<\/p>\n<p>La darrera presentaci\u00f3 va anar a c\u00e0rrec de <strong>Joana Mar\u00ed,<\/strong> delegada de Protecci\u00f3 de Dades i Responsable de Projectes Estrat\u00e8gics de l\u2019Autoritat Catalana de Protecci\u00f3 de Dades de la Generalitat. Mar\u00ed va exposar com, en un context de digitalitzaci\u00f3 absoluta, \u201cen una societat on tot es converteix en dades, en informaci\u00f3 de valor i utilitzable, el dret a la protecci\u00f3 de dades es configura com una eina indispensable per protegir el conjunt de drets i llibertats de les persones\u201d.<\/p>\n<p><img decoding=\"async\" loading=\"lazy\" class=\"aligncenter wp-image-37607\" src=\"https:\/\/www.monempresarial.com\/wp-content\/uploads\/2022\/10\/52394634724_7cd20f27a3_k-1.jpg\" alt=\"\" width=\"990\" height=\"661\" srcset=\"https:\/\/www.monempresarial.com\/wp-content\/uploads\/2022\/10\/52394634724_7cd20f27a3_k-1-1024x684@2x.jpg 2048w, https:\/\/www.monempresarial.com\/wp-content\/uploads\/2022\/10\/52394634724_7cd20f27a3_k-1-300x200.jpg 300w, https:\/\/www.monempresarial.com\/wp-content\/uploads\/2022\/10\/52394634724_7cd20f27a3_k-1-1024x684.jpg 1024w, https:\/\/www.monempresarial.com\/wp-content\/uploads\/2022\/10\/52394634724_7cd20f27a3_k-1-1536x1025.jpg 1536w, https:\/\/www.monempresarial.com\/wp-content\/uploads\/2022\/10\/52394634724_7cd20f27a3_k-1-252x167.jpg 252w, https:\/\/www.monempresarial.com\/wp-content\/uploads\/2022\/10\/52394634724_7cd20f27a3_k-1-300x200@2x.jpg 600w\" sizes=\"(max-width: 990px) 100vw, 990px\" \/><\/p>\n<p><strong>DUES TRAJECT\u00d2RIES EXEMPLARS<\/strong><br \/>\nLa celebraci\u00f3 de Sant Gabriel va acollir a continuaci\u00f3 <strong>l\u2019acte de benvinguda a una representaci\u00f3 dels nous membres de Telecos.cat<\/strong> i el <strong>lliurament dels primers premis Sant Gabriel<\/strong> que atorga el col\u00b7lectiu, un reconeixement a persones que per la seva traject\u00f2ria han contribu\u00eft de manera notable a potenciar el sector de les telecomunicacions i les TIC a casa nostra. Els mereixedors d\u2019aquests guardons van ser <strong>els enginyers Ramon Pallisa i Joan Gir\u00f3<\/strong>, que van rebre el premi de mans del president de Telecos.cat, Pedro Linares, acompanyat de <strong>N\u00faria Espuny,<\/strong> directora general d&#8217;Administraci\u00f3 Digital i d\u2019Organitzaci\u00f3 de la Generalitat, i de <strong>Meritxell Borr\u00e0s,<\/strong> directora de l&#8217;Autoritat Catalana de Protecci\u00f3 de Dades, aix\u00ed com de <strong>Francisco Mart\u00edn<\/strong>, director territorial de Teldat, i de <strong>Montserrat Cereza,<\/strong> directora Territorial de Relacions Institucionals a Catalunya i Arag\u00f3 d\u2019Orange Espanya.<\/p>\n<p>Les paraules del nou president delegat de l\u2019\u00c0rea d\u2019Innovaci\u00f3, Governs Locals i Cohesi\u00f3 Territorial de la Diputaci\u00f3 de Barcelona, <strong>Marc Verdaguer, <\/strong>sobre el paper d\u2019aliada que ha de jugar la tecnologia en la nostra transformaci\u00f3 com a individus i com a societat van servir per cloure la jornada.<\/p>\n<p>Despr\u00e9s de dos anys en qu\u00e8 les restriccions per la COVID ho impedien, Telecos.cat va recuperar la tradici\u00f3 de culminar la celebraci\u00f3 de Sant Gabriel amb una intensa sessi\u00f3 de <em>networking<\/em> acompanyada d\u2019una copa de cava a la terrassa de l\u2019emblem\u00e0tic Espai Bonnemaison.<\/p>\n<p><strong>\u00a0<\/strong><b>Galeria fotogr\u00e0fica: <\/b>David Oller<\/p>\n","protected":false},"excerpt":{"rendered":"<p>La trobada, que va cloure el nou president delegat de l\u2019\u00c0rea d\u2019Innovaci\u00f3 de la Diputaci\u00f3 de BCN, Marc Verdaguer, tamb\u00e9 va acollir el lliurament dels primers premis Sant Gabriel als enginyers Ramon Pallisa i Joan Gir\u00f3<\/p>\n","protected":false},"author":1,"featured_media":37580,"comment_status":"open","ping_status":"open","sticky":false,"template":"","format":"standard","meta":{"_mi_skip_tracking":false,"mc4wp_mailchimp_campaign":[],"jnews-multi-image_gallery":[],"jnews_single_post":[],"jnews_primary_category":[]},"categories":[5694,10820,10821,10,10825],"tags":[4282,4953,5144,5153,6020,10630,10631],"_links":{"self":[{"href":"https:\/\/www.monempresarial.com\/ca\/wp-json\/wp\/v2\/posts\/37562"}],"collection":[{"href":"https:\/\/www.monempresarial.com\/ca\/wp-json\/wp\/v2\/posts"}],"about":[{"href":"https:\/\/www.monempresarial.com\/ca\/wp-json\/wp\/v2\/types\/post"}],"author":[{"embeddable":true,"href":"https:\/\/www.monempresarial.com\/ca\/wp-json\/wp\/v2\/users\/1"}],"replies":[{"embeddable":true,"href":"https:\/\/www.monempresarial.com\/ca\/wp-json\/wp\/v2\/comments?post=37562"}],"version-history":[{"count":1,"href":"https:\/\/www.monempresarial.com\/ca\/wp-json\/wp\/v2\/posts\/37562\/revisions"}],"predecessor-version":[{"id":46060,"href":"https:\/\/www.monempresarial.com\/ca\/wp-json\/wp\/v2\/posts\/37562\/revisions\/46060"}],"wp:featuredmedia":[{"embeddable":true,"href":"https:\/\/www.monempresarial.com\/ca\/wp-json\/wp\/v2\/media\/37580"}],"wp:attachment":[{"href":"https:\/\/www.monempresarial.com\/ca\/wp-json\/wp\/v2\/media?parent=37562"}],"wp:term":[{"taxonomy":"category","embeddable":true,"href":"https:\/\/www.monempresarial.com\/ca\/wp-json\/wp\/v2\/categories?post=37562"},{"taxonomy":"post_tag","embeddable":true,"href":"https:\/\/www.monempresarial.com\/ca\/wp-json\/wp\/v2\/tags?post=37562"}],"curies":[{"name":"wp","href":"https:\/\/api.w.org\/{rel}","templated":true}]}}