{"id":37693,"date":"2022-11-06T09:00:10","date_gmt":"2022-11-06T08:00:10","guid":{"rendered":"https:\/\/www.monempresarial.com\/2022\/10\/11\/la-ambidestreza-de-la-empresa-familiar\/"},"modified":"2025-09-24T10:49:30","modified_gmt":"2025-09-24T08:49:30","slug":"lambidestresa-de-lempresa-familiar","status":"publish","type":"post","link":"https:\/\/www.monempresarial.com\/ca\/2022\/11\/06\/lambidestresa-de-lempresa-familiar\/","title":{"rendered":">L\u2019ambidestresa de l\u2019empresa familiar"},"content":{"rendered":"<h4 style=\"color: #602d11;\"><strong><img decoding=\"async\" loading=\"lazy\" class=\"alignright wp-image-37689\" src=\"https:\/\/www.monempresarial.com\/wp-content\/uploads\/2022\/10\/Diana-Filipescu-gris.jpg\" alt=\"\" width=\"180\" height=\"266\" srcset=\"https:\/\/www.monempresarial.com\/wp-content\/uploads\/2022\/10\/Diana-Filipescu-gris.jpg 680w, https:\/\/www.monempresarial.com\/wp-content\/uploads\/2022\/10\/Diana-Filipescu-gris-203x300.jpg 203w, https:\/\/www.monempresarial.com\/wp-content\/uploads\/2022\/10\/Diana-Filipescu-gris-203x300@2x.jpg 406w\" sizes=\"(max-width: 180px) 100vw, 180px\" \/>La internacionalitzaci\u00f3 de les empreses i les innovacions tecnol\u00f2giques ha<span style=\"color: #602d11;\">n estat<\/span> reconegudes com les fonts de creixement i rendiment empresarial principals. <\/strong><\/h4>\n<h4><span style=\"color: #663300; font-weight: bold; text-transform: uppercase;\"><strong>diana a. fili<span style=\"color: #663300;\">pescu<\/span>. <\/strong><\/span><strong>PhD. Professora investigadora de Negocis Internacionals a TBS Education &#8211; Barcelona.<\/strong><\/h4>\n<hr style=\"color: #b72126;\" \/>\n<p><span style=\"color: #602d11;\"><strong>Exploraci\u00f3 vs. explotaci\u00f3.<\/strong><\/span> Les innovacions tecnol\u00f2giques s\u00f3n una font d&#8217;avantatge competitiu per a la internacionalitzaci\u00f3 de les empreses que representen principalment l&#8217;exploraci\u00f3 de nous coneixements, l&#8217;experimentaci\u00f3 i el descobriment de productes. L&#8217;explotaci\u00f3 fa refer\u00e8ncia als esfor\u00e7os de les empreses de selecci\u00f3 i implementaci\u00f3 per internacionalitzar els seus productes, aconseguir economies d&#8217;abast i recuperar la inversi\u00f3 inicial d\u2019R+D. L&#8217;exploraci\u00f3 i l&#8217;explotaci\u00f3 s\u00f3n complement\u00e0ries i poden coincidir en una organitzaci\u00f3, per\u00f2 les capacitats i els objectius de cada empresa s\u00f3n diferents, cosa que dificulta la integraci\u00f3 de les dues pr\u00e0ctiques. Aquesta ambidestresa requereix que les empreses desenvolupin un context organitzatiu de suport que fomenti la participaci\u00f3 simult\u00e0nia en la internacionalitzaci\u00f3 i les innovacions tecnol\u00f2giques.<\/p>\n<p><span style=\"color: #602d11;\"><strong>Caracter\u00edstiques de les empreses familiars.<\/strong><\/span> Les opinions varien quant a l&#8217;exercici internacional i\/o innovador de les empreses familiars. D&#8217;una banda, es consideren adverses al risc, amb restriccions de capital i un control compartit que en limita m\u00e9s les preses de decisions. Semblen actuar de manera m\u00e9s conservadora per tal de preservar la identitat social de l&#8217;empresa i la riquesa socioemocional. Tot i aix\u00f2, el mateix fet de pert\u00e0nyer a una fam\u00edlia ja \u00e9s un recurs intangible. Atributs com les relacions de confian\u00e7a i l&#8217;orientaci\u00f3 a llarg termini els confereixen una capacitat m\u00e9s gran per invertir en R+D, la qual cosa els permet invertir en projectes escalables internacionalment. Les empreses familiars tamb\u00e9 es caracteritzen pel seu capital social \u00fanic, com ara la lleialtat, l&#8217;altruisme i la solidaritat que, en general, redueixen el risc relacional, facilitant l&#8217;intercanvi de coneixements i la creaci\u00f3 de xarxes, i aquests s\u00f3n motors de desenvolupament internacional.<\/p>\n<blockquote>\n<h2><span style=\"color: #602d11;\">Aquests atributs de les empreses familiars proporcionen, per tant, un context organitzatiu \u00fanic que facilita una millor gesti\u00f3 de l&#8217;ambidestresa i contribueix a l&#8217;efecte positiu de les innovacions tecnol\u00f2giques sobre la internacionalitzaci\u00f3.<br \/>\n<\/span><\/h2>\n<\/blockquote>\n","protected":false},"excerpt":{"rendered":"<p>La internacionalitzaci\u00f3 de les empreses i les innovacions tecnol\u00f2giques han estat reconegudes com les fonts de creixement i rendiment empresarial principals.<\/p>\n","protected":false},"author":58,"featured_media":37691,"comment_status":"closed","ping_status":"closed","sticky":false,"template":"","format":"standard","meta":{"_mi_skip_tracking":false,"mc4wp_mailchimp_campaign":[],"jnews-multi-image_gallery":[],"jnews_single_post":[],"jnews_primary_category":[]},"categories":[10817,10835,37,4718],"tags":[2569,4644,181,898,1865,1874],"_links":{"self":[{"href":"https:\/\/www.monempresarial.com\/ca\/wp-json\/wp\/v2\/posts\/37693"}],"collection":[{"href":"https:\/\/www.monempresarial.com\/ca\/wp-json\/wp\/v2\/posts"}],"about":[{"href":"https:\/\/www.monempresarial.com\/ca\/wp-json\/wp\/v2\/types\/post"}],"author":[{"embeddable":true,"href":"https:\/\/www.monempresarial.com\/ca\/wp-json\/wp\/v2\/users\/58"}],"replies":[{"embeddable":true,"href":"https:\/\/www.monempresarial.com\/ca\/wp-json\/wp\/v2\/comments?post=37693"}],"version-history":[{"count":1,"href":"https:\/\/www.monempresarial.com\/ca\/wp-json\/wp\/v2\/posts\/37693\/revisions"}],"predecessor-version":[{"id":47536,"href":"https:\/\/www.monempresarial.com\/ca\/wp-json\/wp\/v2\/posts\/37693\/revisions\/47536"}],"wp:featuredmedia":[{"embeddable":true,"href":"https:\/\/www.monempresarial.com\/ca\/wp-json\/wp\/v2\/media\/37691"}],"wp:attachment":[{"href":"https:\/\/www.monempresarial.com\/ca\/wp-json\/wp\/v2\/media?parent=37693"}],"wp:term":[{"taxonomy":"category","embeddable":true,"href":"https:\/\/www.monempresarial.com\/ca\/wp-json\/wp\/v2\/categories?post=37693"},{"taxonomy":"post_tag","embeddable":true,"href":"https:\/\/www.monempresarial.com\/ca\/wp-json\/wp\/v2\/tags?post=37693"}],"curies":[{"name":"wp","href":"https:\/\/api.w.org\/{rel}","templated":true}]}}