{"id":37998,"date":"2022-11-07T09:02:34","date_gmt":"2022-11-07T08:02:34","guid":{"rendered":"https:\/\/www.monempresarial.com\/2022\/10\/26\/carta-a-un-nonato\/"},"modified":"2023-02-02T13:40:34","modified_gmt":"2023-02-02T12:40:34","slug":"carta-a-un-nonat","status":"publish","type":"post","link":"https:\/\/www.monempresarial.com\/ca\/2022\/11\/07\/carta-a-un-nonat\/","title":{"rendered":"<span style=\"color: # b8b4b4; font-weight: bold;\">Carta a un nonat"},"content":{"rendered":"<h4><strong><span style=\"color: #339999; bold; text-transform: uppercase;\"><img decoding=\"async\" loading=\"lazy\" class=\"wp-image-38033 alignleft\" src=\"https:\/\/www.monempresarial.com\/wp-content\/uploads\/2022\/10\/web-20221003_204920-ok.jpg\" alt=\"\" width=\"233\" height=\"369\" srcset=\"https:\/\/www.monempresarial.com\/wp-content\/uploads\/2022\/10\/web-20221003_204920-ok.jpg 425w, https:\/\/www.monempresarial.com\/wp-content\/uploads\/2022\/10\/web-20221003_204920-ok-190x300.jpg 190w, https:\/\/www.monempresarial.com\/wp-content\/uploads\/2022\/10\/web-20221003_204920-ok-190x300@2x.jpg 380w\" sizes=\"(max-width: 233px) 100vw, 233px\" \/>inmaculada lorenzana ledo.<\/span><\/strong><br \/>\n<strong>Funcion\u00e0ria, pintora i autora teatral.<\/strong><\/h4>\n<hr style=\"color: #b72126;\" \/>\n<p>Desconec encara quin sexe tens o b\u00e9 (segons les pr\u00e0ctiques ling\u00fc\u00edstiques actuals*) a quin g\u00e8nere pertanys, sent aquesta una q\u00fcesti\u00f3 important\u00edssima per determinar de quins drets gaudir\u00e0s i quines obligacions patir\u00e0s a la majoria dels pa\u00efsos del m\u00f3n. A aix\u00f2 cal afegir l&#8217;agreujant que tu naixer\u00e0s en un pa\u00eds anomenat Espanya, on aquesta q\u00fcesti\u00f3 sobrevola inclement, com un cicl\u00f3 devastador dirigit pels poders p\u00fablics, per sobre de cada fam\u00edlia, cada escola, cada empresa.<\/p>\n<p>Estimat nad\u00f3, si quan neixis resultes ser un home, es podria pensar, en principi, que ser\u00e0s una persona privilegiada davant de l&#8217;altra opci\u00f3 de ser una femella. Veur\u00e0s, la majoria dels pares es consideraran m\u00e9s homes, m\u00e9s mascles, i se sentiran m\u00e9s realitzats per haver engendrat un xaval que seguir\u00e0 transmetent el seu cognom (l&#8217;elecci\u00f3 del cognom matern \u00e9s gaireb\u00e9 inexistent), i se sentiran m\u00e9s segurs en cas de posseir una empresa, sigui aquesta gran o sigui petita, ja que hi veuran en tu la indubtable continu\u00eftat i, fins i tot, un important creixement. Si resultes ser una femella, per contra, una gran majoria de pares, i una gran part tamb\u00e9 de mares, es proposaran tenir un o d\u2019altres fills fins aconseguir l\u2019home desitjat. Aquesta \u00e9s la realitat que es viu encara avui dia, en l&#8217;\u00faltim trimestre de l&#8217;any 2022, a moltes llars espanyoles i malgrat que les dones directives a empreses espanyoles ja arriben al 36%, un percentatge que potser no augmenti significativament els propers anys; si aix\u00f2 passa, ser\u00e0 perqu\u00e8 a les dones no els interessi, no els compensi, arribar m\u00e9s enll\u00e0.<\/p>\n<p><span style=\"color: #339999; font-weight: bold;\">PREJUDICIS APRESOS<\/span><br \/>\nS\u00ed, el meu estimat beb\u00e8, fins i tot les mares preferim parir fills abans que filles perqu\u00e8 l&#8217;instint maternal necessita realitzar-se amb absoluta intensitat, manifestar-se en la major mesura possible i, aix\u00ed, atorguem m\u00e9s cures i protegim m\u00e9s els fills que les filles; i som m\u00e9s condescendents i permissius amb els fills que no pas amb les filles; i jutgem de manera m\u00e9s ben\u00e8vola els comportaments dels fills que els de les filles. I aix\u00f2 es produeix de manera evident no nom\u00e9s a les societats orientals o altres societats sota domini de la religi\u00f3 musulmana, sin\u00f3 tamb\u00e9 a la totalitat dels pa\u00efsos hispanoamericans i a la majoria dels pa\u00efsos europeus.<\/p>\n<p><img decoding=\"async\" loading=\"lazy\" class=\"alignright wp-image-37987\" src=\"https:\/\/www.monempresarial.com\/wp-content\/uploads\/2022\/10\/icono-carrito.jpg\" alt=\"\" width=\"163\" height=\"182\" \/>Per qu\u00e8 passa aix\u00ed, et preguntar\u00e0s? I la resposta no pot ser m\u00e9s simple que la veritat: la femella necessita menys cura perqu\u00e8 \u00e9s molt m\u00e9s resistent que el mascle. I no em refereixo, \u00e9s clar, per for\u00e7a f\u00edsica que, en termes generals, no en persones concretes d&#8217;un o altre sexe, \u00e9s molt m\u00e9s poderosa en un home que en una dona. Em refereixo a aquestes capacitats que sobresurten de manera notable en les dones i que s\u00f3n innates a la seva condici\u00f3: s\u00f3n incansables, pacients, estableixen prioritats; s\u00f3n generoses en la valoraci\u00f3 dels m\u00e8rits aliens; posen ordre al caos; la just\u00edcia \u00e9s sempre un objectiu impl\u00edcit a les seves actuacions; les bones maneres les fan m\u00e9s eficients; l&#8217;empatia \u00e9s consubstancial a la ment femenina; no necessiten motivacions externes quan la seva intu\u00efci\u00f3 entra en acci\u00f3; rebutgen absolutament les desigualtats sense causa i s\u00f3n summament generoses de si mateixes en la seva ajuda als altres.<\/p>\n<p>Pel que t&#8217;acabo d&#8217;escriure en aquest darrer par\u00e0graf, crec que ja has descobert que jo prefereixo que siguis una femella i que m&#8217;ajudis a assolir, com a m\u00ednim, dos dels disset Objectius de Desenvolupament Sostenible establerts a l&#8217;Agenda 2030, aprovada a 2015. Aquests dos ODS s\u00f3n el n\u00famero 5 i el n\u00famero 10, Igualtat de g\u00e8nere i Reducci\u00f3 de les desigualtats, respectivament. Amb la teva ajuda, ho aconseguirem. N\u2019estic segura.<\/p>\n<p>&nbsp;<\/p>\n<p><span style=\"color: #339999;\">Nota (*) <\/span>Al llarg del segle XX es va anar abandonant la consideraci\u00f3 cl\u00e0ssica del sexe fort atribu\u00eft als homes i del sexe d\u00e8bil adjudicat a les dones, arribant a aquests primers vint-i-dos anys del segle XXI amb una ampliaci\u00f3 considerable de tipus de sexe o de g\u00e8nere que han provocat a la societat una confusa, encara que generosa, acceptaci\u00f3 d&#8217;aquesta diversitat que jo obviar\u00e9 per circumscriure&#8217;m a les dues opcions tradicionals i en terminologia ja antiquada: home o dona. Obviar\u00e9, tamb\u00e9, qualsevol refer\u00e8ncia a viol\u00e8ncia entre humans.<\/p>\n","protected":false},"excerpt":{"rendered":"<p>Desconec encara quin sexe tens o b\u00e9 (segons les pr\u00e0ctiques ling\u00fc\u00edstiques actuals*) a quin g\u00e8nere pertanys, sent aquesta una q\u00fcesti\u00f3 important\u00edssima per determinar de quins drets gaudir\u00e0s i quines obligacions patir\u00e0s a la majoria dels pa\u00efsos del m\u00f3n. A aix\u00f2 cal afegir l&#8217;agreujant que tu naixer\u00e0s en un pa\u00eds anomenat Espanya, on aquesta q\u00fcesti\u00f3 sobrevola inclement, com un cicl\u00f3 devastador dirigit pels poders p\u00fablics, per sobre de cada fam\u00edlia, cada escola, cada empresa.<\/p>\n","protected":false},"author":50,"featured_media":37994,"comment_status":"closed","ping_status":"closed","sticky":false,"template":"","format":"standard","meta":{"_mi_skip_tracking":false,"mc4wp_mailchimp_campaign":[],"jnews-multi-image_gallery":[],"jnews_single_post":[],"jnews_primary_category":[]},"categories":[10847,12,10816,10477],"tags":[4644,5518,10048,10052,10672],"_links":{"self":[{"href":"https:\/\/www.monempresarial.com\/ca\/wp-json\/wp\/v2\/posts\/37998"}],"collection":[{"href":"https:\/\/www.monempresarial.com\/ca\/wp-json\/wp\/v2\/posts"}],"about":[{"href":"https:\/\/www.monempresarial.com\/ca\/wp-json\/wp\/v2\/types\/post"}],"author":[{"embeddable":true,"href":"https:\/\/www.monempresarial.com\/ca\/wp-json\/wp\/v2\/users\/50"}],"replies":[{"embeddable":true,"href":"https:\/\/www.monempresarial.com\/ca\/wp-json\/wp\/v2\/comments?post=37998"}],"version-history":[{"count":1,"href":"https:\/\/www.monempresarial.com\/ca\/wp-json\/wp\/v2\/posts\/37998\/revisions"}],"predecessor-version":[{"id":40124,"href":"https:\/\/www.monempresarial.com\/ca\/wp-json\/wp\/v2\/posts\/37998\/revisions\/40124"}],"wp:featuredmedia":[{"embeddable":true,"href":"https:\/\/www.monempresarial.com\/ca\/wp-json\/wp\/v2\/media\/37994"}],"wp:attachment":[{"href":"https:\/\/www.monempresarial.com\/ca\/wp-json\/wp\/v2\/media?parent=37998"}],"wp:term":[{"taxonomy":"category","embeddable":true,"href":"https:\/\/www.monempresarial.com\/ca\/wp-json\/wp\/v2\/categories?post=37998"},{"taxonomy":"post_tag","embeddable":true,"href":"https:\/\/www.monempresarial.com\/ca\/wp-json\/wp\/v2\/tags?post=37998"}],"curies":[{"name":"wp","href":"https:\/\/api.w.org\/{rel}","templated":true}]}}