{"id":3852,"date":"2015-03-25T08:00:11","date_gmt":"2015-03-25T07:00:11","guid":{"rendered":"http:\/\/monempresarial.com\/?p=3852"},"modified":"2025-09-16T11:51:11","modified_gmt":"2025-09-16T09:51:11","slug":"per-que-cal-fer-un-mba","status":"publish","type":"post","link":"https:\/\/www.monempresarial.com\/ca\/2015\/03\/25\/per-que-cal-fer-un-mba\/","title":{"rendered":"Per qu\u00e8 cal fer un MBA<\/span>?"},"content":{"rendered":"<h4>28 directors de programes ens donen la seva opini\u00f3 sobre quin \u00e9s el valor afegit d&#8217;aquesta formaci\u00f3 per a un directiu avui dia.<\/h4>\n<p>&nbsp;<br \/>\n&nbsp;<br \/>\nCoordinaci\u00f3: <a style=\"color: #b57e54; font-size:\" href=\"http:\/\/monempresarial.com\/author\/bseijo\/\">Berta Seijo<\/a>. Fotos: <span style=\"color: #b57e54; font-size:\">Cedides<\/span><\/p>\n\n<table id=\"tablepress-49\" class=\"tablepress tablepress-id-49\">\n<tbody>\n<tr class=\"row-1\">\n\t<td class=\"column-1\"><\/td><td class=\"column-2\"><\/td><td class=\"column-3\"><\/td><td class=\"column-4\"><\/td>\n<\/tr>\n<tr class=\"row-2\">\n\t<td class=\"column-1\"><span style=\"color: #939598; font-weight: bold;\">MAGDA SOL\u00c0<\/span><br \/>\n<\/td><td class=\"column-2\"><span style=\"color: #939598; font-weight: bold;\">DR. ARAS KEROPYAN<\/span><\/td><td class=\"column-3\"><span style=\"color: #939598; font-weight: bold;\">ITZIAR DE ROSE<\/span><\/td><td class=\"column-4\"><span style=\"color: #939598; font-weight: bold;\">JEFF TURNER<\/span><\/td>\n<\/tr>\n<tr class=\"row-3\">\n\t<td class=\"column-1\">Directora del Departament d'Empresa de la UAB<\/td><td class=\"column-2\">PhD, director MBA fte d'EAE Business School i consultor estr. i tecno. s\u00e9nior a Deutsche Telekom\/T-Systems<\/td><td class=\"column-3\">Admissions director &amp; president of the Admissions Commitee (MBA '06) IESE<\/td><td class=\"column-4\">Responsable del Iona-CEU FastTrack MBA.<\/td>\n<\/tr>\n<tr class=\"row-4\">\n\t<td class=\"column-1\"><img src=\"http:\/\/monempresarial.com\/wp-content\/uploads\/2015\/03\/monempresarial-001_magda-sola.png\" alt=\"Magda Sol\u00e0.\" width=\"150\" height=\"149\" class=\"alignleft size-full wp-image-3985\" \/><\/td><td class=\"column-2\"><img src=\"http:\/\/monempresarial.com\/wp-content\/uploads\/2015\/03\/monempresarial-001_aras-keropyan.png\" alt=\"Dr. Aras Keropyan.\" width=\"149\" height=\"150\" class=\"alignleft size-full wp-image-4017\" \/><\/td><td class=\"column-3\"><img src=\"http:\/\/monempresarial.com\/wp-content\/uploads\/2015\/03\/monempresarial-001_itziar-de-ros.png\" alt=\"Itziar de Ros.\" width=\"146\" height=\"150\" class=\"alignleft size-full wp-image-3999\" \/><\/td><td class=\"column-4\"><img src=\"http:\/\/monempresarial.com\/wp-content\/uploads\/2015\/03\/monempresarial-001_jeff-turner.png\" alt=\"Jeff Turner.\" width=\"150\" height=\"151\" class=\"alignleft size-full wp-image-3997\" \/><\/td>\n<\/tr>\n<tr class=\"row-5\">\n\t<td class=\"column-1\"><span style=\"font-weight: bold; text-transform:uppercase;\">Els MBA donen<\/span> un coneixement global de les diferents \u00e0rees d\u2019una empresa, com ara estrat\u00e8gia, recursos humans, finances i comptabilitat, gesti\u00f3 de projectes o m\u00e0rqueting, al mateix temps que desenvolupen les habilitats pr\u00f2pies per ocupar c\u00e0rrecs de responsabilitat en l\u2019administraci\u00f3 d\u2019empreses, com ara lideratge, treball en equip o resoluci\u00f3 de conflctes. En general, aquests programes tamb\u00e9 donen una perspectiva internacional de negoci.<\/td><td class=\"column-2\"><span style=\"font-weight: bold; text-transform:uppercase;\">Un MBA<\/span> et permet comprendre totes les \u00e0rees implicades en la direcci\u00f3 d\u2019empreses i progressar professionalment, de manera que l\u2019alumne graduat pot fer front a nous reptes amb una millora en la capacitat de visi\u00f3 estrat\u00e8gica i de desenvolupament personal com a directiu.<\/td><td class=\"column-3\"><span style=\"font-weight: bold; text-transform:uppercase;\">La necessitat o no<\/span> de realitzar un MBA dep\u00e8n de la situaci\u00f3 professional i personal de cada persona: per alguns \u00e9s un must i per altres, un plus. Per\u00f2 sempre \u00e9s un programa veritablement transformacional: despr\u00e9s d\u2019un MBA, els estudiants s\u00f3n capa\u00e7os de mirar el m\u00f3n des d\u2019una nova perspectiva i estan integrament preparats per ser l\u00edders en un entorn global, internacional i empresarial com l\u2019actual.<\/td><td class=\"column-4\"><span style=\"font-weight: bold; text-transform:uppercase;\">\u00c9s molt important realitzar un MBA<\/span>, i fer-ho a l\u2019estranger \u00e9s un valor afegit. A nivell pr\u00e0ctic, als m\u00e0nagers que porten la gesti\u00f3 de les companyies els aporta unes habilitats m\u00e9s enll\u00e0 de la seva \u00e0rea d\u2019especialitat. Per alg\u00fa que ve d\u2019un altre sector, li proporciona coneixements que segurament no ha tingut al llarg de la seva carrera. \u00c9s molt important el contacte que s\u2019estableix amb persones del teu mateix perfi; s\u2019estableix una xarxa de contactes imprescindible per al teu futur.<\/td>\n<\/tr>\n<\/tbody>\n<\/table>\n<!-- #tablepress-49 from cache -->\n\n<table id=\"tablepress-55\" class=\"tablepress tablepress-id-55\">\n<tbody>\n<tr class=\"row-1\">\n\t<td class=\"column-1\"><\/td><td class=\"column-2\"><\/td><td class=\"column-3\"><\/td><td class=\"column-4\"><\/td>\n<\/tr>\n<tr class=\"row-2\">\n\t<td class=\"column-1\"><span style=\"color: #939598; font-weight: bold;\">ALFONS FREIXES PUIG<\/span><br \/>\n<\/td><td class=\"column-2\"><span style=\"color: #939598; font-weight: bold;\">ENRIC SERRADELL-L\u00d3PEZ<\/span><\/td><td class=\"column-3\"><span style=\"color: #939598; font-weight: bold;\">ELLA BONIUK<\/span><\/td><td class=\"column-4\"><span style=\"color: #939598; font-weight: bold;\">SILVIA RULL<\/span><\/td>\n<\/tr>\n<tr class=\"row-3\">\n\t<td class=\"column-1\">Director acad\u00e8mic de l\u2019Executive MBA de l\u2019Euncet Business School.<\/td><td class=\"column-2\">Director dels programes MBA de la UOC.<\/td><td class=\"column-3\">Directora de l\u2019International MBA d\u2019EADA Business School.<\/td><td class=\"column-4\">Directora d\u2019admissions de l\u2019EMBA d\u2019ESADE.<\/td>\n<\/tr>\n<tr class=\"row-4\">\n\t<td class=\"column-1\"><img src=\"http:\/\/monempresarial.com\/wp-content\/uploads\/2015\/03\/monempresarial-001_alfons-freixes.png\" alt=\"Alfons Freixes Puig.\" width=\"150\" height=\"150\" class=\"alignleft size-full wp-image-4021\" \/><\/td><td class=\"column-2\"><img src=\"http:\/\/monempresarial.com\/wp-content\/uploads\/2015\/03\/monempresarial-001_enric-serradell.png\" alt=\"ENRIC SERRADELL-L\u00d3PEZ\" width=\"150\" height=\"150\" class=\"alignleft size-full wp-image-4007\" \/><\/td><td class=\"column-3\"><img src=\"http:\/\/monempresarial.com\/wp-content\/uploads\/2015\/03\/monempresarial-001_ella-boniuk.png\" alt=\"ELLA BONIUK\" width=\"150\" height=\"150\" class=\"alignleft size-full wp-image-4009\" \/><\/td><td class=\"column-4\"><img src=\"http:\/\/monempresarial.com\/wp-content\/uploads\/2015\/03\/monempresarial-001_silvia-rull.png\" alt=\"Silvia Rull.\" width=\"150\" height=\"150\" class=\"alignleft size-full wp-image-3971\" \/><\/td>\n<\/tr>\n<tr class=\"row-5\">\n\t<td class=\"column-1\"><span style=\"font-weight: bold; text-transform:uppercase;\">L'MBA \u00e9s clau<\/span> per ajudar els professionals a esdevenir directius, ja que d\u00f3na un salt qualitatiu en el coneixement de totes les \u00e0rees de l\u2019empresa i en les habilitat directives. <\/td><td class=\"column-2\"><span style=\"font-weight: bold; text-transform:uppercase;\">En termes d\u2019ocupabilitat <\/span>\u00e9s una opci\u00f3 seriosa per consolidar una carrera professional com a directiu. En els darrers temps se\u2019ls ha dotat de continguts que no nom\u00e9s fan refer\u00e8ncia a aspectes de l\u2019empresa, sin\u00f3 que busquen l\u2019assoliment de compet\u00e8ncies professionals: habilitats de negociaci\u00f3, orientaci\u00f3 al client, an\u00e0lisi cr\u00edtica o <i>coaching<\/i>. <\/td><td class=\"column-3\"><span style=\"font-weight: bold; text-transform:uppercase;\">En un MBA,<\/span> els estudiants adquireixen coneixements i habilitats de gesti\u00f3; desenvolupen un pensament cr\u00edtic i un enfocament sist\u00e8mic i estructurat a l\u2019hora de resoldre problemes; i milloren les seves habilitats de lideratge dins un entorn multicultural. Tots s\u00f3n elements necessaris pels directius que volen tenir \u00e8xit en el complex m\u00f3n dels negocis. <\/td><td class=\"column-4\"><span style=\"font-weight: bold; text-transform:uppercase;\">Un MBA proporciona<\/span> a l\u2019estudiant una visi\u00f3 m\u00e9s global de l\u2019empresa i m\u00e9s internacional dels negocis (gr\u00e0cies a la diversitat de nacionalitats dels participants), i alhora \u00e9s una molt bona eina per potenciar les habilitats emprenedores i l\u2019autoconeixement tant a nivell professional com personal.<\/td>\n<\/tr>\n<\/tbody>\n<\/table>\n<!-- #tablepress-55 from cache -->\n\n<table id=\"tablepress-56\" class=\"tablepress tablepress-id-56\">\n<tbody>\n<tr class=\"row-1\">\n\t<td class=\"column-1\"><\/td><td class=\"column-2\"><\/td><td class=\"column-3\"><\/td><td class=\"column-4\"><\/td>\n<\/tr>\n<tr class=\"row-2\">\n\t<td class=\"column-1\"><span style=\"color: #939598; font-weight: bold;\">DAVID MOLINA BATLLE<\/span><br \/>\n<\/td><td class=\"column-2\"><span style=\"color: #939598; font-weight: bold;\">\u00d3SCAR FUENTE<\/span><\/td><td class=\"column-3\"><span style=\"color: #939598; font-weight: bold;\">FRANCISCO ENSE\u00d1AT<\/span><\/td><td class=\"column-4\"><span style=\"color: #939598; font-weight: bold;\">JUAN D\u00cdAZ DEL R\u00cdO<\/span><\/td>\n<\/tr>\n<tr class=\"row-3\">\n\t<td class=\"column-1\">Director d\u2019INSA Business, Marketing &amp; Communication School.<\/td><td class=\"column-2\">Director d\u2019IEBS Business School.<\/td><td class=\"column-3\">Director executiu general d\u2019ESERP.<\/td><td class=\"column-4\">Director de l\u2019MBA d\u2019EUDE. <\/td>\n<\/tr>\n<tr class=\"row-4\">\n\t<td class=\"column-1\"><img src=\"http:\/\/monempresarial.com\/wp-content\/uploads\/2015\/03\/monempresarial-001_david-molina.png\" alt=\"monempresarial-001_david-molina\" width=\"150\" height=\"151\" class=\"alignleft size-full wp-image-4011\" \/><\/td><td class=\"column-2\"><img src=\"http:\/\/monempresarial.com\/wp-content\/uploads\/2015\/03\/monempresarial-001_oscar-fuente.png\" alt=\"monempresarial-001_oscar-fuente\" width=\"151\" height=\"150\" class=\"alignleft size-full wp-image-3973\" \/><\/td><td class=\"column-3\"><img src=\"http:\/\/monempresarial.com\/wp-content\/uploads\/2015\/03\/monempresarial-001_francisco-ense\u00f1at.png\" alt=\"monempresarial-001_francisco-ense\u00f1at\" width=\"150\" height=\"151\" class=\"alignleft size-full wp-image-4003\" \/><\/td><td class=\"column-4\"><img src=\"http:\/\/monempresarial.com\/wp-content\/uploads\/2015\/03\/monempresarial-001_juan-diaz.png\" alt=\"monempresarial-001_juan-diaz\" width=\"150\" height=\"149\" class=\"alignleft size-full wp-image-3989\" \/><\/td>\n<\/tr>\n<tr class=\"row-5\">\n\t<td class=\"column-1\"><span style=\"font-weight: bold; text-transform:uppercase;\">Un MBA d\u00f3na <\/span> una visi\u00f3 estrat\u00e8gica de totes les \u00e0rees d\u2019una empresa. En el cas del nostre, especialitzat en pimes, a m\u00e9s d\u2019aportar coneixements de tipus t\u00e8cnic, posa molt d\u2019\u00e8mfasi en habilitats directives i personals, ja que en una petita o mitjana empresa la incid\u00e8ncia que t\u00e9 el l\u00edder en les decisions estrat\u00e8giques \u00e9s molt m\u00e9s directa i requereix un perfil m\u00e9s transversal.   <\/td><td class=\"column-2\"><span style=\"font-weight: bold; text-transform:uppercase;\">No crec que avui dia<\/span> sigui tan necessari fer un MBA com ho era abans, sobretot en els casos en qu\u00e8 el temari parla de models competitius del segle passat. D\u2019altra banda, un programa de direcci\u00f3 general o <em>management<\/em> s\u00ed que serveix per ensenyar com funciona el m\u00f3n de l\u2019empresa a un tipus de perfil professional sense cap formaci\u00f3 empresarial. <\/td><td class=\"column-3\"><span style=\"font-weight: bold; text-transform:uppercase;\">Sobretot en moments de crisi,<\/span>  esdev\u00e9 un requisit indispensable que qualsevol candidat al lideratge intermedi o col\u2022lectiu sigui un expert en la seva \u00e0rea de compet\u00e8ncia. Els MBA fomenten l\u2019actitud proactiva dels estudiants, que hauran de compatibilitzar el treball en equip amb el desenvolupament individual de les seves habilitats.<\/td><td class=\"column-4\"><span style=\"font-weight: bold; text-transform:uppercase;\">Aquells que realitzen un MBA<\/span> \u00e9s perqu\u00e8 volen preparar-se per ocupar posicions de major responsabilitat a la seva empresa. Els MBA estan estructurats per formar els professionals en totes les \u00e0rees de l\u2019empresa des de dos punts de vista: t\u00e8cnic i gerencial -imprescindibles perqu\u00e8 capaciten el directiu en la presa de decisions.  <\/td>\n<\/tr>\n<\/tbody>\n<\/table>\n<!-- #tablepress-56 from cache -->\n\n<table id=\"tablepress-57\" class=\"tablepress tablepress-id-57\">\n<tbody>\n<tr class=\"row-1\">\n\t<td class=\"column-1\"><\/td><td class=\"column-2\"><\/td><td class=\"column-3\"><\/td><td class=\"column-4\"><\/td>\n<\/tr>\n<tr class=\"row-2\">\n\t<td class=\"column-1\"><span style=\"color: #939598; font-weight: bold;\">JORDI DE FALGUERA<\/span><br \/>\n<\/td><td class=\"column-2\"><span style=\"color: #939598; font-weight: bold;\">FREDERIC GARRIGA<\/span><\/td><td class=\"column-3\"><span style=\"color: #939598; font-weight: bold;\">LAURA GUITART TARR\u00c9S i XAVIER GARC\u00cdA MARIM\u00d3N<\/span><\/td><td class=\"column-4\"><span style=\"color: #939598; font-weight: bold;\">CARL CRAEN<\/span><\/td>\n<\/tr>\n<tr class=\"row-3\">\n\t<td class=\"column-1\">Director acad\u00e8mic de l\u2019MBA a la UPF Barcelona School of Management.<\/td><td class=\"column-2\">Director de l\u2019MBA en Direcci\u00f3 i Gesti\u00f3 d\u2019Empreses de la UPC School.<\/td><td class=\"column-3\">Directors de l\u2019Executive MBA de la UB.<\/td><td class=\"column-4\">Director executiu de l\u2019EU Business School Barcelona.<\/td>\n<\/tr>\n<tr class=\"row-4\">\n\t<td class=\"column-1\"><img src=\"http:\/\/monempresarial.com\/wp-content\/uploads\/2015\/03\/monempresarial-001_jordi-de-falguera.png\" alt=\"monempresarial-001_jordi-de-falguera\" width=\"150\" height=\"150\" class=\"alignleft size-full wp-image-3993\" \/><\/td><td class=\"column-2\"><img src=\"http:\/\/monempresarial.com\/wp-content\/uploads\/2015\/03\/monempresarial-001_frederic-garriga.png\" alt=\"monempresarial-001_frederic-garriga\" width=\"150\" height=\"150\" class=\"alignleft size-full wp-image-4001\" \/><\/td><td class=\"column-3\"><img src=\"http:\/\/monempresarial.com\/wp-content\/uploads\/2015\/03\/monempresarial-001_laura-guitart-xaver-garcia.png\" alt=\"monempresarial-001_laura-guitart-xaver-garcia\" width=\"150\" height=\"150\" class=\"alignleft size-full wp-image-3987\" \/><\/td><td class=\"column-4\"><img src=\"http:\/\/monempresarial.com\/wp-content\/uploads\/2015\/03\/monempresarial-001_carl-craen.png\" alt=\"monempresarial-001_carl-craen\" width=\"150\" height=\"150\" class=\"alignleft size-full wp-image-4015\" \/><\/td>\n<\/tr>\n<tr class=\"row-5\">\n\t<td class=\"column-1\"><span style=\"font-weight: bold; text-transform:uppercase;\">Un MBA proporciona <\/span><em>the big picture<\/em> (la fotografia complerta) per liderar un projecte empresarial i dissenyar les estrat\u00e8gies de creixement i desenvolupament de negoci ja sigui en una petita empresa, una <em>start-up<\/em> o una gran corporaci\u00f3. Aquest \u00e9s el valor afegit.    <\/td><td class=\"column-2\"><span style=\"font-weight: bold; text-transform:uppercase;\">Un MBA ofereix<\/span>  als participants les compet\u00e8ncies necess\u00e0ries per aportar una visi\u00f3 estrat\u00e8gica i global de les diferents \u00e0rees d\u2019una empresa, especialitzant-se tant en coneixements de gesti\u00f3 empresarial, finances, recursos humans i m\u00e0rqueting, com en habilitats directives i gesti\u00f3 d\u2019equips professionals. <\/td><td class=\"column-3\"><span style=\"font-weight: bold; text-transform:uppercase;\">Cada vegada s\u00f3n m\u00e9s<\/span>  sol\u2022licitats perfils directius resolutius, din\u00e0mics i innovadors. Un MBA dota els participants de m\u00e9s recursos personals -no nom\u00e9s a nivell de coneixements, sin\u00f3 tamb\u00e9 d\u2019habilitats directives, experi\u00e8ncies i xarxa de contactes- per una millor an\u00e0lisi de les situacions empresarials i una presa de decisions m\u00e9s encertada. <\/td><td class=\"column-4\"><span style=\"font-weight: bold; text-transform:uppercase;\">L'habilitat de tenir<\/span> un pensament cr\u00edtic, analitzar situacions, resoldre problemes i dirigir-los en un ambient canviant i internacional \u00e9s un deure per als actuals i futurs l\u00edders del sector empresarial. Un MBA \u00e9s un element formatiu de l'educaci\u00f3 moderna, la qual equipa els executius amb les eines necess\u00e0ries per aconseguir l'\u00e8xit. <\/td>\n<\/tr>\n<\/tbody>\n<\/table>\n<!-- #tablepress-57 from cache -->\n\n<table id=\"tablepress-58\" class=\"tablepress tablepress-id-58\">\n<tbody>\n<tr class=\"row-1\">\n\t<td class=\"column-1\"><\/td><td class=\"column-2\"><\/td><td class=\"column-3\"><\/td><td class=\"column-4\"><\/td>\n<\/tr>\n<tr class=\"row-2\">\n\t<td class=\"column-1\"><span style=\"color: #939598; font-weight: bold;\">MARTIN BOEHM<\/span><br \/>\n<\/td><td class=\"column-2\"><span style=\"color: #939598; font-weight: bold;\">NEUS PONS<\/span><\/td><td class=\"column-3\"><span style=\"color: #939598; font-weight: bold;\">ALBERT IGLESIAS<\/span><\/td><td class=\"column-4\"><span style=\"color: #939598; font-weight: bold;\">CHUA NAN SZE MARIE-ANTONIE<\/span><\/td>\n<\/tr>\n<tr class=\"row-3\">\n\t<td class=\"column-1\">Deg\u00e0 de programes d\u2019IE Business School.<\/td><td class=\"column-2\">Directora del Centre Internacional de Formaci\u00f3 Continua (UVIC-UCC).<\/td><td class=\"column-3\">Tutor del programa EMBA d\u2019ESIC.<\/td><td class=\"column-4\">Directora d\u2019estudis de postgrau a la National University of Singapore Business School.<\/td>\n<\/tr>\n<tr class=\"row-4\">\n\t<td class=\"column-1\"><img src=\"http:\/\/monempresarial.com\/wp-content\/uploads\/2015\/03\/monempresarial-001_martin-boehm.png\" alt=\"monempresarial-001_martin-boehm\" width=\"150\" height=\"149\" class=\"alignleft size-full wp-image-3983\" \/><\/td><td class=\"column-2\"><img src=\"http:\/\/monempresarial.com\/wp-content\/uploads\/2015\/03\/monempresarial-001_neus-pons.png\" alt=\"monempresarial-001_neus-pons\" width=\"150\" height=\"151\" class=\"alignleft size-full wp-image-3977\" \/><\/td><td class=\"column-3\"><img src=\"http:\/\/monempresarial.com\/wp-content\/uploads\/2015\/03\/monempresarial-001_albert-iglesias.png\" alt=\"monempresarial-001_albert-iglesias\" width=\"148\" height=\"150\" class=\"alignleft size-full wp-image-4023\" \/><\/td><td class=\"column-4\"><img src=\"http:\/\/monempresarial.com\/wp-content\/uploads\/2015\/03\/monempresarial-001_chua-nan-sze.png\" alt=\"monempresarial-001_chua-nan-sze\" width=\"150\" height=\"149\" class=\"alignleft size-full wp-image-4013\" \/><\/td>\n<\/tr>\n<tr class=\"row-5\">\n\t<td class=\"column-1\"><span style=\"font-weight: bold; text-transform:uppercase;\">Ajuda a refrescar <\/span>els coneixements com a directiu per assolir un avantatge competitiu en el mercat; posa en contacte amb una xarxa d\u2019alumnes imprescindible a l\u2019hora de trobar feina; vincula a la marca de l\u2019escola, fet que obre moltes portes; i d\u00f3na l\u2019oportunitat d\u2019entrar en un ambient que ajuda a reflexionar i a escoltar m\u00faltiples idees.  <\/td><td class=\"column-2\"><span style=\"font-weight: bold; text-transform:uppercase;\">Un MBA serveix<\/span> per donar una visi\u00f3 de les organitzacions com a sistemes complexos i interactius, on les diferents peces han de seguir una estrat\u00e8gia de conjunt i un pla operatiu que sigui coherent. \u00c9s una experi\u00e8ncia transformadora; forma a les persones en valors per tal que tinguin capacitat directiva en entorns de canvi permanent.<\/td><td class=\"column-3\"><span style=\"font-weight: bold; text-transform:uppercase;\">Dota al directiu<\/span> de la capacitat d\u2019analitzar, entendre i decidir sobre l\u2019empresa amb una visi\u00f3 de 360\u00ba. Li aporta una metodologia de treball efica\u00e7 per obtenir millors resultats amb menys recursos. A m\u00e9s, el candidat esdev\u00e9 m\u00e9s atractiu per al mercat laboral, obtenint aix\u00ed una millora en les seves condicions laborals. <\/td><td class=\"column-4\"><span style=\"font-weight: bold; text-transform:uppercase;\">Un MBA \u00e9s valu\u00f3s <\/span>en molts aspectes per tots aquells que volen escalar posicions a la seva carrera, actualitzar els seus coneixements i habilitats o connectar amb altres l\u00edders de marques importants a nivell internacional. Les interaccions amb la resta de participants \u00e9s molt positiva per aconseguir contactes i millorar les pr\u00f2pies idees de negoci. <\/td>\n<\/tr>\n<\/tbody>\n<\/table>\n<!-- #tablepress-58 from cache -->\n\n<table id=\"tablepress-59\" class=\"tablepress tablepress-id-59\">\n<tbody>\n<tr class=\"row-1\">\n\t<td class=\"column-1\"><\/td><td class=\"column-2\"><\/td><td class=\"column-3\"><\/td><td class=\"column-4\"><\/td>\n<\/tr>\n<tr class=\"row-2\">\n\t<td class=\"column-1\"><span style=\"color: #939598; font-weight: bold;\">ESTHER \u00c1LVAREZ<\/span><br \/>\n<\/td><td class=\"column-2\"><span style=\"color: #939598; font-weight: bold;\">\u00d3SCAR DEL MORAL<\/span><\/td><td class=\"column-3\"><span style=\"color: #939598; font-weight: bold;\">TOM\u00c1S DE HEREDIA<\/span><\/td><td class=\"column-4\"><span style=\"color: #939598; font-weight: bold;\">ANTONIO PASTOR SANMILLAN<\/span><\/td>\n<\/tr>\n<tr class=\"row-3\">\n\t<td class=\"column-1\">Directora de estudios y calidad de IDE-CESEM.<\/td><td class=\"column-2\">Director de postgrau i Executive Education d\u2019EOI.<\/td><td class=\"column-3\">Director de l\u2019MBA amb especialitzaci\u00f3 en Finances d\u2019IEB.<\/td><td class=\"column-4\">Cap d\u2019estudis de CEF.<\/td>\n<\/tr>\n<tr class=\"row-4\">\n\t<td class=\"column-1\"><img src=\"http:\/\/monempresarial.com\/wp-content\/uploads\/2015\/03\/monempresarial-001_esther-alvarez.png\" alt=\"monempresarial-001_esther-alvarez\" width=\"150\" height=\"150\" class=\"alignleft size-full wp-image-4005\" \/><\/td><td class=\"column-2\"><img src=\"http:\/\/monempresarial.com\/wp-content\/uploads\/2015\/03\/monempresarial-001_oscar-del-moral.png\" alt=\"monempresarial-001_oscar-del-moral\" width=\"150\" height=\"149\" class=\"alignleft size-full wp-image-3975\" \/><\/td><td class=\"column-3\"><img src=\"http:\/\/monempresarial.com\/wp-content\/uploads\/2015\/03\/monempresarial-001_tomas-de-heredia.png\" alt=\"monempresarial-001_tomas-de-heredia\" width=\"150\" height=\"149\" class=\"alignleft size-full wp-image-3969\" \/><\/td><td class=\"column-4\"><img src=\"http:\/\/monempresarial.com\/wp-content\/uploads\/2015\/03\/monempresarial-001_antonio-pastor.png\" alt=\"monempresarial-001_antonio-pastor\" width=\"150\" height=\"150\" class=\"alignleft size-full wp-image-4019\" \/><\/td>\n<\/tr>\n<tr class=\"row-5\">\n\t<td class=\"column-1\"><span style=\"font-weight: bold; text-transform:uppercase;\">Un MBA ofereix <\/span>una perspectiva global del funcionament de l\u2019empresa, segmentant l\u2019aprenentatge per a cada departament empresarial. Tamb\u00e9 \u00e9s una eina per ampliar la xarxa de contactes i, a m\u00e9s a m\u00e9s, com que est\u00e0 destinat a professionals amb experi\u00e8ncia, l\u2019intercanvi d\u2019opinions i el treball en equip esdev\u00e9 molt enriquidor. <\/td><td class=\"column-2\"><span style=\"font-weight: bold; text-transform:uppercase;\">La q\u00fcesti\u00f3 \u00e9s<\/span> poder desenvolupar una perspectiva integradora de totes les \u00e0rees que integren l\u2019empresa, desenvolupar l\u2019esperit cr\u00edtic i innovador, interioritzar els mecanismes que determinen la presa d\u2019una decisi\u00f3, i absorbir tot tipus de metodologies ja consolidades com el <em>design thinking<\/em> o <em>agile<\/em>.<\/td><td class=\"column-3\"><span style=\"font-weight: bold; text-transform:uppercase;\">Perqu\u00e8 el directiu<\/span> pugui generar el major valor possible en una empresa \u00e9s fonamental que s\u00e0piga el valor del treball en equip, que entengui que \u00e9s una pe\u00e7a clau en la seva organitzaci\u00f3 i que tingui una visi\u00f3 global de les funcions que desenvolupen els altres membres del comit\u00e8 de direcci\u00f3. Un MBA l\u2019aporta les eines adequades per maximitzar les possibilitats d\u2019\u00e8xit en el camp professional.  <\/td><td class=\"column-4\"><span style=\"font-weight: bold; text-transform:uppercase;\">Avui dia,<\/span> la diferenciaci\u00f3 acad\u00e8mica ve determinada pels MBA. Un bon MBA ha de proporcionar cinc valors afegits: coneixements \u00fatils, experi\u00e8ncia, habilitats, valors i actituds adequades als entorns professionals actuals, una millor xarxa de contactes i un t\u00edtol de prestigi que doni major visibilitat al teu CV en el mercat laboral.   <\/td>\n<\/tr>\n<\/tbody>\n<\/table>\n<!-- #tablepress-59 from cache -->\n\n<table id=\"tablepress-60\" class=\"tablepress tablepress-id-60\">\n<tbody>\n<tr class=\"row-1\">\n\t<td class=\"column-1\"><\/td><td class=\"column-2\"><\/td><td class=\"column-3\"><\/td><td class=\"column-4\"><\/td>\n<\/tr>\n<tr class=\"row-2\">\n\t<td class=\"column-1\"><span style=\"color: #939598; font-weight: bold;\">JORDI GARRIDO<\/span><br \/>\n<\/td><td class=\"column-2\"><span style=\"color: #939598; font-weight: bold;\">JOAN R. ALABART<\/span><\/td><td class=\"column-3\"><span style=\"color: #939598; font-weight: bold;\">XAVIER AMORES<\/span><\/td><td class=\"column-4\"><span style=\"color: #939598; font-weight: bold;\">MERCEDES RODR\u00cdGUEZ<\/span><\/td>\n<\/tr>\n<tr class=\"row-3\">\n\t<td class=\"column-1\">Director de l\u2019MBA (\u00c0rea de Management) de La Salle-URL.<\/td><td class=\"column-2\">Director de l\u2019MBA de la URV.<\/td><td class=\"column-3\">Director de l\u2019MBA de la Universitat de Girona.<\/td><td class=\"column-4\">Directora de l\u2019MBA de la Universidad Complutense de Madrid.<\/td>\n<\/tr>\n<tr class=\"row-4\">\n\t<td class=\"column-1\"><img src=\"http:\/\/monempresarial.com\/wp-content\/uploads\/2015\/03\/monempresarial-001_jordi-garrido.png\" alt=\"monempresarial-001_jordi-garrido\" width=\"150\" height=\"151\" class=\"alignleft size-full wp-image-3991\" \/><\/td><td class=\"column-2\"><img src=\"http:\/\/monempresarial.com\/wp-content\/uploads\/2015\/03\/monempresarial-001_joan-r-alabart.png\" alt=\"monempresarial-001_joan-r-alabart\" width=\"150\" height=\"151\" class=\"alignleft size-full wp-image-3995\" \/><\/td><td class=\"column-3\"><img src=\"http:\/\/monempresarial.com\/wp-content\/uploads\/2015\/03\/monempresarial-001_xavier-amores.png\" alt=\"Xavier Amores\" width=\"150\" height=\"150\" class=\"alignleft size-full wp-image-3967\" \/><\/td><td class=\"column-4\"><img src=\"http:\/\/monempresarial.com\/wp-content\/uploads\/2015\/03\/monempresarial-001_mercedes-rodriguez.png\" alt=\"monempresarial-001_mercedes-rodriguez\" width=\"149\" height=\"150\" class=\"alignleft size-full wp-image-3979\" \/><\/td>\n<\/tr>\n<tr class=\"row-5\">\n\t<td class=\"column-1\"><span style=\"font-weight: bold; text-transform:uppercase;\">Prepara els professionals<\/span> per ocupar una alta direcci\u00f3, orientats a resultats, per\u00f2 amb una visi\u00f3 integradora i humanista. L\u2019MBA de La Salle incorpora la metodologia <i>Grow Through Experiences<\/i> (l\u2019aprenentatge a trav\u00e9s de l\u2019experi\u00e8ncia) creada per psic\u00f2legs i experts en <i>gamificaci\u00f3<\/i> i habilitats directives. <\/td><td class=\"column-2\"><span style=\"font-weight: bold; text-transform:uppercase;\">Per a un directiu,<\/span> adquirir coneixements i habilitats rellevants en gesti\u00f3 i lideratge \u00e9s quelcom tan b\u00e0sic com respirar. Ara b\u00e9, si volem tenir \u00e8xit en l\u2019economia del coneixement, cal saber molt b\u00e9 qui som i qui no som: les nostres fortaleses, limitacions i valors. Avui dia, l\u2019assignatura m\u00e9s important de l\u2019MBA probablement sigui: <em>jo, directiu<\/em>.<\/td><td class=\"column-3\"><span style=\"font-weight: bold; text-transform:uppercase;\">Un MBA \u00e9s<\/span> una formaci\u00f3 pr\u00e0ctica i transversal en tota l\u2019organitzaci\u00f3 empresarial. En aquest sentit, \u00e9s una immersi\u00f3 personal i professional intensiva per adquirir una s\u00f2lida formaci\u00f3 en compet\u00e8ncies en les \u00e0rees clau que cal dominar en una companyia, aix\u00ed com en les habilitats, la visi\u00f3 estrat\u00e8gica i les capacitats de lideratge i innovaci\u00f3 que els directius d\u2019avui necessiten.<\/td><td class=\"column-4\"><span style=\"font-weight: bold; text-transform:uppercase;\">Els estudiants de l\u2019MBA<\/span> que tinguin un perfil d\u2019ADE rebran una visi\u00f3 molt pr\u00e0ctica de l\u2019empresa, complement fonamental a la seva formaci\u00f3. Per aquells que tinguin un perfil m\u00e9s divers, se\u2019ls obrir\u00e0 un m\u00f3n nou cap al coneixement de l\u2019empresa en termes generals. Per \u00faltim, els directius hi trobaran una eina per estar en constant reciclatge i millorar en la presa de decisions.   <\/td>\n<\/tr>\n<\/tbody>\n<\/table>\n<!-- #tablepress-60 from cache -->\n","protected":false},"excerpt":{"rendered":"<p>28 directors de programes ens donen la seva opini\u00f3 sobre quin \u00e9s el valor afegit d&#8217;aquesta formaci\u00f3 per a un directiu avui dia.<\/p>\n","protected":false},"author":1,"featured_media":3981,"comment_status":"open","ping_status":"open","sticky":false,"template":"","format":"standard","meta":{"_mi_skip_tracking":false,"mc4wp_mailchimp_campaign":[],"jnews-multi-image_gallery":[],"jnews_single_post":[],"jnews_primary_category":[]},"categories":[10830,32,10,10817],"tags":[452,468,453,469,454,470,455,471,456,472,457,473,458,474,459,475,460,476,461,477,180,462,478,241,463,448,464,449,465,450,466,451,467],"_links":{"self":[{"href":"https:\/\/www.monempresarial.com\/ca\/wp-json\/wp\/v2\/posts\/3852"}],"collection":[{"href":"https:\/\/www.monempresarial.com\/ca\/wp-json\/wp\/v2\/posts"}],"about":[{"href":"https:\/\/www.monempresarial.com\/ca\/wp-json\/wp\/v2\/types\/post"}],"author":[{"embeddable":true,"href":"https:\/\/www.monempresarial.com\/ca\/wp-json\/wp\/v2\/users\/1"}],"replies":[{"embeddable":true,"href":"https:\/\/www.monempresarial.com\/ca\/wp-json\/wp\/v2\/comments?post=3852"}],"version-history":[{"count":1,"href":"https:\/\/www.monempresarial.com\/ca\/wp-json\/wp\/v2\/posts\/3852\/revisions"}],"predecessor-version":[{"id":47140,"href":"https:\/\/www.monempresarial.com\/ca\/wp-json\/wp\/v2\/posts\/3852\/revisions\/47140"}],"wp:featuredmedia":[{"embeddable":true,"href":"https:\/\/www.monempresarial.com\/ca\/wp-json\/wp\/v2\/media\/3981"}],"wp:attachment":[{"href":"https:\/\/www.monempresarial.com\/ca\/wp-json\/wp\/v2\/media?parent=3852"}],"wp:term":[{"taxonomy":"category","embeddable":true,"href":"https:\/\/www.monempresarial.com\/ca\/wp-json\/wp\/v2\/categories?post=3852"},{"taxonomy":"post_tag","embeddable":true,"href":"https:\/\/www.monempresarial.com\/ca\/wp-json\/wp\/v2\/tags?post=3852"}],"curies":[{"name":"wp","href":"https:\/\/api.w.org\/{rel}","templated":true}]}}