{"id":40387,"date":"2023-04-06T09:00:47","date_gmt":"2023-04-06T07:00:47","guid":{"rendered":"https:\/\/www.monempresarial.com\/?p=40387"},"modified":"2025-09-24T10:44:20","modified_gmt":"2025-09-24T08:44:20","slug":"pensions-a-espanya-una-visio-iconoclasta","status":"publish","type":"post","link":"https:\/\/www.monempresarial.com\/ca\/2023\/04\/06\/pensions-a-espanya-una-visio-iconoclasta\/","title":{"rendered":"Pensions a Espanya: Una visi\u00f3 iconoclasta"},"content":{"rendered":"<p><strong>No hi ha cap dubte de que els Estats s\u00f3n un actor econ\u00f2mic de primer ordre. La seva capacitat legislativa i les seves decisions incideixen en el funcionament normal dels mercats i, per tant, en el comportament dels diferents actors econ\u00f2mics<\/strong><\/p>\n<h4><span style=\"color: #c92626;\"><strong><span style=\"text-transform: uppercase;\">Dr. Marcos Eguiguren. <\/span><\/strong><\/span> <strong>Associate Provost for Strategic Projects de UPF-Barcelona School of Management. Cofundador de SingularNet Consulting.<\/strong><\/h4>\n<hr style=\"color: #b72126;\" \/>\n<p>En algunes ocasions els Estats actuen per suavitzar possibles disfuncions en la manera com operen els mercats; en altres, malauradament massa, per alterar substancialment el comportament normal dels actors del mercat. Aquest darrer tipus d\u2019intervencions gaireb\u00e9 mai no comporta res de bo a llarg termini.<\/p>\n<p>Per\u00f2 si l\u2019intervencionisme excessiu \u00e9s preocupant, m\u00e9s ho \u00e9s quan interfereix en la percepci\u00f3 que el ciutadans tenen amb relaci\u00f3 als seus propis deures morals. \u00c9s en aquest context on haur\u00edem de situar el perenne debat sobre les pensions p\u00fabliques a Espanya.<\/p>\n<p>Abans de desgranar les meves tesis, conv\u00e9 que reconegui davant del lector que soc un d\u2019aquells molts ciutadans que t\u00e9 l\u2019edat de jubilaci\u00f3 a tocar i que, probablement, alguna de les coses que escrigui, pugui posar nervi\u00f3s a m\u00e9s d\u2019un que es trobi a la mateixa situaci\u00f3. No es preocupi vost\u00e8, no es tracta de veure qui guanya o qui perd en aquest tema en concret, sin\u00f3 d\u2019analitzar els grans dilemes de l\u2019economia des d\u2019un punt de vista sist\u00e8mic.<\/p>\n<p>Conv\u00e9 recordar que el sistema p\u00fablic de pensions espanyol es basa en el principi de repartiment que es fonamenta en la solidaritat generacional i en la presumpci\u00f3 que els treballadors en actiu en un moment determinat han de fer front a les prestacions de jubilaci\u00f3 de la generaci\u00f3 anterior. Res a objectar a un sistema d\u2019aquest tipus sempre i quan tinguem una pir\u00e0mide poblacional de base \u00e0mplia en qu\u00e8 les previsions a mitj\u00e0 termini no apunten a un canvi substancial en la seva forma.<\/p>\n<p>Per\u00f2 les coses no s\u00f3n aix\u00ed. Ja fa prop de tres d\u00e8cades que les previsions demogr\u00e0fiques espanyoles apunten tossudament a un r\u00e0pid envelliment de la poblaci\u00f3 que, fins i tot en els moments de m\u00e9s activitat econ\u00f2mica dels primers anys d\u2019aquest segle, no ha estat prou compensat per la immigraci\u00f3. Doncs b\u00e9, malgrat les evid\u00e8ncies, portem tres d\u00e8cades perdudes en les que hagu\u00e9ssim pogut haver redefinit l\u2019ess\u00e8ncia del model de pensions per perseguir un nou contracte social, i no hem sabut o no hem volgut fer-ho. La fallida en la sostenibilitat a llarg termini del principi de repartiment est\u00e0 posant en perill el compliment d\u2019altres principis clau del nostre sistema de pensions, como el d\u2019universalitat, el de proporcionalitat contributiva o el de sufici\u00e8ncia de prestacions.<\/p>\n<p>La incongru\u00e8ncia m\u00e9s visible de l\u2019actual sistema \u00e9s l\u2019intent constant de les nostres autoritats de quadrar uns comptes que a llarg termini s\u00f3n de molt dif\u00edcil ajust mitjan\u00e7ant una s\u00e8rie d\u2019ajustos normatius que permetin lleugeres millores dels comptes p\u00fablics, alhora que les necessitats electorals dels governs de torn ens porten a actualitzar la bossa de les pensions amb l\u2019IPC, a esfumar aix\u00ed qualsevol petita millora en el model de c\u00e0lcul i a haver de rec\u00f3rrer de forma constant als Pressupostos Generals de l\u2019Estat per poder quadrar els comptes de la Seguretat Social. No hi ha ning\u00fa que s\u00e0piga fer millors trampes al solitari que un govern. I aix\u00f2 no ha fet m\u00e9s que comen\u00e7ar.<\/p>\n<blockquote>\n<h4 style=\"color: #339999;\"><span style=\"color: #c92626;\"><img decoding=\"async\" loading=\"lazy\" class=\"alignright wp-image-40379\" src=\"https:\/\/www.monempresarial.com\/wp-content\/uploads\/2023\/03\/icono-calculadora-127x300.jpg\" alt=\"\" width=\"159\" height=\"376\" srcset=\"https:\/\/www.monempresarial.com\/wp-content\/uploads\/2023\/03\/icono-calculadora-127x300.jpg 127w, https:\/\/www.monempresarial.com\/wp-content\/uploads\/2023\/03\/icono-calculadora.jpg 215w\" sizes=\"(max-width: 159px) 100vw, 159px\" \/>La incongru\u00e8ncia m\u00e9s visible de l&#8217;actual sistema \u00e9s l&#8217;intent constant de les nostres autoritats de quadrar uns comptes que a llarg termini s\u00f3n de molt dif\u00edcil ajust<\/span><\/h4>\n<\/blockquote>\n<p>Per\u00f2 com ja comentava a l\u2019inici d\u2019aquestes l\u00ednies, per sobre de les incongru\u00e8ncies t\u00e8cniques hi ha un profund dilema moral en el nostre actual model de pensions. El contracte social impl\u00edcit que ha regit a la societat espanyola durant les \u00faltimes d\u00e8cades ha sigut del tipus \u201cvost\u00e8 treballi i cotitzi molts anys, i quan arribi el moment de la seva jubilaci\u00f3, no es preocupi, l\u2019Estat proveir\u00e0 dels ingressos m\u00ednims per a la seva superviv\u00e8ncia\u201d. Sospito que d\u2019aquesta forma l\u2019Estat s\u2019assegura una xarxa clientelar imbatible.<\/p>\n<p>Un sistema d\u2019aquestes caracter\u00edstiques i amb aquest contracte social impl\u00edcit que segueix regint sobre el paper \u00e9s d\u2019un aspecte moral dubt\u00f3s perqu\u00e8, amb l\u2019excusa de protegir el ciutad\u00e0, no l\u2019incentiva que faci seu el deure individual de preparar-se pel moment que deixi la vida professional activa. Un model de pensions com l\u2019espanyol ha desincentivat culturalment l\u2019estalvi a llarg termini i ha motivat que moltes fam\u00edlies arribin a l\u2019edat de jubilaci\u00f3 sense m\u00e9s estalvi, en el millor dels casos, que un habitatge en propietat.<\/p>\n<p>Com a s\u00fammum de les incongru\u00e8ncies, es dissenyen sistemes de suport a l\u2019estalvi col\u00b7lectiu que s\u00f3n tan complexos que no acaben tenint bona acollida per part d\u2019ocupadors i d\u2019empleats, i s\u2019eliminen els pocs avantatges fiscals de qu\u00e8 disposava l\u2019estalvi privat amb arguments ideol\u00f2gics de solv\u00e8ncia dubtosa.<\/p>\n<p>Hi ha pa\u00efsos del nostre entorn (alguns pa\u00efsos n\u00f2rdics i els Pa\u00efsos Baixos) amb sistemes p\u00fablics de pensions molt diferents al nostre basats en una combinaci\u00f3 de tres pilars: una pensi\u00f3 p\u00fablica relativament inferior a l\u2019espanyola i fonamentada en la contribuci\u00f3 real de l\u2019assegurat al llarg dels anys, un sistema d\u2019estalvi col\u00b7lectiu gaireb\u00e9 obligatori per als empleats en actiu, molt ben trenat i gestionat per empreses privades amb tutela p\u00fablica, i, finalment, una pol\u00edtica d\u2019incentivaci\u00f3 clara de l\u2019estalvi privat per a la jubilaci\u00f3.<\/p>\n<p>Fa molts anys que hagu\u00e9ssim hagut d\u2019iniciar una reforma profunda en aquesta direcci\u00f3 que es podria haver posat en funcionament progressivament per no lesionar els drets de les generacions en transici\u00f3. Tanmateix, la insist\u00e8ncia dels Estats a no atemptar contra la seva base clientelar fa impossibles reformes de pes, i el cas de las pensions a Espanya n\u2019\u00e9s un exemple perfecte. Amb un sistema diferent podr\u00edem avan\u00e7ar en el sanejament dels comptes p\u00fablics, incentivar l\u2019estalvi a llarg termini i tenir una economia amb m\u00e9s capacitat d\u2019inversi\u00f3 i m\u00e9s rica, i, el que \u00e9s m\u00e9s important, una ciutadania m\u00e9s lliure, amb uns coneixements financers millors i m\u00e9s conscient del seu veritable rol com actor econ\u00f2mic i, sobretot, de la seva corresponsabilitat moral sobre el seu futur a llarg termini.<\/p>\n","protected":false},"excerpt":{"rendered":"<p>No hi ha cap dubte de que els Estats s\u00f3n un actor econ\u00f2mic de primer ordre. La seva capacitat legislativa i les seves decisions incideixen en el funcionament normal dels mercats i, per tant, en el comportament dels diferents actors econ\u00f2mics<\/p>\n","protected":false},"author":41,"featured_media":40392,"comment_status":"closed","ping_status":"open","sticky":false,"template":"","format":"standard","meta":{"_mi_skip_tracking":false,"mc4wp_mailchimp_campaign":[],"jnews-multi-image_gallery":[],"jnews_single_post":{"source_name":"","source_url":"","via_name":"","via_url":"","override_template":"0","override":[{"template":"1","single_blog_custom":"","parallax":"1","fullscreen":"1","layout":"right-sidebar","sidebar":"default-sidebar","second_sidebar":"default-sidebar","sticky_sidebar":"1","share_position":"bottom","share_float_style":"share-monocrhome","show_share_counter":"1","show_view_counter":"1","show_featured":"1","show_post_meta":"1","show_post_author":"1","show_post_author_image":"1","show_post_date":"1","post_date_format":"default","post_date_format_custom":"Y\/m\/d","show_post_category":"0","show_post_reading_time":"1","post_reading_time_wpm":"300","show_zoom_button":"0","zoom_button_out_step":"2","zoom_button_in_step":"3","show_post_tag":"1","show_prev_next_post":"0","show_popup_post":"1","number_popup_post":"2","show_author_box":"1","show_post_related":"1","show_inline_post_related":"1"}],"override_image_size":"0","image_override":[{"single_post_thumbnail_size":"crop-715","single_post_gallery_size":"crop-500"}],"trending_post":"0","trending_post_position":"meta","trending_post_label":"Trending","sponsored_post":"0","sponsored_post_label":"Sponsored by","sponsored_post_name":"","sponsored_post_url":"","sponsored_post_logo_enable":"0","sponsored_post_logo":"","sponsored_post_desc":"","disable_ad":"0"},"jnews_primary_category":{"id":"10844","hide":""}},"categories":[10815,10844],"tags":[113,399,1000],"_links":{"self":[{"href":"https:\/\/www.monempresarial.com\/ca\/wp-json\/wp\/v2\/posts\/40387"}],"collection":[{"href":"https:\/\/www.monempresarial.com\/ca\/wp-json\/wp\/v2\/posts"}],"about":[{"href":"https:\/\/www.monempresarial.com\/ca\/wp-json\/wp\/v2\/types\/post"}],"author":[{"embeddable":true,"href":"https:\/\/www.monempresarial.com\/ca\/wp-json\/wp\/v2\/users\/41"}],"replies":[{"embeddable":true,"href":"https:\/\/www.monempresarial.com\/ca\/wp-json\/wp\/v2\/comments?post=40387"}],"version-history":[{"count":6,"href":"https:\/\/www.monempresarial.com\/ca\/wp-json\/wp\/v2\/posts\/40387\/revisions"}],"predecessor-version":[{"id":47513,"href":"https:\/\/www.monempresarial.com\/ca\/wp-json\/wp\/v2\/posts\/40387\/revisions\/47513"}],"wp:featuredmedia":[{"embeddable":true,"href":"https:\/\/www.monempresarial.com\/ca\/wp-json\/wp\/v2\/media\/40392"}],"wp:attachment":[{"href":"https:\/\/www.monempresarial.com\/ca\/wp-json\/wp\/v2\/media?parent=40387"}],"wp:term":[{"taxonomy":"category","embeddable":true,"href":"https:\/\/www.monempresarial.com\/ca\/wp-json\/wp\/v2\/categories?post=40387"},{"taxonomy":"post_tag","embeddable":true,"href":"https:\/\/www.monempresarial.com\/ca\/wp-json\/wp\/v2\/tags?post=40387"}],"curies":[{"name":"wp","href":"https:\/\/api.w.org\/{rel}","templated":true}]}}