{"id":40412,"date":"2023-04-06T09:00:04","date_gmt":"2023-04-06T07:00:04","guid":{"rendered":"https:\/\/www.monempresarial.com\/?p=40412"},"modified":"2025-09-24T10:44:25","modified_gmt":"2025-09-24T08:44:25","slug":"la-sostenibilitat-de-les-pensions-pensions-nomes-publiques","status":"publish","type":"post","link":"https:\/\/www.monempresarial.com\/ca\/2023\/04\/06\/la-sostenibilitat-de-les-pensions-pensions-nomes-publiques\/","title":{"rendered":"Pensions, nom\u00e9s p\u00fabliques?<\/span>"},"content":{"rendered":"<p><strong>Comencem pel principi: qu\u00e8 \u00e9s una pensi\u00f3 de jubilaci\u00f3? \u00c9s una retribuci\u00f3 que es percep per poder viure en un moment de la vida en qu\u00e8 per ra\u00f3 d&#8217;edat no es pot treballar o no s\u2019ha de treballar i, per tant, no es tenen ingressos per renda de treball.<\/strong><\/p>\n<h4><strong><span style=\"color: #719f8c;\">JOS\u00c9 M\u00aa GALILEA.<\/span><\/strong> <strong>Soci fundador i president de Grup Galilea Puig, Corredur\u00edas d&#8217;Assegurances Associades, SA.<br \/>\n<\/strong><\/h4>\n<hr \/>\n<p>Els diners necessaris per al finan\u00e7ament de la retribuci\u00f3 de la jubilaci\u00f3 poden provenir de l\u2019estalvi de l\u2019\u00e8poca activa de cadasc\u00fa o de l\u2019erari. Tanmateix, l\u2019erari no genera diners. Els anomenats diners p\u00fablics no existeixen, sin\u00f3 que sempre procedeixen dels impostos, les taxes, els aranzels i l\u2019activitat privada, i l\u2019Administraci\u00f3 els recapta de qualsevol moviment econ\u00f2mic, financer o mercantil, i fins i tot dels salaris dels individus; \u00e9s a dir, procedeix de l\u2019activitat de les persones tant f\u00edsiques com jur\u00eddiques.<\/p>\n<blockquote>\n<h4><span style=\"color: #719f8c;\"><img decoding=\"async\" loading=\"lazy\" class=\"alignright wp-image-40400\" src=\"https:\/\/www.monempresarial.com\/wp-content\/uploads\/2023\/03\/icono-edificio-224x300.jpg\" alt=\"\" width=\"153\" height=\"205\" srcset=\"https:\/\/www.monempresarial.com\/wp-content\/uploads\/2023\/03\/icono-edificio-224x300.jpg 224w, https:\/\/www.monempresarial.com\/wp-content\/uploads\/2023\/03\/icono-edificio.jpg 248w\" sizes=\"(max-width: 153px) 100vw, 153px\" \/>L&#8217;anomenat diner p\u00fablic no existeix, sin\u00f3 que sempre procedeix dels impostos, les taxes, els aranzels i l&#8217;activitat privada<br \/>\n<\/span><\/h4>\n<\/blockquote>\n<p>Aquests diners \u201cextrets\u201d de la societat activa i productiva passen per la trituradora de l\u2019Estat i, descomptades les despeses de l\u2019Administraci\u00f3, el cost dels serveis que l\u2019Estat ha de proveir i altres circuits i destins complexos, es tornen al ciutad\u00e0, per\u00f2 segons un repartiment amb criteri pol\u00edtic de vegades electoralista i per desgr\u00e0cia gaireb\u00e9 mai t\u00e8cnic, ni realista, ni social.<br \/>\nCom \u00e9s possible que en pocs dies des de l\u2019Administraci\u00f3 de l\u2019Estat decideixin augmentar totes les pensions, allargar el per\u00edode de c\u00e0lcul i destruir i penalitzar l\u2019estalvi particular a llarg termini, la base de la pensi\u00f3 privada?<br \/>\nHi ha o no hi ha diners per a les pensions p\u00fabliques? Evidentment, no. Perqu\u00e8 recordem que, pel sistema vigent de repartiment, s\u00f3n les persones actives, amb les cotitzacions i els impostos, les que paguen les pensions de jubilaci\u00f3. Per\u00f2 sabem des de fa temps que la pir\u00e0mide d\u2019edat s\u2019ha invertit completament i avui dia es dona una desproporci\u00f3 entre la poblaci\u00f3 activa i la jubilada, fet que no passava quan es va instaurar aquest sistema. D&#8217;una banda, l\u2019esperan\u00e7a de vida ha crescut exponencialment (viuen m\u00e9s de 18.000 centenaris a Espanya) i, de l\u2019altra, hi ha un percentatge alt\u00edssim de poblaci\u00f3 activa a l\u2019atur.<\/p>\n<blockquote>\n<h4><span style=\"color: #719f8c;\">La pir\u00e0mide d&#8217;edat s&#8217;ha invertit completament i avui dia es dona desproporci\u00f2 entre la poblaci\u00f3 activa i la jubilada, fet que no passava quan es va instaurar aquest sistema<br \/>\n<\/span><\/h4>\n<\/blockquote>\n<p>A m\u00e9s, tot aix\u00f2 es dona en una situaci\u00f3 en qu\u00e8 l\u2019Estat pot arribar a recaptar un 50% de l\u2019import total del cost d\u2019una n\u00f2mina a trav\u00e9s de l\u2019IRPF, que es ret\u00e9 a l\u2019empleat, i de la cotitzaci\u00f3 a la Seguretat Social, que ha de pagar l\u2019empresa. Si el mateix Estat diu, i \u00e9s cert, que no t\u00e9 diners, en qu\u00e8 s\u2019est\u00e0 gastant aquesta quantitat ingent d\u2019impostos? Evidentment, el sistema no funciona i cal revisar-lo, i amb m\u00e9s motiu despr\u00e9s dels reiterats avisos de Brussel\u00b7les.<br \/>\nAix\u00ed, per entendre millor el que est\u00e0 passant, val la pena recordar les paraules del catedr\u00e0tic i exministre d\u2019Economia Enrique Fuentes Quintana a les preguntes d\u2019un espavilat i perspica\u00e7 periodista:<br \/>\n\u2014 Est\u00e0 malament la Seguretat Social?<br \/>\n\u2014S\u00ed.<br \/>\n\u2014 T\u00e9 soluci\u00f3?<br \/>\n\u2014S\u00ed.<br \/>\n\u2014 Se solucionar\u00e0?<br \/>\n\u2014 No, perqu\u00e8 els per\u00edodes electorals s\u00f3n de nom\u00e9s quatre anys i no fan possible implementar solucions sense cost electoral.<\/p>\n<blockquote>\n<h4><span style=\"color: #719f8c;\"><img decoding=\"async\" loading=\"lazy\" class=\"alignright wp-image-40402\" src=\"https:\/\/www.monempresarial.com\/wp-content\/uploads\/2023\/03\/icono-engranaje.jpg\" alt=\"\" width=\"76\" height=\"79\" \/>El sistema no funciona i s&#8217;ha de revisar, i amb m\u00e9s motiu despr\u00e9s dels reiterats avisos de Brussel.les<br \/>\n<\/span><\/h4>\n<\/blockquote>\n<p>Aix\u00ed doncs, sembla que des de fa molts anys se sabia que no hi havia soluci\u00f3 per a la situaci\u00f3 de les pensions de jubilaci\u00f3 sota l\u2019estructura pol\u00edtica actual i que no s\u2019arreglaria ni amb els Pactes de Toledo. A m\u00e9s, la situaci\u00f3 hist\u00f2ricament dif\u00edcil i amb in\u00e8rcia complicada s\u2019ha anat agreujant per decisions \u00fanicament electoralistes i per l\u2019aplicaci\u00f3 de pol\u00edtiques a curt termini.<br \/>\nEn aquest sentit, cal recordar que la primera pensi\u00f3 p\u00fablica la va establir Bismarck el 1889 i es comen\u00e7ava a cobrar als 70 anys, per\u00f2 en aquella \u00e8poca l\u2019esperan\u00e7a de vida era de poc menys de 65 anys i a m\u00e9s la pir\u00e0mide d\u2019edat era inversa a l\u2019actual, amb molta m\u00e9s gent activa que no pas jubilada.<br \/>\nAbans que els diners siguin absorbits per l\u2019Estat, es podria fer que ni els estalvis ni les seves rendes ni les plusv\u00e0lues tributin (male\u00eft impost de patrimoni), que les aportacions a l\u2019estalvi finalista no tributin per renda i que l\u2019empresa tamb\u00e9 pugui contribuir sense penalitzaci\u00f3 impositiva. Aix\u00ed, amb una bona legislaci\u00f3 fiscal i mentalitzant els ciutadans de la import\u00e0ncia de l\u2019estalvi privat com a complement a la jubilaci\u00f3, es podrien fer miracles. Fins i tot seria bo deixar d\u2019enviar el missatge que tot dep\u00e8n del \u201cpare Estat\u201d. En paraules de Warren Buffett, \u201cNo estalvi\u00efs el que queda despr\u00e9s de gastar, gasta all\u00f2 que queda despr\u00e9s d\u2019estalviar\u201d.<br \/>\nDe tota manera, que ning\u00fa pensi que nom\u00e9s amb l\u2019estalvi privat podr\u00edem resoldre el problema de les pensions, per\u00f2 tampoc no \u00e9s factible pensar en solucionar-lo nom\u00e9s amb diners p\u00fablics, que com ja hem recordat nom\u00e9s es genera detraient-lo de l\u2019activitat privada.<\/p>\n<blockquote>\n<h4><span style=\"color: #719f8c;\"><img decoding=\"async\" loading=\"lazy\" class=\"alignright wp-image-40404\" src=\"https:\/\/www.monempresarial.com\/wp-content\/uploads\/2023\/03\/icono-cerdos-300x167.jpg\" alt=\"\" width=\"329\" height=\"183\" srcset=\"https:\/\/www.monempresarial.com\/wp-content\/uploads\/2023\/03\/icono-cerdos-300x167.jpg 300w, https:\/\/www.monempresarial.com\/wp-content\/uploads\/2023\/03\/icono-cerdos.jpg 513w\" sizes=\"(max-width: 329px) 100vw, 329px\" \/>Que ning\u00fa pensi que nom\u00e9s amb l&#8217;estalvi privat podr\u00edem resoldre el problema de les pensions, per\u00f2 tampoc no \u00e9s factible pensar a solucionar-lo nom\u00e9s amb diner p\u00fablic<br \/>\n<\/span><\/h4>\n<\/blockquote>\n<p>Un exemple sagnant i semblant el tenim tamb\u00e9 a la Sanitat. Un 24% de ciutadans espanyols paguem asseguran\u00e7a privada de salut sense cap incentiu fiscal (abans s\u00ed que n\u2019hi havia). Qu\u00e8 passaria si an\u00e9ssim tots a la sanitat p\u00fablica per no tenir assist\u00e8ncia privada de salut? El col\u00b7lapse seria encara m\u00e9s monumental. No \u00e9s l\u00f2gic un benefici fiscal a qui no fa us dels recursos p\u00fablics, facilitant aix\u00ed l\u2019acc\u00e9s als serveis als altres ciutadans?<br \/>\nParlem de la jubilaci\u00f3 p\u00fablica. Deixeu de prendre decisions electoralistes i afronteu realitats com que l\u2019edat de jubilaci\u00f3 hauria d\u2019anar en funci\u00f3 de l\u2019activitat realitzada: no \u00e9s el mateix un treball manual amb esfor\u00e7 f\u00edsic que un altre intel\u00b7lectual i sedentari. Una altra variable que cal tenir en compte hauria de ser la salut i l\u2019estat f\u00edsic que li depari la vida; sovint es barregen les pensions d\u2019invalidesa amb les de jubilaci\u00f3.<br \/>\nHaur\u00edem d\u2019entendre que la soluci\u00f3 \u00e9s la col\u00b7laboraci\u00f3 publicoprivada ja que, com est\u00e0 comprovat, aquest male\u00eft sistema d\u2019espr\u00e9mer el ciutad\u00e0 per despr\u00e9s tornar part a la poblaci\u00f3 no t\u00e9 futur. Anar ampliant els anys de c\u00e0lcul \u2013dos anys al principi, despr\u00e9s vuit, m\u00e9s tard quinze, despr\u00e9s vint, m\u00e9s endavant vint-i-cinc (i sabem que s\u2019acabar\u00e0 amb tota la vida laboral)\u2013 no \u00e9s la soluci\u00f3.<br \/>\nPretendre augmentar m\u00e9s les cotitzacions, augmentar les pensions segons l\u2019IPC i suprimir gaireb\u00e9 tota ajuda a l\u2019estalvi (incl\u00f2s el finalista dels particulars) \u00e9s intentar deixar el ciutad\u00e0 a les mans de l\u2019Estat i aix\u00f2 no \u00e9s bo, ni des del punt de vista financer, ni social, ni \u00e8tic. I, a m\u00e9s, no \u00e9s sostenible.<br \/>\nAix\u00ed, doncs, i resumint, cal tenir en compte dues fonts d\u2019ingressos per a les pensions: els diners p\u00fablics i l\u2019estalvi privat. I en relaci\u00f3 amb aix\u00f2, cal administrar millor els diners p\u00fablics i fomentar fiscalment l\u2019estalvi.<\/p>\n","protected":false},"excerpt":{"rendered":"<p>Comencem pel principi: qu\u00e8 \u00e9s una pensi\u00f3 de jubilaci\u00f3? \u00c9s una retribuci\u00f3 que es percep per poder viure en un moment de la vida en qu\u00e8 per ra\u00f3 d&#8217;edat no es pot treballar o no s\u2019ha de treballar i, per tant, no es tenen ingressos per renda de treball.<\/p>\n","protected":false},"author":66,"featured_media":40413,"comment_status":"closed","ping_status":"open","sticky":false,"template":"","format":"standard","meta":{"_mi_skip_tracking":false,"mc4wp_mailchimp_campaign":[],"jnews-multi-image_gallery":[],"jnews_single_post":{"source_name":"","source_url":"","via_name":"","via_url":"","override_template":"0","override":[{"template":"1","single_blog_custom":"","parallax":"1","fullscreen":"1","layout":"right-sidebar","sidebar":"default-sidebar","second_sidebar":"default-sidebar","sticky_sidebar":"1","share_position":"bottom","share_float_style":"share-monocrhome","show_share_counter":"1","show_view_counter":"1","show_featured":"1","show_post_meta":"1","show_post_author":"1","show_post_author_image":"1","show_post_date":"1","post_date_format":"default","post_date_format_custom":"Y\/m\/d","show_post_category":"0","show_post_reading_time":"1","post_reading_time_wpm":"300","show_zoom_button":"0","zoom_button_out_step":"2","zoom_button_in_step":"3","show_post_tag":"1","show_prev_next_post":"0","show_popup_post":"1","number_popup_post":"2","show_author_box":"1","show_post_related":"1","show_inline_post_related":"1"}],"override_image_size":"0","image_override":[{"single_post_thumbnail_size":"crop-715","single_post_gallery_size":"crop-500"}],"trending_post":"0","trending_post_position":"meta","trending_post_label":"Trending","sponsored_post":"0","sponsored_post_label":"Sponsored by","sponsored_post_name":"","sponsored_post_url":"","sponsored_post_logo_enable":"0","sponsored_post_logo":"","sponsored_post_desc":"","disable_ad":"0"},"jnews_primary_category":{"id":"10816","hide":""}},"categories":[10846,10816],"tags":[113,1000],"_links":{"self":[{"href":"https:\/\/www.monempresarial.com\/ca\/wp-json\/wp\/v2\/posts\/40412"}],"collection":[{"href":"https:\/\/www.monempresarial.com\/ca\/wp-json\/wp\/v2\/posts"}],"about":[{"href":"https:\/\/www.monempresarial.com\/ca\/wp-json\/wp\/v2\/types\/post"}],"author":[{"embeddable":true,"href":"https:\/\/www.monempresarial.com\/ca\/wp-json\/wp\/v2\/users\/66"}],"replies":[{"embeddable":true,"href":"https:\/\/www.monempresarial.com\/ca\/wp-json\/wp\/v2\/comments?post=40412"}],"version-history":[{"count":7,"href":"https:\/\/www.monempresarial.com\/ca\/wp-json\/wp\/v2\/posts\/40412\/revisions"}],"predecessor-version":[{"id":47514,"href":"https:\/\/www.monempresarial.com\/ca\/wp-json\/wp\/v2\/posts\/40412\/revisions\/47514"}],"wp:featuredmedia":[{"embeddable":true,"href":"https:\/\/www.monempresarial.com\/ca\/wp-json\/wp\/v2\/media\/40413"}],"wp:attachment":[{"href":"https:\/\/www.monempresarial.com\/ca\/wp-json\/wp\/v2\/media?parent=40412"}],"wp:term":[{"taxonomy":"category","embeddable":true,"href":"https:\/\/www.monempresarial.com\/ca\/wp-json\/wp\/v2\/categories?post=40412"},{"taxonomy":"post_tag","embeddable":true,"href":"https:\/\/www.monempresarial.com\/ca\/wp-json\/wp\/v2\/tags?post=40412"}],"curies":[{"name":"wp","href":"https:\/\/api.w.org\/{rel}","templated":true}]}}