{"id":40499,"date":"2023-04-12T09:00:07","date_gmt":"2023-04-12T07:00:07","guid":{"rendered":"https:\/\/www.monempresarial.com\/?p=40499"},"modified":"2025-09-24T10:44:09","modified_gmt":"2025-09-24T08:44:09","slug":"tendencies-2030-les-tres-pensions-del-2027","status":"publish","type":"post","link":"https:\/\/www.monempresarial.com\/ca\/2023\/04\/12\/tendencies-2030-les-tres-pensions-del-2027\/","title":{"rendered":"Tend\u00e8ncies 2030. Les tres pensions del 2027"},"content":{"rendered":"<p><strong>Les \u00faltimes estad\u00edstiques de l\u2019Eurostat, publicades a principis del 2030, confirmen la forta tend\u00e8ncia a l\u2019envelliment durant les properes d\u00e8cades a la UE. Des del 2020, s\u2019ha incrementat lleugerament la poblaci\u00f3, per\u00f2 la proporci\u00f3 dels m\u00e9s grans de 65 anys s\u2019ha disparat fins a arribar a un de cada cinc habitants. La situaci\u00f3 \u00e9s pitjor a Espanya: un de cada quatre espanyols supera els 65 anys. En una d\u00e8cada, hem passat dels 9,7 milions de pensions contributives als 12 milions el 2030. Com s\u2019estan pagant el 2030 aquestes percepcions socials? El 2027, es va produir un canvi assenyalat en el finan\u00e7ament de les prestacions per jubilaci\u00f3.<\/strong><\/p>\n<h4><span style=\"color: #d65a06;\"><strong>JOSEP-FRANCE<span style=\"color: #d65a06;\">SC V<\/span>ALLS. <\/strong><\/span><strong>Director de la C\u00e0tedra d&#8217;escenaris de futur retail, turisme i serveis de la BSM-UPF<br \/>\n<\/strong><\/h4>\n<hr style=\"color: #b72126;\" \/>\n<p>\u2014 En els sistemes de repartiment, tot dep\u00e8n de la proporci\u00f3 de cotitzadors a la Seguretat Social i de pensionistes. Continuo sent partidari de la solidaritat intergeneracional, per\u00f2 l\u2019envelliment de la poblaci\u00f3 deixava poc marge per no erosionar definitivament els comptes de l\u2019Estat. Entre el 2020 i el 2030, el cost de les pensions ha passat de l\u201911% del PIB al 13%; malauradament s\u2019han complert les previsions de l\u2019AIREF per a la d\u00e8cada. El tema es va crispar m\u00e9s encara i finalment la dreta el 2027 va implantar un sistema de capitalitzaci\u00f3.<br \/>\nQui ha pres primer la paraula \u00e9s un antic ministre de la Seguretat Social, defensor a ultran\u00e7a del sistema tradicional, encara que no va ser capa\u00e7 de tancar la quadratura del cercle. A m\u00e9s de l\u2019exministre, participen a la tert\u00falia d\u2019avui la directora general d\u2019una fundaci\u00f3 europea, que ha intervingut a tots els informes de l\u2019Eurostat sobre el tema, alhora que ha promogut el llibre blanc sobre la gesti\u00f3 del talent s\u00e8nior a Espanya; el professor de productivitat d\u2019una prestigiosa escola de negocis, i l\u2019economista en cap del servei d\u2019estudis d&#8217;un dels grans bancs, que va participar activament a les negociacions de la f\u00f3rmula implantada el 2027.<\/p>\n<p><span style=\"color: #d65a06;\"><strong>ON S&#8217;ANAVA A PLORAR<\/strong><\/span><br \/>\n\u2014 Ens preguntem qu\u00e8 fer amb aquest col\u00b7lectiu creixent i for\u00e7a marginalitzat, quins canals s\u2019habiliten per a les seves aportacions a la societat i sobretot amb quins recursos viure \u2014obro el debat d&#8217;avui.<br \/>\n\u2014 Com deia el ministre \u2014interv\u00e9 l\u2019economista en cap\u2014, l\u2019agulla de la balan\u00e7a en els sistemes de repartiment \u00e9s a la r\u00e0tio entre poblaci\u00f3 activa i poblaci\u00f3 passiva. Mentre els primers eren capa\u00e7os de finan\u00e7ar els segons, tot anava b\u00e9, per\u00f2 quan la corba de l\u2019envelliment de la poblaci\u00f3 es va accelerar el 2000, i encara m\u00e9s arran de l\u2019encadenament de la crisi del 2008 i del 2020, la recuperaci\u00f3 de l\u2019equilibri va resultar impossible. Les despeses creixents s\u2019ho emporten tot. Des de la creaci\u00f3 del Pacte de Toledo el 1995, on nom\u00e9s s\u2019anava a plorar i a fer declaracions altisonants, m\u00e9s paraules benvolents que resolucions. La dreta ajustava les pensions al context econ\u00f2mic; l\u2019esquerra les assegurava, les revalorava i millorava les percepcions m\u00e9s baixes, fos quina fos la conjuntura.<\/p>\n<blockquote>\n<h4 style=\"color: #d65a06;\"><span style=\"color: #d65a06;\"><img decoding=\"async\" loading=\"lazy\" class=\"alignright wp-image-40434\" src=\"https:\/\/www.monempresarial.com\/wp-content\/uploads\/2023\/03\/icono-anciano-300x217.jpg\" alt=\"\" width=\"203\" height=\"147\" srcset=\"https:\/\/www.monempresarial.com\/wp-content\/uploads\/2023\/03\/icono-anciano-300x217.jpg 300w, https:\/\/www.monempresarial.com\/wp-content\/uploads\/2023\/03\/icono-anciano-120x86.jpg 120w, https:\/\/www.monempresarial.com\/wp-content\/uploads\/2023\/03\/icono-anciano.jpg 367w\" sizes=\"(max-width: 203px) 100vw, 203px\" \/>Quan la corba de l&#8217;envelliment de la poblaci\u00f3 es va accelerar el 2000, i encara arran de l&#8217;encadenament de les crisis del 2008 i del 2020, la recuperaci\u00f3 de l&#8217;equilibri va resultar impossible<br \/>\n<\/span><\/h4>\n<\/blockquote>\n<p>\u2014 El 2027, vost\u00e8s van optar per la soluci\u00f3 liberal \u2014interv\u00e9 la directora general de la fundaci\u00f3 europea\u2014: van privatitzar les pensions.<br \/>\n\u2014 No ens va quedar m\u00e9s remei que seguir el model d\u2019Alemanya, Su\u00efssa, Su\u00e8cia, Pa\u00efsos Baixos o el Canad\u00e0, pa\u00efsos que havien resolt definitivament el finan\u00e7ament \u2014respon l\u2019economista en cap\u2014. Feia anys que aquests pa\u00efsos van evitar el col\u00b7lapse diversificant les fonts de les pensions. Dir\u00edem que les van destruir. Com? En aquests pa\u00efsos, la gent gran t\u00e9 tres fonts d\u2019ingressos al final de la vida laboral. La primera \u00e9s una percepci\u00f3 b\u00e0sica per a tothom, finan\u00e7ada per l\u2019Estat. La segona, la suma de la capitalitzaci\u00f3 de les aportacions mensuals efectuades per l\u2019empresa i pel treballador durant tota la vida laboral. I la tercera, el resultat dels plans individuals de pensions. A m\u00e9s a m\u00e9s, es van afegir dues liberalitzacions importants que ja anaven madurant durant la d\u00e8cada: una, la llibertat de jubilar-se a l\u2019edat que m\u00e9s convingui a cada persona, i dues, la llibertat de compaginar les pensions amb altres tasques remunerades. Un decideix si es cultivar\u00e0 l\u2019hort i jugar\u00e0 a la petanca, o es vincular\u00e0 a tasques, siguin remunerades o no. Aix\u00f2 \u00e9s el que intentem adaptar a Espanya.<\/p>\n<p>&nbsp;<\/p>\n<p><img decoding=\"async\" loading=\"lazy\" class=\"aligncenter wp-image-40507\" src=\"https:\/\/www.monempresarial.com\/wp-content\/uploads\/2023\/03\/cuadre-cat-1-300x215.jpg\" alt=\"\" width=\"527\" height=\"377\" srcset=\"https:\/\/www.monempresarial.com\/wp-content\/uploads\/2023\/03\/cuadre-cat-1-300x215.jpg 300w, https:\/\/www.monempresarial.com\/wp-content\/uploads\/2023\/03\/cuadre-cat-1-600x430.jpg 600w, https:\/\/www.monempresarial.com\/wp-content\/uploads\/2023\/03\/cuadre-cat-1-120x86.jpg 120w, https:\/\/www.monempresarial.com\/wp-content\/uploads\/2023\/03\/cuadre-cat-1-350x250.jpg 350w, https:\/\/www.monempresarial.com\/wp-content\/uploads\/2023\/03\/cuadre-cat-1-750x538.jpg 750w, https:\/\/www.monempresarial.com\/wp-content\/uploads\/2023\/03\/cuadre-cat-1.jpg 886w\" sizes=\"(max-width: 527px) 100vw, 527px\" \/><\/p>\n<p>\u2014 No em negar\u00e0 que aquesta f\u00f3rmula ha eixamplat encara m\u00e9s les difer\u00e8ncies entre els rics i els pobres durant els tres anys de vig\u00e8ncia del nou pla \u2014interv\u00e9 la directora general de la fundaci\u00f3 europea\u2014. En la desconstrucci\u00f3 a qu\u00e8 es refereix, la pensi\u00f3 b\u00e0sica iguala per baix, poc i malament; els m\u00e9s avantatjats omplen les seves arques a trav\u00e9s de les altres dues fonts. En nom\u00e9s tres anys, es pot constatar l\u2019empobriment creixent de la gent gran. Per mi, governar \u00e9s proporcionar a tota la poblaci\u00f3 el millor estat del benestar possible. I s\u2019hi inclou, sens dubte, prou recursos per viure els vint, trenta o quaranta \u00faltims anys.<\/p>\n<blockquote>\n<h4 style=\"color: #d65a06;\"><span style=\"color: #d65a06;\"><img decoding=\"async\" loading=\"lazy\" class=\"alignright wp-image-40430\" src=\"https:\/\/www.monempresarial.com\/wp-content\/uploads\/2023\/03\/icono-estrella-300x274.jpg\" alt=\"\" width=\"218\" height=\"199\" srcset=\"https:\/\/www.monempresarial.com\/wp-content\/uploads\/2023\/03\/icono-estrella-300x274.jpg 300w, https:\/\/www.monempresarial.com\/wp-content\/uploads\/2023\/03\/icono-estrella.jpg 302w\" sizes=\"(max-width: 218px) 100vw, 218px\" \/>Considero que l&#8217;estat del benestar no va n\u00e9ixer per als rics: grava les rendes proporcionalment als ingressos per millorar les condicions del menys afortunats<br \/>\n<\/span><\/h4>\n<\/blockquote>\n<p>\u2014 Quant seria per a vost\u00e8 prou diners? Amb quins fons cobriria aquesta millora de les percepcions per jubilaci\u00f3? \u2014li q\u00fcestiona l\u2019economista en cap.<br \/>\n\u2014 A la primera q\u00fcesti\u00f3 li responc que cada pa\u00eds coneix quin \u00e9s el m\u00ednim vital per als seus. I a la segona, que dels pressupostos generals \u2014respon la directora de la fundaci\u00f3\u2014. Governar \u00e9s oferir serveis p\u00fablics i repartir la riquesa. Com vost\u00e8 deduir\u00e0, soc keynesiana. Per aix\u00f2 considero que l\u2019estat del benestar no va n\u00e9ixer per als rics: grava les rendes proporcionalment als ingressos per millorar les condicions dels menys afortunats.<\/p>\n<p><span style=\"color: #d65a06;\"><strong>APROFITAMENT DEL TALENT S\u00c8NIOR<br \/>\n<\/strong><\/span>\u2014 No em negaran que en aquest trienni 2027-2030 s\u2019ha produ\u00eft un repunt considerable de l\u2019aprofitament del talent s\u00e8nior a la societat europea \u2014interv\u00e9 el professor expert en productivitat\u2014. L\u2019arrencada definitiva de la digitalitzaci\u00f3, les pol\u00edtiques natalistes i la modernitzaci\u00f3 de la pol\u00edtica immigrat\u00f2ria han fet oblidar els crits que corrien a principis de la d\u00e8cada del 2020 que culpaven els m\u00e9s grans de la descapitalitzaci\u00f3 de llocs de treball per als joves. El nou sistema de pensions ha alliberat recursos impressionants que coadjuven la creaci\u00f3 d\u2019ocupaci\u00f3 de qualitat per a ells alhora que es recupera el talent s\u00e8nior disponible, tant de les persones no dependents com de les dependents. Fixeu-vos en el Jap\u00f3: l\u2019edat de jubilaci\u00f3 no \u00e9s una barrera i les empreses tiren m\u00e0 dels s\u00e8niors per a tot tipus de funcions. El Banc d\u2019Espanya argu\u00efa en el passat que si la poblaci\u00f3 treball\u00e9s fins als 70 anys, el 2050 es reduiria dotze punts la taxa de depend\u00e8ncia i entre un 2 i un 4% el PIB.<\/p>\n<blockquote>\n<h4 style=\"color: #d65a06;\"><span style=\"color: #d65a06;\"><img decoding=\"async\" loading=\"lazy\" class=\"alignright wp-image-40432\" src=\"https:\/\/www.monempresarial.com\/wp-content\/uploads\/2023\/03\/icono-islas.jpg\" alt=\"\" width=\"290\" height=\"332\" \/>Fixeu-vos en el Jap\u00f3: l&#8217;edat de jubilaci\u00f3 no \u00e9s una barrera i les empreses tiren m\u00e0 dels s\u00e8niors per a tipus de funcions<br \/>\n<\/span><\/h4>\n<\/blockquote>\n<p>Per acabar, els demano un posicionament final sobre la q\u00fcesti\u00f3.<br \/>\n\u2014 No m&#8217;agrada el sistema de repartiment tal com es va mantenir fins al 2027, per\u00f2 al nou hem perdut definitivament l\u2019oportunitat de ser solidaris \u2014recapitula la directora general de la fundaci\u00f3 europea\u2014. La dreta ha aprofitat per privatitzar les pensions i atorgar la gesti\u00f3 de les ingents sumes estalviades a mans privades, igual que la sanitat.<br \/>\n\u2014 Jo m\u2019alegro de la tend\u00e8ncia a incorporar el talent s\u00e8nior a la societat occidental \u2014resumeix el professor de productivitat\u2014. La barrera hist\u00f2rica dels 60 o 65 anys es difumina cada any que passa.<br \/>\n\u2014 No vam tenir m\u00e9s remei que acostar-nos a les solucions provades amb \u00e8xit als pa\u00efsos m\u00e9s avan\u00e7ats \u2014sintetitza l\u2019economista que defensa el nou sistema.<br \/>\n\u2014 M\u2019envaeix la nost\u00e0lgia \u2014afegeix l\u2019exministre\u2014. He defensat fins a l\u2019extenuaci\u00f3 el sistema de repartiment: prou aportaci\u00f3 p\u00fablica lligada a l\u2019IPC anual perqu\u00e8 les persones puguin viure dignament, sense menyscabament de qu\u00e8 empreses i treballadors aportin fons per a la jubilaci\u00f3. D\u2019altra banda, no oblidin que va ser un govern socialista qui va implantar els Plans i Fons de Pensions el 1987.<\/p>\n<p><img decoding=\"async\" loading=\"lazy\" class=\"aligncenter wp-image-40509\" src=\"https:\/\/www.monempresarial.com\/wp-content\/uploads\/2023\/03\/cuadre-cat-2-300x228.jpg\" alt=\"\" width=\"567\" height=\"431\" srcset=\"https:\/\/www.monempresarial.com\/wp-content\/uploads\/2023\/03\/cuadre-cat-2-300x228.jpg 300w, https:\/\/www.monempresarial.com\/wp-content\/uploads\/2023\/03\/cuadre-cat-2-600x456.jpg 600w, https:\/\/www.monempresarial.com\/wp-content\/uploads\/2023\/03\/cuadre-cat-2-750x570.jpg 750w, https:\/\/www.monempresarial.com\/wp-content\/uploads\/2023\/03\/cuadre-cat-2.jpg 874w\" sizes=\"(max-width: 567px) 100vw, 567px\" \/><\/p>\n","protected":false},"excerpt":{"rendered":"<p>Per acabar, els demano un posicionament final sobre la q\u00fcesti\u00f3.<br \/>\n\u2014 No m&#8217;agrada el sistema de repartiment tal com es va mantenir fins al 2027, per\u00f2 al nou hem perdut definitivament l\u2019oportunitat de ser solidaris \u2014recapitula la directora general de la fundaci\u00f3 europea\u2014. La dreta ha aprofitat per privatitzar les pensions i atorgar la gesti\u00f3 de les ingents sumes estalviades a mans privades, igual que la sanitat.<br \/>\n\u2014 Jo m\u2019alegro de la tend\u00e8ncia a incorporar el talent s\u00e8nior a la societat occidental \u2014resumeix el professor de productivitat\u2014. La barrera hist\u00f2rica dels 60 o 65 anys es difumina cada any que passa.<br \/>\n\u2014 No vam tenir m\u00e9s remei que acostar-nos a les solucions provades amb \u00e8xit als pa\u00efsos m\u00e9s avan\u00e7ats \u2014sintetitza l\u2019economista que defensa el nou sistema.<br \/>\n\u2014 M\u2019envaeix la nost\u00e0lgia \u2014afegeix l\u2019exministre\u2014. He defensat fins a l\u2019extenuaci\u00f3 el sistema de repartiment: prou aportaci\u00f3 p\u00fablica lligada a l\u2019IPC anual perqu\u00e8 les persones puguin viure dignament, sense menyscabament de qu\u00e8 empreses i treballadors aportin fons per a la jubilaci\u00f3. D\u2019altra banda, no oblidin que va ser un govern socialista qui va implantar els Plans i Fons de Pensions el 1987.<\/p>\n","protected":false},"author":34,"featured_media":40438,"comment_status":"closed","ping_status":"open","sticky":false,"template":"","format":"standard","meta":{"_mi_skip_tracking":false,"mc4wp_mailchimp_campaign":[],"jnews-multi-image_gallery":[],"jnews_single_post":{"source_name":"","source_url":"","via_name":"","via_url":"","override_template":"0","override":[{"template":"1","single_blog_custom":"","parallax":"1","fullscreen":"1","layout":"right-sidebar","sidebar":"default-sidebar","second_sidebar":"default-sidebar","sticky_sidebar":"1","share_position":"bottom","share_float_style":"share-monocrhome","show_share_counter":"1","show_view_counter":"1","show_featured":"1","show_post_meta":"1","show_post_author":"1","show_post_author_image":"1","show_post_date":"1","post_date_format":"default","post_date_format_custom":"Y\/m\/d","show_post_category":"0","show_post_reading_time":"1","post_reading_time_wpm":"300","show_zoom_button":"0","zoom_button_out_step":"2","zoom_button_in_step":"3","show_post_tag":"1","show_prev_next_post":"0","show_popup_post":"1","number_popup_post":"2","show_author_box":"1","show_post_related":"1","show_inline_post_related":"1"}],"override_image_size":"0","image_override":[{"single_post_thumbnail_size":"crop-715","single_post_gallery_size":"crop-500"}],"trending_post":"0","trending_post_position":"meta","trending_post_label":"Trending","sponsored_post":"0","sponsored_post_label":"Sponsored by","sponsored_post_name":"","sponsored_post_url":"","sponsored_post_logo_enable":"0","sponsored_post_logo":"","sponsored_post_desc":"","disable_ad":"0"},"jnews_primary_category":{"id":"10846","hide":""}},"categories":[10846,10816],"tags":[11175,113,1000,5556,8509],"_links":{"self":[{"href":"https:\/\/www.monempresarial.com\/ca\/wp-json\/wp\/v2\/posts\/40499"}],"collection":[{"href":"https:\/\/www.monempresarial.com\/ca\/wp-json\/wp\/v2\/posts"}],"about":[{"href":"https:\/\/www.monempresarial.com\/ca\/wp-json\/wp\/v2\/types\/post"}],"author":[{"embeddable":true,"href":"https:\/\/www.monempresarial.com\/ca\/wp-json\/wp\/v2\/users\/34"}],"replies":[{"embeddable":true,"href":"https:\/\/www.monempresarial.com\/ca\/wp-json\/wp\/v2\/comments?post=40499"}],"version-history":[{"count":10,"href":"https:\/\/www.monempresarial.com\/ca\/wp-json\/wp\/v2\/posts\/40499\/revisions"}],"predecessor-version":[{"id":47512,"href":"https:\/\/www.monempresarial.com\/ca\/wp-json\/wp\/v2\/posts\/40499\/revisions\/47512"}],"wp:featuredmedia":[{"embeddable":true,"href":"https:\/\/www.monempresarial.com\/ca\/wp-json\/wp\/v2\/media\/40438"}],"wp:attachment":[{"href":"https:\/\/www.monempresarial.com\/ca\/wp-json\/wp\/v2\/media?parent=40499"}],"wp:term":[{"taxonomy":"category","embeddable":true,"href":"https:\/\/www.monempresarial.com\/ca\/wp-json\/wp\/v2\/categories?post=40499"},{"taxonomy":"post_tag","embeddable":true,"href":"https:\/\/www.monempresarial.com\/ca\/wp-json\/wp\/v2\/tags?post=40499"}],"curies":[{"name":"wp","href":"https:\/\/api.w.org\/{rel}","templated":true}]}}