{"id":40831,"date":"2023-04-17T10:19:29","date_gmt":"2023-04-17T08:19:29","guid":{"rendered":"https:\/\/www.monempresarial.com\/2023\/04\/17\/emprendimiento-rural-una-asignatura-pendiente-que-no-admite-mas-suspensos\/"},"modified":"2025-06-06T09:53:58","modified_gmt":"2025-06-06T07:53:58","slug":"emprenedoria-rural-una-assignatura-pendent-que-no-admet-mes-suspensos","status":"publish","type":"post","link":"https:\/\/www.monempresarial.com\/ca\/2023\/04\/17\/emprenedoria-rural-una-assignatura-pendent-que-no-admet-mes-suspensos\/","title":{"rendered":"Emprenedoria rural:  una assignatura pendent  que no admet m\u00e9s suspensos"},"content":{"rendered":"<p><strong>Emprendre o no emprendre, aquesta \u00e9s la q\u00fcesti\u00f3. Tot i que el concepte emprendre ha evolucionat, es percep com una activitat capa\u00e7 de crear valor socioecon\u00f2mic. Per\u00f2 si \u00e9s un moviment essencialment urb\u00e0, ser\u00e0 eficient i factible aplicar-lo en un medi tan diferent com el rural? La resposta a aquest dilema avui dia no admet dubtes, i \u00e9s afirmativa.<\/strong><\/p>\n<h4><strong><span style=\"color: #cc8727;\">\u00c1NGEL SAN SEGUNDO HAERING.<\/span> Enginyer industrial, assessor de start-ups, Business Angel, mentor i professor associat de diverses escoles de negoci.<\/strong><\/h4>\n<hr style=\"color: #b72126;\" \/>\n<p style=\"text-align: left;\">Recorrent als cl\u00e0ssics, Peter Drucker considerava un emprenedor com \u201calg\u00fa que busca el canvi, hi respon i explota oportunitats recolzant-se en la innovaci\u00f3 com a eina b\u00e0sica\u201d.<br \/>\nLa cultura emprenedora actual t\u00e9 molt de mobilitzaci\u00f3 del talent, activaci\u00f3 de relacions, innovaci\u00f3 oberta i captaci\u00f3 d\u2019inversions per crear valor en els intervinents. Aquest moviment \u00e9s majorit\u00e0riament urb\u00e0 i aplicable a les grans ciutats, on s\u2019han desenvolupat els anomenats \u201cecosistemes d\u2019emprenedoria\u201d on interactuen centres de recerca, grans corporacions, fons d\u2019inversi\u00f3, universitats, unitats d\u2019acceleraci\u00f3 o incubaci\u00f3 de projectes i xarxes de business angels. Els emprenedors entren en aquest model i els seus projectes participen en activitats de promoci\u00f3 a trav\u00e9s de premis i incentius, beneficiant-se de facilitats complement\u00e0ries (coworking, networking, laboratoris, formaci\u00f3, etc.).<br \/>\nA Espanya, l\u2019emprenedoria t\u00e9 una salut raonable. Hi ha prou experi\u00e8ncia sobre com gestionar el moviment emprenedor des d\u2019un enfocament publicoprivat i es disposa de bones estad\u00edstiques, amb Global Entrepreneurship Monitor (GEM) com a principal font d\u2019informaci\u00f3.<\/p>\n<p>&nbsp;<\/p>\n<p style=\"text-align: left;\"><img decoding=\"async\" loading=\"lazy\" class=\"aligncenter wp-image-40857 size-full\" src=\"https:\/\/www.monempresarial.com\/wp-content\/uploads\/2023\/04\/CUADRO-1-cat.jpg\" alt=\"\" width=\"995\" height=\"528\" srcset=\"https:\/\/www.monempresarial.com\/wp-content\/uploads\/2023\/04\/CUADRO-1-cat.jpg 995w, https:\/\/www.monempresarial.com\/wp-content\/uploads\/2023\/04\/CUADRO-1-cat-300x159.jpg 300w, https:\/\/www.monempresarial.com\/wp-content\/uploads\/2023\/04\/CUADRO-1-cat-600x318.jpg 600w, https:\/\/www.monempresarial.com\/wp-content\/uploads\/2023\/04\/CUADRO-1-cat-750x398.jpg 750w\" sizes=\"(max-width: 995px) 100vw, 995px\" \/><\/p>\n<p>S\u2019ha demostrat que aquest model identifica solucions competitives i crea valor als intervinents (malgrat les elevades taxes de frac\u00e0s) i, en suma, a la societat. Tenint en compte que la major part del medi rural est\u00e0 patint seriosos problemes de p\u00e8rdua de poblaci\u00f3 i renda, seria capa\u00e7 aquest model de trobar solucions als grav\u00edssims problemes a qu\u00e8 s\u2019enfronta l\u2019Espanya rural?<br \/>\nCom \u00e9s f\u00e0cil d\u2019entendre, el model no admet una translaci\u00f3 completa perqu\u00e8 hi manquen la majoria dels components de l\u2019ecosistema emprenedor: intentar replicar aquest model sense prou capital hum\u00e0 preparat ni infraestructures b\u00e0siques (telecomunicacions avan\u00e7ades, centres de suport a la innovaci\u00f3, etc.), amb prou feines produir\u00e0 resultats. A m\u00e9s, es tracta no nom\u00e9s de fomentar empreses emergents (antigues start-ups) sin\u00f3 tamb\u00e9 aliances amb pimes perqu\u00e8 totes dues surtin beneficiades d\u2019aquesta conjunci\u00f3 d\u2019interessos. Aix\u00ed doncs, s\u00ed que cal emprendre al medi rural, per\u00f2 enfocant metes, programes i recursos sobre els problemes a resoldre.<\/p>\n<p><span style=\"color: #cc8727;\"><strong>PROBLEMES EN L\u2019ENTORN RURAL<\/strong><\/span><br \/>\nLa llista de problemes a resoldre a l\u2019entorn rural \u00e9s enorme, conjuntural i estructural. Hi ha p\u00e8rdua i envelliment de poblaci\u00f3, aix\u00ed com un progressiu allunyament dels principals indicadors de renda i benestar social davant de la resta del pa\u00eds. Aquest panorama s\u2019agreuja als municipis m\u00e9s petits, que tenen moltes menys possibilitats per superar aquestes dificultats. Vegem dos exemples coneguts, amb un ampli ress\u00f2 a la societat, que potser ajudin a entendre millor el que les estad\u00edstiques transmeten.<br \/>\n<span style=\"color: #cc8727;\"><strong>&#8211;<\/strong> <\/span>El 18 de mar\u00e7 de 2023, <em>El Mundo<\/em> va publicar un article titulat \u201cDesierto demogr\u00e1fico y ganadero: en Teruel tampoco hay vacas lecheras\u201d en qu\u00e8 es feia ress\u00f2 del sacrifici de 200 vaques i el tancament d\u2019una explotaci\u00f3 al municipi d\u2019Alcorisa, de 3.200 habitants. L\u2019encariment d\u2019insums sol estar darrere d\u2019aquestes situacions, doloroses per l\u2019impacte m\u00faltiple sobre l\u2019ocupaci\u00f3 i la fixaci\u00f3 de la poblaci\u00f3.<br \/>\n<span style=\"color: #cc8727;\"><strong>&#8211;<\/strong><\/span> La pel\u00b7l\u00edcula <em>As bestas<\/em>, basada en un cas real, presenta el conflicte en un microentorn rural entre els que pretenen cultivar ordenadament la terra i els que nom\u00e9s esperen les rendes dels generadors e\u00f2lics per deixar la terra dels seus pares i emigrar a la ciutat.<br \/>\nSegons l\u2019informe <em>Demografia de la poblaci\u00f3 rural el 2020<\/em>, publicat pel ministeri d\u2019Agricultura, Pesca i Alimentaci\u00f3 (MAPA), un municipi es considera rural si t\u00e9 menys de 30.000 habitants i menys de 100 habitants per km2. A partir d\u2019aquesta definici\u00f3, el 15,9% de la poblaci\u00f3 espanyola est\u00e0 censada en municipis rurals a Espanya. Aquests municipis suposen el 82,0% del total i ocupen el 84,0% de la superf\u00edcie espanyola. L\u2019escenari es fa menys propici quan es tracta dels municipis rurals de mida petita (menys de 5.000 habitants), en els quals viu el 9,4% de la poblaci\u00f3 espanyola, amb taxes molt baixes de joves, aproximadament un 40% inferiors a les urbanes.<br \/>\nUn altre risc \u00e9s la despoblaci\u00f3, que es defineix quan un municipi experimenta un creixement de la poblaci\u00f3 negatiu en el per\u00edode donat i una densitat inferior a 12,5 habitants per km2. D\u2019acord amb l\u2019Institut Nacional d\u2019Estad\u00edstica, el 2018 el 42% dels municipis espanyols es trobaven en aquesta situaci\u00f3, configurant aquesta \u201cEspanya (en vies de ser) buida\u201d sobre la qual encara pesen m\u00e9s obstacles i amenaces (<strong><span style=\"color: #cc8727;\">vegeu taula<\/span> <\/strong>1).<\/p>\n<p>&nbsp;<\/p>\n<p><img decoding=\"async\" loading=\"lazy\" class=\"aligncenter wp-image-40859 size-full\" src=\"https:\/\/www.monempresarial.com\/wp-content\/uploads\/2023\/04\/CUADRO-2cat.jpg\" alt=\"\" width=\"993\" height=\"572\" srcset=\"https:\/\/www.monempresarial.com\/wp-content\/uploads\/2023\/04\/CUADRO-2cat.jpg 993w, https:\/\/www.monempresarial.com\/wp-content\/uploads\/2023\/04\/CUADRO-2cat-300x173.jpg 300w, https:\/\/www.monempresarial.com\/wp-content\/uploads\/2023\/04\/CUADRO-2cat-600x346.jpg 600w, https:\/\/www.monempresarial.com\/wp-content\/uploads\/2023\/04\/CUADRO-2cat-750x432.jpg 750w\" sizes=\"(max-width: 993px) 100vw, 993px\" \/><\/p>\n<p><span style=\"color: #cc8727;\"><strong><span style=\"color: #cc8727;\">EXPERI\u00c8NCIES<br \/>\n<\/span><\/strong><span style=\"color: #cc8727;\"><span style=\"color: #000000;\">Des de les inst\u00e0ncies p\u00fabliques (Comunitats Aut\u00f2nomes, MAPA o ministeri per a la Transici\u00f3 Ecol\u00f2gica i el Repte Demogr\u00e0fic) es dona suport amb fons europeus a iniciatives molt merit\u00f2ries, per\u00f2 de poc impacte davant la gravetat del problema, com:<\/span><\/span><\/span><\/p>\n<p style=\"padding-left: 40px;\"><span style=\"color: #cc8727;\"><span style=\"color: #cc8727;\"><span style=\"color: #000000;\"><span style=\"color: #cc8727;\"><strong>\u2022<\/strong><\/span> Pueblos Remotos (\u201cViu la Ruralitat Connectada\u201d)<\/span><br \/>\n<span style=\"color: #000000;\"><span style=\"color: #cc8727;\"><strong>\u2022<\/strong><\/span> AlmaNatura (\u201cEvitem la despoblaci\u00f3 dissenyant aliances p\u00fabliques\/privades per empoderar les persones\u201d)<\/span><br \/>\n<span style=\"color: #000000;\"><span style=\"color: #cc8727;\"><strong>\u2022<\/strong><\/span> Rooral (\u201cTeletreballa des d\u2019un poble en comunitat i viu els beneficis de la<em> slow life<\/em>, contribuint a preservar les cultures, reactivar les zones rurals i reduir la bretxa rural-urbana\u201d)<\/span><br \/>\n<span style=\"color: #000000;\"><span style=\"color: #cc8727;\"><strong>\u2022<\/strong><\/span> Rurarizable (\u201cLa iniciativa m\u00e9s gran d\u2019emprenedoria en el medi rural\u201d)<\/span><br \/>\n<span style=\"color: #000000;\"><strong><span style=\"color: #cc8727;\">\u2022<\/span><\/strong> Federaci\u00f3n de Asociaciones de Mujeres Rurales (FADEMUR) (\u201cIgualtat i progr\u00e9s per a les dones rurals\u201d)<\/span><br \/>\n<span style=\"color: #000000;\"><strong><span style=\"color: #cc8727;\">\u2022<\/span><\/strong> Grupo de Acci\u00f3n Local leon\u00e9s Cuatro Valles i els seus espais de coworking<\/span><br \/>\n<span style=\"color: #000000;\"><span style=\"color: #cc8727;\"><strong>\u2022<\/strong><\/span> Nombroses cooperatives que innoven i aconsegueixen progressar competitivament tant als mercats dom\u00e8stics com internacionals<\/span><br \/>\n<\/span><\/span><\/p>\n<p><span style=\"color: #cc8727;\"><span style=\"color: #cc8727;\"><span style=\"color: #000000;\">S\u00f3n experi\u00e8ncies per considerar com a substrat per a qualsevol pla de regeneraci\u00f3. Per\u00f2 qui es creu que aquestes iniciatives pararan la sagnia de recursos humans que abandonen el medi rural? Com \u00e9s possible que tals aven\u00e7os, meritoris per descomptat, serveixin per fer el gran salt quantitatiu i qualitatiu necessari?<\/span><\/span><\/span><\/p>\n<p><strong><span style=\"color: #cc8727;\">EL FOMENT DE L\u2019EMPRENEDORIA ADAPTADA A LES POSSIBILITATS DEL MEDI RURAL<\/span><\/strong><br \/>\nEs coneix raonablement b\u00e9 com funciona l\u2019ecosistema emprenedor essencialment urb\u00e0. Entre les lli\u00e7ons apreses destaca l\u2019ocupaci\u00f3 d\u2019acceleradores de projectes, que permeten escur\u00e7ar terminis de maduraci\u00f3, reduir riscos associats, enfortir continguts mitjan\u00e7ant assessorament\/mentoring, facilitar connexions amb inversors, propiciar aliances estrat\u00e8giques, etc.<br \/>\nCaldria estendre amb els ajustos necessaris la filosofia de l\u2019emprenedoria assistida en acceleradores al medi rural? La resposta \u00e9s afirmativa sempre que es dissenyi una estrat\u00e8gia coherent amb les mancances del medi rural, centrada a <strong><span style=\"color: #cc8727;\">potenciar el capital hum\u00e0 i a sistematitzar la recerca de soluci\u00f3, recolzant-se en l\u2019aplicaci\u00f3 de la innovaci\u00f3 a l\u2019entorn socioecon\u00f2mi<\/span><\/strong>c. El resultat serviria per retenir poblaci\u00f3 i crear riquesa en zones deprimides, aix\u00ed com lluitar contra el canvi clim\u00e0tic.<br \/>\nUn<strong><span style=\"color: #cc8727;\"> primer pas<\/span><\/strong> seria localitzar un nombre redu\u00eft de comarques on dur a terme en un termini curt (dos trimestres) <strong><span style=\"color: #cc8727;\">programes pilot de revitalitzaci\u00f3 que se sustentarien en altres acceleradores<\/span><\/strong>.<br \/>\nUn <span style=\"color: #cc8727;\"><strong>segon pas<\/strong><\/span> consistiria a a<span style=\"color: #cc8727;\"><strong>valuar en els dos trimestres seg\u00fcents els resultats assolits<\/strong><\/span>, identificar mesures correctores si escau i preparar el desplegament nacional a la resta de comarques escollides el programa d\u2019acceleradores, incloent-hi la dotaci\u00f3 pressupost\u00e0ria i de recursos. D\u2019aquesta manera, al cap de dotze mesos, el programa estaria desplegant-se a tot l\u2019\u00e0mbit rural sobre bases provades i amb riscos acotats.<br \/>\nEls punts clau d\u2019aquesta estrat\u00e8gia serien:<\/p>\n<p>&nbsp;<\/p>\n<h4><img decoding=\"async\" loading=\"lazy\" class=\"aligncenter wp-image-40861 \" src=\"https:\/\/www.monempresarial.com\/wp-content\/uploads\/2023\/04\/CUADRO-3-cat.jpg\" alt=\"\" width=\"526\" height=\"577\" srcset=\"https:\/\/www.monempresarial.com\/wp-content\/uploads\/2023\/04\/CUADRO-3-cat.jpg 653w, https:\/\/www.monempresarial.com\/wp-content\/uploads\/2023\/04\/CUADRO-3-cat-274x300.jpg 274w, https:\/\/www.monempresarial.com\/wp-content\/uploads\/2023\/04\/CUADRO-3-cat-600x658.jpg 600w, https:\/\/www.monempresarial.com\/wp-content\/uploads\/2023\/04\/CUADRO-3-cat-274x300@2x.jpg 548w\" sizes=\"(max-width: 526px) 100vw, 526px\" \/><\/h4>\n<p>&nbsp;<\/p>\n<p>Davant l\u2019envergadura de les iniciatives i dels recursos a mobilitzar, caldr\u00e0 un pacte d\u2019Estat basat en un diagn\u00f2stic inq\u00fcestionable i la participaci\u00f3 d\u2019experts en desenvolupament i execuci\u00f3 de les oportunitats identificades al medi rural, prioritzant totes les organitzacions que fa anys que treballen en l\u2019emprenedoria rural per aprofitar les seves valuoses experi\u00e8ncies.<br \/>\nLa tecnologia pot ser un gran punt de suport per retenir el capital hum\u00e0 en fer m\u00e9s productius els cultius les explotacions ramaderes o el teletreball.<em> Segons l\u2019Informe de Cobertura de Banda Ampla a Espanya 2021<\/em>, elaborat pel ministeri d\u2019Afers Econ\u00f2mics i Transformaci\u00f3 Digital, 7 de cada 10 habitatges en zones rurals disposa de connexi\u00f3 fixa ultrarr\u00e0pida el 30 de juny de 2021.<br \/>\nAix\u00ed doncs, i com a resum, l\u2019emprenedoria rural no \u00e9s impossible, per\u00f2 es requerir\u00e0 un esfor\u00e7 enorme per desenvolupar el capital hum\u00e0, identificar oportunitats, atraure inversions i assistir t\u00e8cnicament durant un llarg proc\u00e9s per mitigar els riscos. <span style=\"color: #cc8727;\"><strong>El repte val la pena perqu\u00e8 molt possiblement no hi hagi alternatives.<\/strong><\/span><\/p>\n","protected":false},"excerpt":{"rendered":"<p>Emprendre o no emprendre, aquesta \u00e9s la q\u00fcesti\u00f3. Tot i que el concepte emprendre ha evolucionat, es percep com una activitat capa\u00e7 de crear valor socioecon\u00f2mic. Per\u00f2 si \u00e9s un moviment essencialment urb\u00e0, ser\u00e0 eficient i factible aplicar-lo en un medi tan diferent com el rural? La resposta a aquest dilema avui dia no admet dubtes, i \u00e9s afirmativa.<\/p>\n","protected":false},"author":36,"featured_media":40854,"comment_status":"closed","ping_status":"closed","sticky":false,"template":"","format":"standard","meta":{"_mi_skip_tracking":false,"mc4wp_mailchimp_campaign":[],"jnews-multi-image_gallery":[],"jnews_single_post":{"source_name":"","source_url":"","via_name":"","via_url":"","override_template":"0","override":[{"template":"1","single_blog_custom":"","parallax":"1","fullscreen":"1","layout":"right-sidebar","sidebar":"default-sidebar","second_sidebar":"default-sidebar","sticky_sidebar":"1","share_position":"bottom","share_float_style":"share-monocrhome","show_share_counter":"1","show_view_counter":"1","show_featured":"1","show_post_meta":"1","show_post_author":"1","show_post_author_image":"1","show_post_date":"1","post_date_format":"default","post_date_format_custom":"Y\/m\/d","show_post_category":"0","show_post_reading_time":"1","post_reading_time_wpm":"300","show_zoom_button":"0","zoom_button_out_step":"2","zoom_button_in_step":"3","show_post_tag":"1","show_prev_next_post":"0","show_popup_post":"1","number_popup_post":"2","show_author_box":"1","show_post_related":"1","show_inline_post_related":"1"}],"override_image_size":"0","image_override":[{"single_post_thumbnail_size":"crop-715","single_post_gallery_size":"crop-500"}],"trending_post":"0","trending_post_position":"meta","trending_post_label":"Trending","sponsored_post":"1","sponsored_post_label":"Patrocinat per","sponsored_post_name":"Consorci Zona Franca Barcelona","sponsored_post_url":"https:\/\/zfbarcelona.es\/ca\/","sponsored_post_logo_enable":"1","sponsored_post_logo":"40377","sponsored_post_desc":"","disable_ad":"0"},"jnews_primary_category":{"id":"10826","hide":""}},"categories":[10820,10826,10819],"tags":[181,252,11188,11189,11191],"_links":{"self":[{"href":"https:\/\/www.monempresarial.com\/ca\/wp-json\/wp\/v2\/posts\/40831"}],"collection":[{"href":"https:\/\/www.monempresarial.com\/ca\/wp-json\/wp\/v2\/posts"}],"about":[{"href":"https:\/\/www.monempresarial.com\/ca\/wp-json\/wp\/v2\/types\/post"}],"author":[{"embeddable":true,"href":"https:\/\/www.monempresarial.com\/ca\/wp-json\/wp\/v2\/users\/36"}],"replies":[{"embeddable":true,"href":"https:\/\/www.monempresarial.com\/ca\/wp-json\/wp\/v2\/comments?post=40831"}],"version-history":[{"count":10,"href":"https:\/\/www.monempresarial.com\/ca\/wp-json\/wp\/v2\/posts\/40831\/revisions"}],"predecessor-version":[{"id":46052,"href":"https:\/\/www.monempresarial.com\/ca\/wp-json\/wp\/v2\/posts\/40831\/revisions\/46052"}],"wp:featuredmedia":[{"embeddable":true,"href":"https:\/\/www.monempresarial.com\/ca\/wp-json\/wp\/v2\/media\/40854"}],"wp:attachment":[{"href":"https:\/\/www.monempresarial.com\/ca\/wp-json\/wp\/v2\/media?parent=40831"}],"wp:term":[{"taxonomy":"category","embeddable":true,"href":"https:\/\/www.monempresarial.com\/ca\/wp-json\/wp\/v2\/categories?post=40831"},{"taxonomy":"post_tag","embeddable":true,"href":"https:\/\/www.monempresarial.com\/ca\/wp-json\/wp\/v2\/tags?post=40831"}],"curies":[{"name":"wp","href":"https:\/\/api.w.org\/{rel}","templated":true}]}}