{"id":4105,"date":"2015-01-27T11:49:38","date_gmt":"2015-01-27T10:49:38","guid":{"rendered":"http:\/\/monempresarial.com\/?p=4105"},"modified":"2025-09-25T12:24:30","modified_gmt":"2025-09-25T10:24:30","slug":"el-departament-de-cultura-fomenta-el-catala-a-les-empreses","status":"publish","type":"post","link":"https:\/\/www.monempresarial.com\/ca\/2015\/01\/27\/el-departament-de-cultura-fomenta-el-catala-a-les-empreses\/","title":{"rendered":"El Departament de Cultura fomenta el catal\u00e0 a les empreses"},"content":{"rendered":"<h4><b>L\u2019objectiu \u00e9s donar suport a les companyies perqu\u00e8 incorporin el catal\u00e0 a l\u2019atenci\u00f3 al client, a la documentaci\u00f3 i als webs corporatius, entre altres mesures <\/b><\/h4>\n<p>&nbsp;<br \/>\nEn el marc del programa <span style=\"color: #7a1315;\"><a href=\"http:\/\/llengua.gencat.cat\/ca\/serveis\/empresa_\/\">Catal\u00e0 i empresa. Ja est\u00e0s al dia?<\/a><\/span>, el Departament de Cultura de la Generalitat de Catalunya impulsa ara un seguit d\u2019accions que tenen un prop\u00f2sit molt clar: incrementar l\u2019\u00fas de la llengua catalana en l\u2019\u00e0mbit empresarial, fer cr\u00e9ixer l&#8217;oferta de productes i serveis en catal\u00e0, i garantir els drets ling\u00fc\u00edstics dels consumidors. Diverses organitzacions de l\u2019\u00e0mbit privat com la Confederaci\u00f3 de Comer\u00e7 de Catalunya, PIMEC, CECOT i l\u2019Associaci\u00f3 Independent de Joves Empresaris de Catalunya han volgut donar suport al projecte, que compta tamb\u00e9 amb una l\u00ednia d\u2019ajuts per a la incorporaci\u00f3 del catal\u00e0 en productes i serveis tecnol\u00f2gics adre\u00e7ats a usuaris finals (aplicacions per a dispositius m\u00f2bils, videojocs, programari, etc.) i per a la traducci\u00f3 al catal\u00e0 d&#8217;obres no liter\u00e0ries.<br \/>\n&nbsp;<\/p>\n<p><b><span style=\"color: #7a1315;\">SENSIBILITZACI\u00d3 AMB LA LLENGUA CATALANA<\/span><\/b><br \/>\nPer qu\u00e8 \u00e9s important que les empreses parlin el catal\u00e0? Aquesta \u00e9s la pregunta a la qual d\u00f3na resposta el nou espai web de <span style=\"color: #7a1315;\"><a href=\"http:\/\/llengua.gencat.cat\/ca\/serveis\/empresa_\/\">Catal\u00e0 i empresa. Ja est\u00e0s al dia?<\/a><\/span> a trav\u00e9s d\u2019un seguit d\u2019arguments que inclouen el dret dels usuaris a ser atesos en catal\u00e0 i el fet que aquesta llengua tingui la pres\u00e8ncia que es mereix al mercat. El web tamb\u00e9 inclou l\u2019interactiu Llenguatest perqu\u00e8 les companyies puguin posar a prova el seu nivell i un espai multim\u00e8dia amb v\u00eddeos, un apartat de preguntes m\u00e9s freq\u00fcents i informaci\u00f3 sobre marc legal, subvencions, eines i recursos (models de contractes, documents, etc.), projectes que promouen el catal\u00e0 a les empreses o premis, entre d\u2019altres.<br \/>\nDes del Consorci per a la Normalitzaci\u00f3 Ling\u00fc\u00edstica, -que disposa de 146 punts d\u2019atenci\u00f3 distribu\u00efts arreu de Catalunya i que ja ha signat prop de 3.600 convenis de col\u2022laboraci\u00f3-, s&#8217;impulsen activitats de formaci\u00f3 a mida per a empreses i un pla d&#8217;atenci\u00f3 oral en catal\u00e0 al comer\u00e7 adre\u00e7at als establiments d&#8217;alimentaci\u00f3 i de restauraci\u00f3, especialment als regentats per immigrants. L\u2019aspecte positiu \u00e9s que actualment els coneixements de catal\u00e0 del personal directiu, t\u00e8cnic i d\u2019administraci\u00f3 de les empreses catalanes superen els de la mitjana de la poblaci\u00f3: el 89,2% el sap parlar i el 79,8% el sap escriure. Tot i aix\u00f2, segons el Departament, aquests coneixements no es traslladen en la mateixa proporci\u00f3 en l\u2019\u00fas real del catal\u00e0 amb els clients, \u00e0mbit en qu\u00e8 cal millorar i avan\u00e7ar. <\/p>\n<div class=\"jeg_video_container jeg_video_content\"><iframe loading=\"lazy\" title=\"Catal\u00e0 i empresa. Ja est\u00e0s al dia?\" width=\"500\" height=\"281\" src=\"https:\/\/www.youtube.com\/embed\/6ckuEPbzhGw?feature=oembed\" frameborder=\"0\" allow=\"accelerometer; autoplay; clipboard-write; encrypted-media; gyroscope; picture-in-picture\" allowfullscreen><\/iframe><\/div>\n","protected":false},"excerpt":{"rendered":"<p>L\u2019objectiu \u00e9s donar suport a les companyies perqu\u00e8 incorporin el catal\u00e0 a l\u2019atenci\u00f3 al client, a la documentaci\u00f3 i als webs corporatius, entre altres mesures.<\/p>\n","protected":false},"author":1,"featured_media":0,"comment_status":"open","ping_status":"open","sticky":false,"template":"","format":"standard","meta":{"_mi_skip_tracking":false,"mc4wp_mailchimp_campaign":[],"jnews-multi-image_gallery":[],"jnews_single_post":[],"jnews_primary_category":[]},"categories":[10],"tags":[],"_links":{"self":[{"href":"https:\/\/www.monempresarial.com\/ca\/wp-json\/wp\/v2\/posts\/4105"}],"collection":[{"href":"https:\/\/www.monempresarial.com\/ca\/wp-json\/wp\/v2\/posts"}],"about":[{"href":"https:\/\/www.monempresarial.com\/ca\/wp-json\/wp\/v2\/types\/post"}],"author":[{"embeddable":true,"href":"https:\/\/www.monempresarial.com\/ca\/wp-json\/wp\/v2\/users\/1"}],"replies":[{"embeddable":true,"href":"https:\/\/www.monempresarial.com\/ca\/wp-json\/wp\/v2\/comments?post=4105"}],"version-history":[{"count":1,"href":"https:\/\/www.monempresarial.com\/ca\/wp-json\/wp\/v2\/posts\/4105\/revisions"}],"predecessor-version":[{"id":48315,"href":"https:\/\/www.monempresarial.com\/ca\/wp-json\/wp\/v2\/posts\/4105\/revisions\/48315"}],"wp:attachment":[{"href":"https:\/\/www.monempresarial.com\/ca\/wp-json\/wp\/v2\/media?parent=4105"}],"wp:term":[{"taxonomy":"category","embeddable":true,"href":"https:\/\/www.monempresarial.com\/ca\/wp-json\/wp\/v2\/categories?post=4105"},{"taxonomy":"post_tag","embeddable":true,"href":"https:\/\/www.monempresarial.com\/ca\/wp-json\/wp\/v2\/tags?post=4105"}],"curies":[{"name":"wp","href":"https:\/\/api.w.org\/{rel}","templated":true}]}}