{"id":41407,"date":"2023-05-04T11:47:41","date_gmt":"2023-05-04T09:47:41","guid":{"rendered":"https:\/\/www.monempresarial.com\/2023\/05\/04\/la-ingenieria-necesita-el-talento-joven-que-aportan-las-practicas-en-empresa\/"},"modified":"2025-09-17T11:32:57","modified_gmt":"2025-09-17T09:32:57","slug":"lenginyeria-necessita-el-talent-jove-que-aporten-les-practiques-dempresa","status":"publish","type":"post","link":"https:\/\/www.monempresarial.com\/ca\/2023\/05\/04\/lenginyeria-necessita-el-talent-jove-que-aporten-les-practiques-dempresa\/","title":{"rendered":"L\u2019enginyeria necessita el talent jove que aporten les pr\u00e0ctiques d\u2019empresa"},"content":{"rendered":"<h4><span style=\"color: #cc8727;\"><strong>\u00c1NG<span style=\"color: #cc8727;\">EL SAN SEGUNDO HAE<\/span>RING<\/strong>.<\/span> <strong> Enginyer industrial, assessor de start-ups, Business Angel, mentor i professor associat de diverses escoles de negoci.<\/strong><\/h4>\n<hr style=\"color: #b72126;\" \/>\n<div><\/div>\n<div>\n<p>L\u00b4enginyeria espanyola t\u00e9 un prestigi extraordinari com ho demostren els nombrosos treballs que es realitzen fora de les nostres fronteres. Aquest nivell exigeix incorporar talent jove amb s\u00f2lids coneixements d\u2019enginyeria: la cerca de l\u2019excel\u00b7l\u00e8ncia comen\u00e7a en les mateixes pr\u00e0ctiques en empresa de l\u2019alumnat.<\/p>\n<p>El M\u00e0ster Habilitant d\u2019enginyeria complementat amb pr\u00e0ctiques guiades feia objectius ambiciosos amplia la base de coneixements de l\u2019alumnat amb experi\u00e8ncies reals, possibilita el comen\u00e7ament de carreres professionals robustes i eixampla la seva projecci\u00f3 futura: les pr\u00e0ctiques haurien de ser el pilar de l\u2019enginyeria per al futur.<\/p>\n<p>No obstant aix\u00f2, sobre les pr\u00e0ctiques al final dels estudis pesen alguns estereotips com el de l\u2019alta ocupabilitat d\u2019aquest col\u00b7lectiu (no sembla dependre de la pr\u00e0ctica) o la poca consideraci\u00f3 tradicionalment concedida en la societat i en les empreses al becari\/a.<\/p>\n<p>La realitat \u00e9s que aquests estudiants del M\u00e0ster Habilitant aporten bons coneixements te\u00f2rics i, molt especialment, estan actualitzats amb noves tecnologies (rob\u00f2tica, IoT, IA\u2026) \u00c9s inq\u00fcestionable que el complement de l\u2019aprenentatge que suposa la pr\u00e0ctica beneficia l\u2019alumne o l\u2019alumna. Paral\u00b7lelament, les empreses i universitats, intervinents a trav\u00e9s dels seus tutors en el proc\u00e9s reben el retorn d\u2019una m\u00e9s beneficiosa interacci\u00f3 amb l\u2019entorn socioecon\u00f2mic: per tant, <strong>t<span style=\"color: #cc8727;\">ots guanyen amb les pr\u00e0ctiques<\/span><\/strong>.<\/p>\n<p>Correspon a totes les organitzacions involucrades (universitat, fundacions universitat-empresa, empreses) fomentar la realitzaci\u00f3 de pr\u00e0ctiques, curriculars o extracurriculars, que permetin afermar coneixements i crear valor a la nostra ind\u00fastria.<\/p>\n<p>Conscients de la import\u00e0ncia d\u2019aquest assumpte, l\u2019Institut de l\u2019Enginyeria d\u2019Espanya, la Xarxa de Fundacions Universitat Empresa i l\u2019enginyeria p\u00fablica INECO van decidir en 2019 llan\u00e7ar el primer <span style=\"color: #cc8727;\"><strong>Concurs de Distincions a l\u2019Excel\u00b7l\u00e8ncia en les Pr\u00e0ctiques d\u2019Alumnat d\u2019Enginyeria<\/strong><\/span> per a afegir est\u00edmuls a la realitzaci\u00f3 de pr\u00e0ctiques i premiar a les catalogades com a excel\u00b7lents.<\/p>\n<p>Despr\u00e9s de l\u2019\u00e8xit aconseguit en les tres edicions anteriors, s\u2019acaba de presentar la quarta edici\u00f3 del concurs. Cerca identificar i recon\u00e8ixer treballs que hagin aconseguit millores significatives i sostenibles en processos, productes, serveis i innovaci\u00f3 tecnol\u00f2gica.<\/p>\n<p>Les pr\u00e0ctiques millors optaran a un primer premi, dotat amb 4.000 euros, i dos acc\u00e8ssits de 1.000 euros per al segon i tercer classificat. Tots els finalistes, aix\u00ed com els seus tutors, rebran una distinci\u00f3 acreditativa dels seus assoliments. Est\u00e0 dirigit a enginyers\/es, que hagin completat, o estiguin estudiant, el M\u00e0ster Habilitant d\u2019Enginyeria i vulguin realitzar una pr\u00e0ctica en empresa, o l\u2019estiguin realitzant entre maig 2022 i octubre 2023.<\/p>\n<p>El termini d\u2019inscripci\u00f3 queda obert fins al 17 de maig de 2023. Animo els lectors a difondre aquesta iniciativa, no sols entre possibles candidats sin\u00f3 entre empreses en les quals s\u2019estiguin realitzant pr\u00e0ctiques perqu\u00e8 elles mateixes siguin tamb\u00e9 palanca de transmissi\u00f3 que incentivi <span style=\"color: #cc8727;\"><strong>l\u2019excel\u00b7l\u00e8ncia en<\/strong><\/span> <span style=\"color: #cc8727;\"><strong>l\u2019enginyeria i, en definitiva, en la societat<\/strong><\/span>.<\/p>\n<p>Tota la informaci\u00f3 sobre Bases del Concurs i log\u00edstica est\u00e0 en el seg\u00fcent enlla\u00e7: <span style=\"color: #cc8727;\"><strong>https:\/\/www.iies.es\/concurso-de-practicas<\/strong><\/span><\/p>\n<\/div>\n","protected":false},"excerpt":{"rendered":"<p>\u00c1NGEL SAN SEGUNDO HAERING. Enginyer industrial, assessor de start-ups, Business Angel, mentor i professor associat de diverses escoles de negoci. L\u00b4enginyeria espanyola t\u00e9 un prestigi extraordinari com ho demostren els nombrosos treballs que es realitzen fora de les nostres fronteres. Aquest nivell exigeix incorporar talent jove amb s\u00f2lids coneixements d\u2019enginyeria: la cerca de l\u2019excel\u00b7l\u00e8ncia comen\u00e7a [&hellip;]<\/p>\n","protected":false},"author":36,"featured_media":41405,"comment_status":"closed","ping_status":"closed","sticky":false,"template":"","format":"standard","meta":{"_mi_skip_tracking":false,"mc4wp_mailchimp_campaign":[],"jnews-multi-image_gallery":[],"jnews_single_post":{"source_name":"","source_url":"","via_name":"","via_url":"","override_template":"0","override":[{"template":"1","single_blog_custom":"","parallax":"1","fullscreen":"1","layout":"right-sidebar","sidebar":"default-sidebar","second_sidebar":"default-sidebar","sticky_sidebar":"1","share_position":"bottom","share_float_style":"share-monocrhome","show_share_counter":"1","show_view_counter":"1","show_featured":"1","show_post_meta":"1","show_post_author":"1","show_post_author_image":"1","show_post_date":"1","post_date_format":"default","post_date_format_custom":"Y\/m\/d","show_post_category":"0","show_post_reading_time":"1","post_reading_time_wpm":"300","show_zoom_button":"0","zoom_button_out_step":"2","zoom_button_in_step":"3","show_post_tag":"1","show_prev_next_post":"0","show_popup_post":"1","number_popup_post":"2","show_author_box":"1","show_post_related":"1","show_inline_post_related":"1"}],"override_image_size":"0","image_override":[{"single_post_thumbnail_size":"crop-715","single_post_gallery_size":"crop-500"}],"trending_post":"0","trending_post_position":"meta","trending_post_label":"Trending","sponsored_post":"1","sponsored_post_label":"Patrocinat per","sponsored_post_name":"Cellnex","sponsored_post_url":"https:\/\/www.cellnex.com\/","sponsored_post_logo_enable":"1","sponsored_post_logo":"44160","sponsored_post_desc":"","disable_ad":"0"},"jnews_primary_category":{"id":"10833","hide":""}},"categories":[10817,10833],"tags":[180,242,964,1130,11202,11207,11211],"_links":{"self":[{"href":"https:\/\/www.monempresarial.com\/ca\/wp-json\/wp\/v2\/posts\/41407"}],"collection":[{"href":"https:\/\/www.monempresarial.com\/ca\/wp-json\/wp\/v2\/posts"}],"about":[{"href":"https:\/\/www.monempresarial.com\/ca\/wp-json\/wp\/v2\/types\/post"}],"author":[{"embeddable":true,"href":"https:\/\/www.monempresarial.com\/ca\/wp-json\/wp\/v2\/users\/36"}],"replies":[{"embeddable":true,"href":"https:\/\/www.monempresarial.com\/ca\/wp-json\/wp\/v2\/comments?post=41407"}],"version-history":[{"count":10,"href":"https:\/\/www.monempresarial.com\/ca\/wp-json\/wp\/v2\/posts\/41407\/revisions"}],"predecessor-version":[{"id":47286,"href":"https:\/\/www.monempresarial.com\/ca\/wp-json\/wp\/v2\/posts\/41407\/revisions\/47286"}],"wp:featuredmedia":[{"embeddable":true,"href":"https:\/\/www.monempresarial.com\/ca\/wp-json\/wp\/v2\/media\/41405"}],"wp:attachment":[{"href":"https:\/\/www.monempresarial.com\/ca\/wp-json\/wp\/v2\/media?parent=41407"}],"wp:term":[{"taxonomy":"category","embeddable":true,"href":"https:\/\/www.monempresarial.com\/ca\/wp-json\/wp\/v2\/categories?post=41407"},{"taxonomy":"post_tag","embeddable":true,"href":"https:\/\/www.monempresarial.com\/ca\/wp-json\/wp\/v2\/tags?post=41407"}],"curies":[{"name":"wp","href":"https:\/\/api.w.org\/{rel}","templated":true}]}}