{"id":42155,"date":"2023-06-01T09:00:25","date_gmt":"2023-06-01T07:00:25","guid":{"rendered":"https:\/\/www.monempresarial.com\/?p=42155"},"modified":"2025-09-24T10:41:01","modified_gmt":"2025-09-24T08:41:01","slug":"el-departament-legal-davant-del-cibercrim","status":"publish","type":"post","link":"https:\/\/www.monempresarial.com\/ca\/2023\/06\/01\/el-departament-legal-davant-del-cibercrim\/","title":{"rendered":"El departament legal  davant del cibercrim"},"content":{"rendered":"<p><strong>El cibercrim ja forma part de les nostres converses com a empresaris i si alcem la mirada per escoltar qu\u00e8 diuen els mitjans de comunicaci\u00f3, veiem com cada dia ens informen de tota mena d\u00b4incidents relacionats amb el cibercrim.<\/strong><\/p>\n<h4><strong><span style=\"color: #498f72;\">RAMON ARN\u00d3 TORRADES. <\/span>Advocat i professor associat del grau en enginyeria inform\u00e0tica de la Universitat de Lleida i responsable de la fam\u00edlia digital.<\/strong><\/h4>\n<hr \/>\n<p>Quan parlem de cibercrim, ens referim a qualsevol activitat criminal on s\u2019ataca una xarxa connectada a internet, els seus dispositius i la informaci\u00f3 continguda, i que habitualment t\u00e9 efectes greus. Els ciberdelinq\u00fcents apliquen t\u00e8cniques com l\u2019\u00fas an\u00f2nim de la xarxa o s\u2019aprofiten del fet que la legislaci\u00f3 penal \u00e9s territorial per evitar sotmetre\u2019s a la llei i respondre dels seus actes criminals, tot situant-se en territoris amb poc respecte per la llei.<\/p>\n<p>La necessitat d\u2019estar cont\u00ednuament connectats ens ha portat a construir el ciberespai com un entorn on interactuar i compartir dades, informacions, coneixements i opinions, lloc virtual al qual ni les persones ni les organitzacions volem renunciar, fet que ha estat aprofitat per part dels ciberdelinq\u00fcents per cometre tot tipus de delictes, des d\u2019estafes banc\u00e0ries a delictes contra la propietat intel\u00b7lectual, extorsions i blanqueig de capitals, entre altres.<\/p>\n<p>Ara b\u00e9 els incidents que omplen m\u00e9s espai als mitjans de comunicaci\u00f3 s\u00f3n el segrest dels sistemes inform\u00e0tics per posteriorment demanar-ne un rescat. Aquesta activitat delictiva s\u2019ha convertit en una aut\u00e8ntica ind\u00fastria i en un motiu seri\u00f3s de preocupaci\u00f3 per als Estats, ja que s\u2019estima que el cost anual de la ciberdelinq\u00fc\u00e8ncia per a l\u2019economia mundial va arribar als 5,5 bilions d\u2019euros a finals de 2020, segons xifres de la Comissi\u00f3 Europea.<\/p>\n<blockquote>\n<h4><span style=\"color: #498f72;\"><img decoding=\"async\" loading=\"lazy\" class=\" wp-image-42156 alignright\" src=\"https:\/\/www.monempresarial.com\/wp-content\/uploads\/2023\/05\/icono-1-3-300x280.jpg\" alt=\"\" width=\"192\" height=\"179\" srcset=\"https:\/\/www.monempresarial.com\/wp-content\/uploads\/2023\/05\/icono-1-3-300x280.jpg 300w, https:\/\/www.monempresarial.com\/wp-content\/uploads\/2023\/05\/icono-1-3.jpg 491w\" sizes=\"(max-width: 192px) 100vw, 192px\" \/>Las incidents que omplen m\u00e9s espai als mitjans de comunicaci\u00f3 s\u00f3n el segrest dels sistemes inform\u00e0tics per posteriorment demanar-ne un rescat<\/span><\/h4>\n<\/blockquote>\n<p>Els incidents poden tenir diverses conseq\u00fc\u00e8ncies, com ara la interrupci\u00f3 dels serveis que les organitzacions prestem als clients, la p\u00e8rdua de la confidencialitat de les dades personals o la difusi\u00f3 a la dark web d\u2019informaci\u00f3 cr\u00edtica de les organitzacions, i se\u2019n deriven una s\u00e8rie de problemes legals, com l\u2019incompliment dels contractes signats amb els clients, l\u2019afectaci\u00f3 de la reputaci\u00f3 o les responsabilitats de tot tipus, a les quals les organitzacions han de fer front, com els requeriments de les autoritats administratives (autoritats de protecci\u00f3 de dades) i judicials (pagament de multes i indemnitzacions).<\/p>\n<p>Els departaments legals est\u00e0vem acostumats hist\u00f2ricament a actuar amb el cibercrim a posteriori, per\u00f2 el cert \u00e9s que \u00faltimament hem guanyat protagonisme i la nostra intervenci\u00f3 comen\u00e7a en les etapes pr\u00e8vies als incidents, des del moment del disseny dels plans de prevenci\u00f3 dels cibercrims. Els motius han estat diversos, alguns de tipus legal, com el proc\u00e9s d\u2019adaptaci\u00f3 a la normativa de protecci\u00f3 de dades personals o l\u2019assumpci\u00f3 de tasques de delegats de protecci\u00f3 de dades, i altres de m\u00e9s vinculats amb la seguretat de la informaci\u00f3, com la pres\u00e8ncia en els comit\u00e8s de seguretat de la informaci\u00f3 o la formaci\u00f3 del personal sobre els riscos i les responsabilitats derivades del tractament de dades personals.<\/p>\n<p>Una \u00fanica persona que faci un sol clic en un \u00fanic enlla\u00e7 pot provocar un ciberincident, i, per tant, una de les moltes claus per fer prevenci\u00f3 \u00e9s es canviar els comportaments dels directius, dels treballadors i dels usuaris. Aix\u00f2 implica millorar les seves compet\u00e8ncies digitals i un bon exemple per fer-ho \u00e9s adaptar-se a l\u2019anomenat marc de compet\u00e8ncies digitals per a la ciutadania, conegut com a DigComp.<\/p>\n<p>Aix\u00ed doncs, el departament legal tamb\u00e9 forma part de l\u2019equip dels responsables corporatius que fan front a les amenaces derivades del cibercrim des del mateix moment del disseny de tot tipus de respostes jur\u00eddiques, organitzatives i de seguretat.<\/p>\n","protected":false},"excerpt":{"rendered":"<p>El cibercrim ja forma part de les nostres converses com a empresaris i si alcem la mirada per escoltar qu\u00e8 diuen els mitjans de comunicaci\u00f3, veiem com cada dia ens informen de tota mena d\u00b4incidents relacionats amb el cibercrim. RAMON ARN\u00d3 TORRADES. Advocat i professor associat del grau en enginyeria inform\u00e0tica de la Universitat de [&hellip;]<\/p>\n","protected":false},"author":117,"featured_media":42186,"comment_status":"closed","ping_status":"open","sticky":false,"template":"","format":"standard","meta":{"_mi_skip_tracking":false,"mc4wp_mailchimp_campaign":[],"jnews-multi-image_gallery":[],"jnews_single_post":{"source_name":"","source_url":"","via_name":"","via_url":"","override_template":"0","override":[{"template":"1","single_blog_custom":"","parallax":"1","fullscreen":"1","layout":"right-sidebar","sidebar":"default-sidebar","second_sidebar":"default-sidebar","sticky_sidebar":"1","share_position":"bottom","share_float_style":"share-monocrhome","show_share_counter":"1","show_view_counter":"1","show_featured":"1","show_post_meta":"1","show_post_author":"1","show_post_author_image":"1","show_post_date":"1","post_date_format":"default","post_date_format_custom":"Y\/m\/d","show_post_category":"0","show_post_reading_time":"1","post_reading_time_wpm":"300","show_zoom_button":"0","zoom_button_out_step":"2","zoom_button_in_step":"3","show_post_tag":"1","show_prev_next_post":"0","show_popup_post":"1","number_popup_post":"2","show_author_box":"1","show_post_related":"1","show_inline_post_related":"1"}],"override_image_size":"0","image_override":[{"single_post_thumbnail_size":"crop-715","single_post_gallery_size":"crop-500"}],"trending_post":"0","trending_post_position":"meta","trending_post_label":"Trending","sponsored_post":"0","sponsored_post_label":"Sponsored by","sponsored_post_name":"","sponsored_post_url":"","sponsored_post_logo_enable":"0","sponsored_post_logo":"","sponsored_post_desc":"","disable_ad":"0"},"jnews_primary_category":{"id":"10740","hide":""}},"categories":[10844,10815],"tags":[958,4813,11228,956],"_links":{"self":[{"href":"https:\/\/www.monempresarial.com\/ca\/wp-json\/wp\/v2\/posts\/42155"}],"collection":[{"href":"https:\/\/www.monempresarial.com\/ca\/wp-json\/wp\/v2\/posts"}],"about":[{"href":"https:\/\/www.monempresarial.com\/ca\/wp-json\/wp\/v2\/types\/post"}],"author":[{"embeddable":true,"href":"https:\/\/www.monempresarial.com\/ca\/wp-json\/wp\/v2\/users\/117"}],"replies":[{"embeddable":true,"href":"https:\/\/www.monempresarial.com\/ca\/wp-json\/wp\/v2\/comments?post=42155"}],"version-history":[{"count":4,"href":"https:\/\/www.monempresarial.com\/ca\/wp-json\/wp\/v2\/posts\/42155\/revisions"}],"predecessor-version":[{"id":47493,"href":"https:\/\/www.monempresarial.com\/ca\/wp-json\/wp\/v2\/posts\/42155\/revisions\/47493"}],"wp:featuredmedia":[{"embeddable":true,"href":"https:\/\/www.monempresarial.com\/ca\/wp-json\/wp\/v2\/media\/42186"}],"wp:attachment":[{"href":"https:\/\/www.monempresarial.com\/ca\/wp-json\/wp\/v2\/media?parent=42155"}],"wp:term":[{"taxonomy":"category","embeddable":true,"href":"https:\/\/www.monempresarial.com\/ca\/wp-json\/wp\/v2\/categories?post=42155"},{"taxonomy":"post_tag","embeddable":true,"href":"https:\/\/www.monempresarial.com\/ca\/wp-json\/wp\/v2\/tags?post=42155"}],"curies":[{"name":"wp","href":"https:\/\/api.w.org\/{rel}","templated":true}]}}