{"id":42210,"date":"2023-06-12T09:31:41","date_gmt":"2023-06-12T07:31:41","guid":{"rendered":"https:\/\/www.monempresarial.com\/2023\/06\/06\/el-concepto-economico-sobre-la-desigualdad-y-el-crecimiento-economico\/"},"modified":"2025-07-16T12:38:40","modified_gmt":"2025-07-16T10:38:40","slug":"el-concepto-economico-sobre-la-desigualtat-i-el-creixement-economic","status":"publish","type":"post","link":"https:\/\/www.monempresarial.com\/ca\/2023\/06\/12\/el-concepto-economico-sobre-la-desigualtat-i-el-creixement-economic\/","title":{"rendered":"El concepto econ\u00f3mico: Sobre la desigualtat i  el creixement econ\u00f2mic"},"content":{"rendered":"<h4><strong><span style=\"color: #8cbdaf;\">VALENT\u00cd PICH.<\/span><\/strong><strong><span style=\"color: #8cbdaf;\">\u00a0<span style=\"color: #000000;\">President del Consell General d\u2019Economistes<\/span><\/span><br \/>\n<\/strong><\/h4>\n<hr \/>\n<p>Una de les grans causes que han ocupat en els \u00faltims anys discursos sobre el futur de l\u2019economia \u00e9s la referent a la desigualtat econ\u00f2mica. Entorn d\u2019aquesta q\u00fcesti\u00f3 giren debats tan amplis com el model d\u2019organitzaci\u00f3 de l\u2019Estat, el nivell d\u2019impostos o les possibles reformes del mercat laboral. En economia, ens referim a la desigualtat en termes de renda. Si tenim en compte els ingressos d\u2019una determinada unitat i el nivell de pressi\u00f3 fiscal a qu\u00e8 se sotmet<em><span style=\"color: #8cbdaf; font-size: 10px;\">1<\/span> <\/em>, obtenim la renda disponible. Aix\u00ed, situem en ingressos i en impostos i cotitzacions socials dues variables per entendre com es generen difer\u00e8ncies en la renda.<\/p>\n<p>L\u2019indicador que resulta m\u00e9s convenient per mesurar-la \u00e9s el Coeficient de Gini. Es tracta d\u2019un indicador de concentraci\u00f3 que pren valors entre 0 i 1, on 0 significa que tota la mostra analitzada concentra la mateixa quantitat de la variable observada, i 1, que nom\u00e9s un individu concentra tota la variable. A Europa hi ha diferents nivells de desigualtat. Segons les dades de 2020, aquest coeficient pren valors entre 20,9 per a Eslov\u00e0quia (el menys desigual) i 43,4 per a Turquia (el m\u00e9s desigual). Entre aquests valors, trobem Espanya, amb un coeficient de 32,1, el des\u00e8. En el conjunt de la UE i l\u2019Eurozona, la tend\u00e8ncia a la baixa tamb\u00e9 s\u2019observa en el mateix per\u00edode, tanmateix, hi ha determinades difer\u00e8ncies:<\/p>\n<p><span style=\"font-size: 17px; color: #8cbdaf;\"><strong>\u02d7\u00a0<\/strong><\/span>Els valors mitjans s\u00f3n m\u00e9s elevats a Espanya que a l\u2019Eurozona i la Uni\u00f3 Europea durant els anys observats.<br \/>\n<span style=\"font-size: 17px; color: #8cbdaf;\"><strong>\u02d7\u00a0 <\/strong><\/span>Els canvis a Espanya s\u00f3n m\u00e9s abruptes que els de la mitjana europea.<\/p>\n<p>Quant al marc te\u00f2ric, les primeres aportacions a aquesta relaci\u00f3 apuntaven que una certa desigualtat era beneficiosa: en la mesura que el capital es concentra, es generen incentius a la inversi\u00f3 i a l\u2019estalvi. Si les rendes altes es concentren en els nivells de la societat amb m\u00e9s formaci\u00f3, hi haur\u00e0 incentius en la poblaci\u00f3 a formar-se m\u00e9s. Tanmateix, tamb\u00e9 hi ha aportacions te\u00f2riques quant als efectes negatius: una menor inversi\u00f3 en capital hum\u00e0 llastaria el creixement potencial d\u2019una economia. En el pla emp\u00edric, les investigacions fins a la data remarquen dues conclusions:<\/p>\n<p><span style=\"color: #8cbdaf;\"><strong>1. M\u00e9s nivells de desigualtat en els ingressos es relacionen amb menors taxes de creixement econ\u00f2mic.<\/strong><\/span><\/p>\n<p><span style=\"color: #8cbdaf;\"><strong>2. Les rendes del treball suposen el principal component a l\u2019hora d\u2019entendre la composici\u00f3 de la renda de les persones<\/strong>.<\/span><\/p>\n<p>Un tema com aquest es presta a investigacions extenses i detallades com algunes de les que ja existeixen i com aquelles que, probablement, continuaran fent-se en el futur. Crec que \u00e9s una q\u00fcesti\u00f3 \u00e0mpliament acceptada pensar que, almenys, determinats nivells d\u2019igualtat s\u00f3n necessaris per a un correcte desenvolupament econ\u00f2mic. En la mesura que certes q\u00fcestions queden assegurades per a la immensa majoria d\u2019una poblaci\u00f3, els riscos de produir-se episodis de conflictivitat social tendiran a reduir-se i els seus membres podran prosperar m\u00e9s establement.<\/p>\n<p>Per sintetitzar, situaria el problema de la desigualtat entorn de dues claus principals: el potencial de l\u2019economia i la capacitat redistributiva del sistema p\u00fablic. Una aposta per la ind\u00fastria i la tecnologia ens permetr\u00e0 ampliar el potencial del nostre PIB, incentivaria m\u00e9s formaci\u00f3 de capital hum\u00e0 i impulsaria la producci\u00f3 espanyola cap a sectors de m\u00e9s valor afegit. Seguidament, s\u2019ha de fer m\u00e9s eficient la recaptaci\u00f3 i l\u2019assignaci\u00f3 de recursos p\u00fablics per fer arribar als estrats m\u00e9s desfavorits de la societat els recursos que els condueixin a una m\u00e9s estabilitat.<\/p>\n<p><em><span style=\"color: #8cbdaf; font-size: 10px;\">1<\/span> <span style=\"font-size: 13px;\">Per a m\u00e9s detall sobre la pressi\u00f3 fiscal, visiteu la nostra Clave Econ\u00f3mica n\u00fam. 25 a <\/span><\/em><br \/>\n<em><span style=\"font-size: 13px;\">https:\/\/servicioestudios.economistas.es\/wp-content\/uploads\/sites\/25\/2023\/03\/SE-Clave25-PRESION-FISCAL.pdf<\/span><\/em><\/p>\n","protected":false},"excerpt":{"rendered":"<p>VALENT\u00cd PICH.\u00a0President del Consell General d\u2019Economistes Una de les grans causes que han ocupat en els \u00faltims anys discursos sobre el futur de l\u2019economia \u00e9s la referent a la desigualtat econ\u00f2mica. Entorn d\u2019aquesta q\u00fcesti\u00f3 giren debats tan amplis com el model d\u2019organitzaci\u00f3 de l\u2019Estat, el nivell d\u2019impostos o les possibles reformes del mercat laboral. En [&hellip;]<\/p>\n","protected":false},"author":118,"featured_media":42208,"comment_status":"closed","ping_status":"closed","sticky":false,"template":"","format":"standard","meta":{"_mi_skip_tracking":false,"mc4wp_mailchimp_campaign":[],"jnews-multi-image_gallery":[],"jnews_single_post":{"source_name":"","source_url":"","via_name":"","via_url":"","override_template":"0","override":[{"template":"1","single_blog_custom":"","parallax":"1","fullscreen":"1","layout":"right-sidebar","sidebar":"default-sidebar","second_sidebar":"default-sidebar","sticky_sidebar":"1","share_position":"bottom","share_float_style":"share-monocrhome","show_share_counter":"1","show_view_counter":"1","show_featured":"1","show_post_meta":"1","show_post_author":"1","show_post_author_image":"1","show_post_date":"1","post_date_format":"default","post_date_format_custom":"Y\/m\/d","show_post_category":"0","show_post_reading_time":"1","post_reading_time_wpm":"300","show_zoom_button":"0","zoom_button_out_step":"2","zoom_button_in_step":"3","show_post_tag":"1","show_prev_next_post":"0","show_popup_post":"1","number_popup_post":"2","show_author_box":"1","show_post_related":"1","show_inline_post_related":"1"}],"override_image_size":"0","image_override":[{"single_post_thumbnail_size":"crop-715","single_post_gallery_size":"crop-500"}],"trending_post":"0","trending_post_position":"meta","trending_post_label":"Trending","sponsored_post":"0","sponsored_post_label":"Sponsored by","sponsored_post_name":"","sponsored_post_url":"","sponsored_post_logo_enable":"0","sponsored_post_logo":"","sponsored_post_desc":"","disable_ad":"0"},"jnews_primary_category":{"id":"10741","hide":""}},"categories":[10815,10845,10817,10834],"tags":[113,1865,5767,5881,5900,11235],"_links":{"self":[{"href":"https:\/\/www.monempresarial.com\/ca\/wp-json\/wp\/v2\/posts\/42210"}],"collection":[{"href":"https:\/\/www.monempresarial.com\/ca\/wp-json\/wp\/v2\/posts"}],"about":[{"href":"https:\/\/www.monempresarial.com\/ca\/wp-json\/wp\/v2\/types\/post"}],"author":[{"embeddable":true,"href":"https:\/\/www.monempresarial.com\/ca\/wp-json\/wp\/v2\/users\/118"}],"replies":[{"embeddable":true,"href":"https:\/\/www.monempresarial.com\/ca\/wp-json\/wp\/v2\/comments?post=42210"}],"version-history":[{"count":3,"href":"https:\/\/www.monempresarial.com\/ca\/wp-json\/wp\/v2\/posts\/42210\/revisions"}],"predecessor-version":[{"id":46513,"href":"https:\/\/www.monempresarial.com\/ca\/wp-json\/wp\/v2\/posts\/42210\/revisions\/46513"}],"wp:featuredmedia":[{"embeddable":true,"href":"https:\/\/www.monempresarial.com\/ca\/wp-json\/wp\/v2\/media\/42208"}],"wp:attachment":[{"href":"https:\/\/www.monempresarial.com\/ca\/wp-json\/wp\/v2\/media?parent=42210"}],"wp:term":[{"taxonomy":"category","embeddable":true,"href":"https:\/\/www.monempresarial.com\/ca\/wp-json\/wp\/v2\/categories?post=42210"},{"taxonomy":"post_tag","embeddable":true,"href":"https:\/\/www.monempresarial.com\/ca\/wp-json\/wp\/v2\/tags?post=42210"}],"curies":[{"name":"wp","href":"https:\/\/api.w.org\/{rel}","templated":true}]}}