{"id":42455,"date":"2023-07-07T08:44:38","date_gmt":"2023-07-07T06:44:38","guid":{"rendered":"https:\/\/www.monempresarial.com\/2023\/07\/07\/la-inflacion-la-morosidad-y-la-inestabilidad-de-la-cadena-de-suministro-principales-retos-para-los-autonomos-en-2023\/"},"modified":"2025-06-06T09:53:08","modified_gmt":"2025-06-06T07:53:08","slug":"la-inflacio-la-morositat-i-la-inestabilitat-de-la-cadena-de-subministrament-principals-reptes-per-als-autonoms-el-2023","status":"publish","type":"post","link":"https:\/\/www.monempresarial.com\/ca\/2023\/07\/07\/la-inflacio-la-morositat-i-la-inestabilitat-de-la-cadena-de-subministrament-principals-reptes-per-als-autonoms-el-2023\/","title":{"rendered":"La inflaci\u00f3, la morositat i la inestabilitat de la cadena de subministrament: principals reptes per als aut\u00f2noms el 2023"},"content":{"rendered":"<p><strong>L\u2019afiliaci\u00f3 al r\u00e8gim especial de treballadors aut\u00f2noms a Espanya va caure l\u2019any passat per primera vegada en l\u2019\u00faltima d\u00e8cada. L\u2019increment dels preus, una morositat persistent i la incertesa en la cadena de subministrament mundial fan que els treballadors aut\u00f2noms no encarin el 2023 amb optimisme. <\/strong><\/p>\n<p>El Banc d\u2019Espanya preveu que l\u2019economia del pa\u00eds creixi un 2,3% el 2023. Una xifra que consolidaria la recuperaci\u00f3 econ\u00f2mica de l\u2019Estat i faria encadenar tres exercicis consecutius d\u2019avan\u00e7 econ\u00f2mic despr\u00e9s dels estralls provocats per la pand\u00e8mia el 2020. Ara b\u00e9, aquest creixement no ser\u00e0 igual per a tothom.<\/p>\n<p>Els treballadors aut\u00f2noms han estat els m\u00e9s damnificats pel context econ\u00f2mic de l\u2019\u00faltim lustre. De fet, el 2022 es va tancar amb primera caiguda de professionals aut\u00f2noms de l\u2019\u00faltima d\u00e8cada, amb un retroc\u00e9s de 1.204 treballadors per compte propi al conjunt de l\u2019Estat espanyol. La caiguda del nombre de treballadors aut\u00f2noms va ser testimonial (-0,04%), per\u00f2 reflecteix l\u2019increment de dificultats del context social i econ\u00f2mic per al R\u00e8gim Especial de Treballadors Aut\u00f2noms.<\/p>\n<p>En conseq\u00fc\u00e8ncia, les tend\u00e8ncies del primer semestre del 2023 tampoc s\u00f3n esperan\u00e7adores. Segons dades de l\u2019Associaci\u00f3 de Treballadors Aut\u00f2noms (ATA), a finals de juny de 2023 el nombre de treballadors aut\u00f2noms a Espanya s\u2019ha mantingut estable, amb prop de 3,3 milions d\u2019afiliats a la Seguretat Social. Per comunitats aut\u00f2nomes, a Catalunya el nombre de treballadors aut\u00f2noms es situa en 561.000 (un \u00ednfim creixement del 0,1%), i nom\u00e9s es registren increments als territoris on el turisme t\u00e9 un pes m\u00e9s gran; Balears i Can\u00e0ries, han crescut un 2,2%, la Comunitat Valenciana un 0,9% i Andalusia un 0,5%.<\/p>\n<p><strong><span style=\"color: #376f6b;\">Nom\u00e9s un 20% dels aut\u00f2noms preveuen incrementar la seva facturaci\u00f3 el 2023<\/span><\/strong><br \/>\nEls primers mesos del 2023, a escala global, no han estat positius per als aut\u00f2noms. El bar\u00f2metre de situaci\u00f3 dels aut\u00f2noms del primer trimestre de 2023 de l\u2019ATA constata que nom\u00e9s un 20,8% dels aut\u00f2noms espanyols han incrementat la seva facturaci\u00f3 durant el primer trimestre de l\u2019any. En canvi, un 33,6% assegura que el seu negoci ha evolucionat negativament aquest 2023 i un 45,6% s\u2019ha mantingut estable.<\/p>\n<p>D\u2019altra banda, les previsions per a la segona meitat de l\u2019any tampoc s\u00f3n esperan\u00e7adores. Nom\u00e9s un 19,7% dels aut\u00f2noms \u00e9s optimista en obtenir una facturaci\u00f3 superior enguany, respecte al 2022, mentre que un 32% creu que el seu marge de beneficis decreixer\u00e0.<\/p>\n<h4 style=\"color: #d65a06;\"><span style=\"color: #d65a06;\"><img decoding=\"async\" loading=\"lazy\" class=\"wp-image-42445 alignright\" src=\"https:\/\/www.monempresarial.com\/wp-content\/uploads\/2023\/07\/ICONO-1-300x267.jpg\" alt=\"\" width=\"149\" height=\"133\" srcset=\"https:\/\/www.monempresarial.com\/wp-content\/uploads\/2023\/07\/ICONO-1-300x267.jpg 300w, https:\/\/www.monempresarial.com\/wp-content\/uploads\/2023\/07\/ICONO-1-600x533.jpg 600w, https:\/\/www.monempresarial.com\/wp-content\/uploads\/2023\/07\/ICONO-1.jpg 744w\" sizes=\"(max-width: 149px) 100vw, 149px\" \/><\/span><\/h4>\n<blockquote>\n<h4 style=\"color: #d65a06;\"><span style=\"color: #d65a06;\"><span style=\"color: #376f6b;\">La caiguda del nombre de treballadors aut\u00f2noms va ser testimonial (-0,04%), per\u00f2 reflecteix l\u2019increment de dificultats del context social i econ\u00f2mic per al R\u00e8gim Especial de Treballadors Aut\u00f2noms.<\/span><\/span><\/h4>\n<\/blockquote>\n<p>Les dades de l\u2019ATA tamb\u00e9 mostren com un 22% dels aut\u00f2noms han vist caure la seva facturaci\u00f3 m\u00e9s d\u2019un 10% durant el primer trimestre de l\u2019any. En canvi, nom\u00e9s un 8% dels aut\u00f2noms han incrementat els seus ingressos m\u00e9s de 10 punts durant els primers mesos de l\u2019any.<\/p>\n<p><strong><span style=\"color: #376f6b;\">La hiperinflaci\u00f3 i la morositat: els reptes immediats per als aut\u00f2noms<br \/>\n<\/span><\/strong>La inflaci\u00f3, sobretot provocada per l\u2019increment dels preus energ\u00e8tics, va fer augmentar el cost de la vida un 5,7% durant l\u2019any passat. La xifra, tot i no ser alarmant, s\u00ed que amaga una gran dificultat, principalment per als comer\u00e7os: l\u2019increment de m\u00e9s d\u2019un 15% dels preus dels aliments. Aix\u00f2 fa que els aut\u00f2noms identifiquin en la hiperinflaci\u00f3 (que ha prosseguit la seva tend\u00e8ncia alcista durant els primers mesos del 2023) un dels principals entrebancs per als seus negocis.<\/p>\n<p>Segons el I Informe Hiscox de pimes i aut\u00f2noms, l\u2019increment dels preus \u00e9s una arma de doble fil que afecta directament els aut\u00f2noms. D\u2019una banda, augmenta els costos fixos de manteniment dels negocis i obliga a apujar els preus de les vendes, afectant la facturaci\u00f3. L\u2019ATA constata que el 70% dels aut\u00f2noms han hagut d\u2019incrementar preus durant l\u2019\u00faltim any, i un percentatge similar creu que els haur\u00e0 de pujar encara m\u00e9s en els mesos vinents.<\/p>\n<p>D\u2019altra banda, la inflaci\u00f3 tamb\u00e9 incrementa els terminis de pagament i dispara el risc de morositat. Tot plegat fa que els aut\u00f2noms identifiquin l\u2019increment dels costos de producci\u00f3 (60,9%), la caiguda d\u2019activitat (39,4%) i els problemes de la continu\u00eftat de negoci (33,8%) com les principals preocupacions per als treballadors aut\u00f2noms.<\/p>\n<p>L\u2019informe de Hiscox conclou amb una alerta que els aut\u00f2noms fa mesos que reivindiquen: \u201cl\u2019activitat de les pimes i els aut\u00f2noms \u00e9s cada cop menys rendible\u201d. Davant d\u2019aquesta problem\u00e0tica, l\u2019informe advoca per \u201caugmentar la mida dels negocis, per assolir millors estructures de costos, major productivitat i competitivitat\u201d.<\/p>\n<blockquote>\n<h4 style=\"color: #d65a06;\"><span style=\"color: #d65a06;\"><img decoding=\"async\" loading=\"lazy\" class=\"wp-image-42448 alignright\" src=\"https:\/\/www.monempresarial.com\/wp-content\/uploads\/2023\/07\/ICONO-2-300x280.jpg\" alt=\"\" width=\"183\" height=\"170\" srcset=\"https:\/\/www.monempresarial.com\/wp-content\/uploads\/2023\/07\/ICONO-2-300x280.jpg 300w, https:\/\/www.monempresarial.com\/wp-content\/uploads\/2023\/07\/ICONO-2.jpg 533w\" sizes=\"(max-width: 183px) 100vw, 183px\" \/><span style=\"color: #376f6b;\">Tot plegat fa que els aut\u00f2noms identifiquin l\u2019increment dels costos de producci\u00f3 (60,9%), la caiguda d\u2019activitat (39,4%) i els problemes de la continu\u00eftat de negoci (33,8%) com les principals preocupacions per als treballadors aut\u00f2noms.<\/span><\/span><\/h4>\n<\/blockquote>\n<p><strong><span style=\"color: #376f6b;\">M\u00e9s de la meitat dels aut\u00f2noms han vist redu\u00efda la seva quota a la Seguretat Social<br \/>\n<\/span><\/strong><span style=\"color: #000000;\">Aquest 2023 s\u2019ha iniciat amb un canvi hist\u00f2ric per als aut\u00f2noms: el nou sistema de cotitzacions, que determina el cost de la cotitzaci\u00f3 a la Seguretat Social segons els ingressos reals. Amb 15 trams establerts, a partir d\u2019aquest any, els aut\u00f2noms han d\u2019estimar els seus ingressos per adaptar-los a la seva cotitzaci\u00f3. I, a l\u2019espera dels ajustos que es faran a finals d\u2019any, fins ara la mesura ha estat beneficiosa per a m\u00e9s de la meitat dels aut\u00f2noms. Com a m\u00ednim aix\u00ed ho constata el bar\u00f2metre de l\u2019ATA, que assegura que el 53,1% dels treballadors aut\u00f2noms han vist disminu\u00efda la seva cotitzaci\u00f3. El percentatge de professionals per compte propi que s\u2019han vist obligats a pagar m\u00e9s ha estat del 33%.<\/span><\/p>\n<p><span style=\"color: #000000;\">Aquestes dades constatarien les estimacions del govern espanyol, que calculava que el 75% d\u2019aut\u00f2noms pagaran el mateix o fins i tot menys amb el nou sistema de cotitzaci\u00f3. L\u2019aven\u00e7 del context econ\u00f2mic i l\u2019evoluci\u00f3 dels preus acabaran de determinar si 2023 confirma les dificultats creixents per als treballadors aut\u00f2noms a Espanya, o si es reverteix la tend\u00e8ncia.<\/span><strong><span style=\"color: #376f6b;\"><br \/>\n<\/span><\/strong><\/p>\n","protected":false},"excerpt":{"rendered":"<p>L\u2019afiliaci\u00f3 al r\u00e8gim especial de treballadors aut\u00f2noms a Espanya va caure l\u2019any passat per primera vegada en l\u2019\u00faltima d\u00e8cada. L\u2019increment dels preus, una morositat persistent i la incertesa en la cadena de subministrament mundial fan que els treballadors aut\u00f2noms no encarin el 2023 amb optimisme.<\/p>\n","protected":false},"author":2,"featured_media":42451,"comment_status":"closed","ping_status":"closed","sticky":false,"template":"","format":"standard","meta":{"_mi_skip_tracking":false,"mc4wp_mailchimp_campaign":[],"jnews-multi-image_gallery":[],"jnews_single_post":{"source_name":"","source_url":"","via_name":"","via_url":"","override_template":"0","override":[{"template":"1","single_blog_custom":"","parallax":"1","fullscreen":"1","layout":"right-sidebar","sidebar":"default-sidebar","second_sidebar":"default-sidebar","sticky_sidebar":"1","share_position":"bottom","share_float_style":"share-monocrhome","show_share_counter":"1","show_view_counter":"1","show_featured":"1","show_post_meta":"1","show_post_author":"1","show_post_author_image":"1","show_post_date":"1","post_date_format":"default","post_date_format_custom":"Y\/m\/d","show_post_category":"0","show_post_reading_time":"1","post_reading_time_wpm":"300","show_zoom_button":"0","zoom_button_out_step":"2","zoom_button_in_step":"3","show_post_tag":"1","show_prev_next_post":"0","show_popup_post":"1","number_popup_post":"2","show_author_box":"1","show_post_related":"1","show_inline_post_related":"1"}],"override_image_size":"0","image_override":[{"single_post_thumbnail_size":"crop-715","single_post_gallery_size":"crop-500"}],"trending_post":"0","trending_post_position":"meta","trending_post_label":"Trending","sponsored_post":"0","sponsored_post_label":"Sponsored by","sponsored_post_name":"","sponsored_post_url":"","sponsored_post_logo_enable":"0","sponsored_post_logo":"","sponsored_post_desc":"","disable_ad":"0"},"jnews_primary_category":{"id":"10719","hide":""}},"categories":[10820,10819,10827],"tags":[113,4579,11244,11257],"_links":{"self":[{"href":"https:\/\/www.monempresarial.com\/ca\/wp-json\/wp\/v2\/posts\/42455"}],"collection":[{"href":"https:\/\/www.monempresarial.com\/ca\/wp-json\/wp\/v2\/posts"}],"about":[{"href":"https:\/\/www.monempresarial.com\/ca\/wp-json\/wp\/v2\/types\/post"}],"author":[{"embeddable":true,"href":"https:\/\/www.monempresarial.com\/ca\/wp-json\/wp\/v2\/users\/2"}],"replies":[{"embeddable":true,"href":"https:\/\/www.monempresarial.com\/ca\/wp-json\/wp\/v2\/comments?post=42455"}],"version-history":[{"count":3,"href":"https:\/\/www.monempresarial.com\/ca\/wp-json\/wp\/v2\/posts\/42455\/revisions"}],"predecessor-version":[{"id":46046,"href":"https:\/\/www.monempresarial.com\/ca\/wp-json\/wp\/v2\/posts\/42455\/revisions\/46046"}],"wp:featuredmedia":[{"embeddable":true,"href":"https:\/\/www.monempresarial.com\/ca\/wp-json\/wp\/v2\/media\/42451"}],"wp:attachment":[{"href":"https:\/\/www.monempresarial.com\/ca\/wp-json\/wp\/v2\/media?parent=42455"}],"wp:term":[{"taxonomy":"category","embeddable":true,"href":"https:\/\/www.monempresarial.com\/ca\/wp-json\/wp\/v2\/categories?post=42455"},{"taxonomy":"post_tag","embeddable":true,"href":"https:\/\/www.monempresarial.com\/ca\/wp-json\/wp\/v2\/tags?post=42455"}],"curies":[{"name":"wp","href":"https:\/\/api.w.org\/{rel}","templated":true}]}}