{"id":42516,"date":"2023-07-27T09:05:02","date_gmt":"2023-07-27T07:05:02","guid":{"rendered":"https:\/\/www.monempresarial.com\/2023\/07\/27\/proyecciones-de-crecimiento-2022-2025\/"},"modified":"2025-09-24T10:39:23","modified_gmt":"2025-09-24T08:39:23","slug":"projeccions-de-creixement-2022-2025","status":"publish","type":"post","link":"https:\/\/www.monempresarial.com\/ca\/2023\/07\/27\/projeccions-de-creixement-2022-2025\/","title":{"rendered":"Projeccions de creixement 2022-2025"},"content":{"rendered":"<p><strong>Amb el t\u00edtol \u201cCreixement feble, riscos financers, desafiaments fiscals\u201d, el Banc Mundial ha publicat el juny del 2023 la seva edici\u00f3 semestral de les \u201cPerspectives econ\u00f2miques mundials\u201d. El quadre resumeix les dades del 2022 i les projeccions d\u2019aquest organisme fins al 2025. <\/strong><\/p>\n<h4><strong><span style=\"color: #829c92;\">JUAN TUGORES QUES.<\/span> Catedr\u00e0tic d\u00b4conomia de la Universitat de Barcelona.<\/strong><\/h4>\n<hr \/>\n<p>Les previsions del Banc Mundial per al 2023 s\u00f3n modestes, en l\u00ednia amb les d\u2019altres institucions, per\u00f2 tamb\u00e9 s\u2019han revisat a l\u2019al\u00e7a en 4 d\u00e8cimes respecte a l\u2019edici\u00f3 anterior del gener passat. El diferencial a favor de les economies emergents torna a cr\u00e9ixer una mica el 2023, amb les economies asi\u00e0tiques al capdavant, especialment la de l\u2019\u00cdndia, que no baixaria del 6%, aix\u00ed com les expectatives de recuperaci\u00f3 de la Xina despr\u00e9s de l\u2019impacte el 2022 de l\u2019estrat\u00e8gia de covid-0. Les dades de R\u00fassia, sempre subjectes a reserves especials, s\u00f3n baixes, mentre que la normalitzaci\u00f3 a Am\u00e8rica Llatina es preveu, com a m\u00ednim, \u201claboriosa\u201d.<br \/>\nPel que fa a les economies avan\u00e7ades, el 2023 es presenta com un any d\u2019especial mod\u00e8stia per a la zona euro (encara que amb una revisi\u00f3 a l\u2019al\u00e7a de les xifres anteriors), mentre que, segons el Banc Mundial, el 2024 ser\u00e0 l\u2019any m\u00e9s delicat per als Estats Units, amb eleccions presidencials pel mig. Les dades per al Jap\u00f3 segueixen en la l\u00ednia de \u201cl\u2019estancament secular\u201d i per al 2023 s\u00f3n de les poques que el Banc Mundial revisa a la baixa.<br \/>\n<img decoding=\"async\" loading=\"lazy\" class=\"wp-image-42514 aligncenter\" src=\"https:\/\/www.monempresarial.com\/wp-content\/uploads\/2023\/07\/CUADRO-CAT.jpg\" alt=\"\" width=\"622\" height=\"582\" srcset=\"https:\/\/www.monempresarial.com\/wp-content\/uploads\/2023\/07\/CUADRO-CAT.jpg 775w, https:\/\/www.monempresarial.com\/wp-content\/uploads\/2023\/07\/CUADRO-CAT-300x281.jpg 300w, https:\/\/www.monempresarial.com\/wp-content\/uploads\/2023\/07\/CUADRO-CAT-600x561.jpg 600w, https:\/\/www.monempresarial.com\/wp-content\/uploads\/2023\/07\/CUADRO-CAT-750x702.jpg 750w\" sizes=\"(max-width: 622px) 100vw, 622px\" \/><\/p>\n","protected":false},"excerpt":{"rendered":"<p>Amb el t\u00edtol \u201cCreixement feble, riscos financers, desafiaments fiscals\u201d, el Banc Mundial ha publicat el juny del 2023 la seva edici\u00f3 semestral de les \u201cPerspectives econ\u00f2miques mundials\u201d. El quadre resumeix les dades del 2022 i les projeccions d\u2019aquest organisme fins al 2025.<\/p>\n","protected":false},"author":8,"featured_media":42512,"comment_status":"closed","ping_status":"closed","sticky":false,"template":"","format":"standard","meta":{"_mi_skip_tracking":false,"mc4wp_mailchimp_campaign":[],"jnews-multi-image_gallery":[],"jnews_single_post":{"source_name":"","source_url":"","via_name":"","via_url":"","override_template":"0","override":[{"template":"1","single_blog_custom":"","parallax":"1","fullscreen":"1","layout":"right-sidebar","sidebar":"default-sidebar","second_sidebar":"default-sidebar","sticky_sidebar":"1","share_position":"bottom","share_float_style":"share-monocrhome","show_share_counter":"1","show_view_counter":"1","show_featured":"1","show_post_meta":"1","show_post_author":"1","show_post_author_image":"1","show_post_date":"1","post_date_format":"default","post_date_format_custom":"Y\/m\/d","show_post_category":"0","show_post_reading_time":"1","post_reading_time_wpm":"300","show_zoom_button":"0","zoom_button_out_step":"2","zoom_button_in_step":"3","show_post_tag":"1","show_prev_next_post":"0","show_popup_post":"1","number_popup_post":"2","show_author_box":"1","show_post_related":"1","show_inline_post_related":"1"}],"override_image_size":"0","image_override":[{"single_post_thumbnail_size":"crop-715","single_post_gallery_size":"crop-500"}],"trending_post":"0","trending_post_position":"meta","trending_post_label":"Trending","sponsored_post":"0","sponsored_post_label":"Sponsored by","sponsored_post_name":"","sponsored_post_url":"","sponsored_post_logo_enable":"0","sponsored_post_logo":"","sponsored_post_desc":"","disable_ad":"0"},"jnews_primary_category":{"id":"10841","hide":""}},"categories":[10839,10815,10841],"tags":[1865,5905,7461,7466],"_links":{"self":[{"href":"https:\/\/www.monempresarial.com\/ca\/wp-json\/wp\/v2\/posts\/42516"}],"collection":[{"href":"https:\/\/www.monempresarial.com\/ca\/wp-json\/wp\/v2\/posts"}],"about":[{"href":"https:\/\/www.monempresarial.com\/ca\/wp-json\/wp\/v2\/types\/post"}],"author":[{"embeddable":true,"href":"https:\/\/www.monempresarial.com\/ca\/wp-json\/wp\/v2\/users\/8"}],"replies":[{"embeddable":true,"href":"https:\/\/www.monempresarial.com\/ca\/wp-json\/wp\/v2\/comments?post=42516"}],"version-history":[{"count":10,"href":"https:\/\/www.monempresarial.com\/ca\/wp-json\/wp\/v2\/posts\/42516\/revisions"}],"predecessor-version":[{"id":47483,"href":"https:\/\/www.monempresarial.com\/ca\/wp-json\/wp\/v2\/posts\/42516\/revisions\/47483"}],"wp:featuredmedia":[{"embeddable":true,"href":"https:\/\/www.monempresarial.com\/ca\/wp-json\/wp\/v2\/media\/42512"}],"wp:attachment":[{"href":"https:\/\/www.monempresarial.com\/ca\/wp-json\/wp\/v2\/media?parent=42516"}],"wp:term":[{"taxonomy":"category","embeddable":true,"href":"https:\/\/www.monempresarial.com\/ca\/wp-json\/wp\/v2\/categories?post=42516"},{"taxonomy":"post_tag","embeddable":true,"href":"https:\/\/www.monempresarial.com\/ca\/wp-json\/wp\/v2\/tags?post=42516"}],"curies":[{"name":"wp","href":"https:\/\/api.w.org\/{rel}","templated":true}]}}