{"id":42547,"date":"2023-08-01T09:00:51","date_gmt":"2023-08-01T07:00:51","guid":{"rendered":"https:\/\/www.monempresarial.com\/?p=42547"},"modified":"2025-09-24T10:39:16","modified_gmt":"2025-09-24T08:39:16","slug":"de-risking-amics-i-enemics-en-leconomia-mundial","status":"publish","type":"post","link":"https:\/\/www.monempresarial.com\/ca\/2023\/08\/01\/de-risking-amics-i-enemics-en-leconomia-mundial\/","title":{"rendered":"De-risking?  Amics i enemics en l\u2019economia mundial"},"content":{"rendered":"<p><strong>Aquest 2023 es debat sobre com articular les relacions entre les economies avan\u00e7ades i les emergents, liderades per la Xina. \u00c9s inevitable una confrontaci\u00f3 o hi ha cabuda per a formulacions pragm\u00e0tiques? I Europa quin paper hi juga? <\/strong><\/p>\n<h4><span style=\"color: #829c92; text-transform: uppercase;\"><strong>Juan Tugores Ques<\/strong>. <\/span><strong>Catedr\u00e1tico de Econom\u00eda de la Universidad de Barcelona.<\/strong><\/h4>\n<hr style=\"color: #b72126;\" \/>\n<p>El comunicat final despr\u00e9s de la reuni\u00f3 de la cimera del G7 el maig del 2023, celebrada a Hiroshima, va tenir un eix central en les relacions entre aquest grup de les economies avan\u00e7ades i la Xina. Va cridar l\u2019atenci\u00f3 la terminologia amb qu\u00e8 es plantejaven dos escenaris, un de ruptura, associat al ja conegut decoupling o \u201c<em>desacoblament<\/em>\u201d entre els blocs de pa\u00efsos avan\u00e7ats i emergents, i un altre, m\u00e9s flexible i pragm\u00e0tic, presentat com a <em>de-risking<\/em>, una reducci\u00f3 de riscs excessius per\u00f2 sense implicar necess\u00e0riament ruptures.<\/p>\n<blockquote>\n<h4 style=\"text-align: left;\"><span style=\"color: #829c92;\"><img decoding=\"async\" loading=\"lazy\" class=\"wp-image-42535 alignright\" src=\"https:\/\/www.monempresarial.com\/wp-content\/uploads\/2023\/07\/ICONO-1-2-275x300.jpg\" alt=\"\" width=\"119\" height=\"130\" srcset=\"https:\/\/www.monempresarial.com\/wp-content\/uploads\/2023\/07\/ICONO-1-2-275x300.jpg 275w, https:\/\/www.monempresarial.com\/wp-content\/uploads\/2023\/07\/ICONO-1-2.jpg 449w\" sizes=\"(max-width: 119px) 100vw, 119px\" \/>Aquest tipus d\u2019equilibris va en la l\u00ednia de la resposta europea als reptes actuals en termes d\u2019una \u201cautonomia estrat\u00e8gica oberta\u201d que vol reduir depend\u00e8ncies <\/span><\/h4>\n<\/blockquote>\n<p>La sem\u00e0ntica \u00e9s important, per\u00f2 podria fer la impressi\u00f3 que de vegades \u00e9s massa artificial. El terme <em>de-risking<\/em> ja es feia servir en altres contextos per referir-se a l\u2019estrat\u00e8gia d\u2019eludir riscos (\u201cno prestis a deutors dubtosos\u201d, per exemple), per\u00f2 ara s\u2019utilitza en un document d\u2019alt nivell pol\u00edtic amb un sentit (una mica) diferent per tractar de diferenciar entre unes estrat\u00e8gies de reduir exposicions a riscos \u2013com una depend\u00e8ncia excessiva d\u2019alguns subministraments\u2013 per\u00f2 mantenint obertes les relacions econ\u00f2miques en general, i el que seria una fragmentaci\u00f3 m\u00e9s radical de l\u2019economia mundial en blocs. Aquest tipus d\u2019equilibris va en la l\u00ednia de la resposta europea als reptes actuals en termes d\u2019una \u201cautonomia estrat\u00e8gica oberta\u201d que vol reduir depend\u00e8ncies \u2013i evitar que, com ha passat recentment, aquestes es transformin en \u201carmes\u201d contra la UE, com en el cas dels subministraments de gas procedents de R\u00fassia\u2013, per\u00f2 alhora s\u2019insisteix en la voluntat de contribuir a mantenir obert el sistema comercial i financer internacional. S\u00f3n equilibris sem\u00e0ntics confusos i impossibles, o realment de plantejaments diferents?<\/p>\n<blockquote>\n<h4 style=\"text-align: left;\"><span style=\"color: #829c92;\"><img decoding=\"async\" loading=\"lazy\" class=\"wp-image-42539 alignright\" src=\"https:\/\/www.monempresarial.com\/wp-content\/uploads\/2023\/07\/ICONO-3-264x300.jpg\" alt=\"\" width=\"123\" height=\"140\" srcset=\"https:\/\/www.monempresarial.com\/wp-content\/uploads\/2023\/07\/ICONO-3-264x300.jpg 264w, https:\/\/www.monempresarial.com\/wp-content\/uploads\/2023\/07\/ICONO-3.jpg 336w\" sizes=\"(max-width: 123px) 100vw, 123px\" \/>Certament, en les an\u00e0lisis de la situaci\u00f3 global i les seves perspectives de futur hi ha presents plantejaments pessimistes <\/span><\/h4>\n<\/blockquote>\n<p>Certament, en les an\u00e0lisis de la situaci\u00f3 global i les seves perspectives de futur hi ha presents plantejaments pessimistes. Despr\u00e9s de la invasi\u00f3 d\u2019Ucra\u00efna, es van comen\u00e7ar a publicar estudis sobre els costos eventuals d\u2019una \u201cfragmentaci\u00f3\u201d de l\u2019economia global. El gener de 2023, l\u2019FMI va llan\u00e7ar un conjunt de documents en qu\u00e8 sistematitzava aquests costos, en termes de reducci\u00f3 de fluxos comercials i inversors, de p\u00e8rdua de vies de col\u00b7laboraci\u00f3 cient\u00edfica i tecnol\u00f2gica, de sorgiment d\u2019est\u00e0ndards d\u2019eventual incompatibilitat, etc. Les estimacions assolien xifres de vegades superiors al 10% del PIB mundial. Els m\u00e9s apocal\u00edptics desempolsaven la \u201ctrampa de Tuc\u00eddides\u201d \u2013la formulaci\u00f3 del professor de Harvard Allison que extrapolava l\u2019an\u00e0lisi de l\u2019historiador grec sobre les causes de les guerres del Pelopon\u00e8s de fa uns 25 segles\u2013 referida a la freq\u00fc\u00e8ncia amb qu\u00e8 les pugnes per l\u2019hegemonia s\u2019acabaven dilucidant per vies militars. Les tensions a Ucra\u00efna i els temors sobre Taiwan reactivaven aquests recels. Altres argumentaven que l\u2019estrat\u00e8gia de la Xina \u00e9s expl\u00edcita respecte al seu objectiu d\u2019ascendir al lideratge mundial, per\u00f2 constaten com des de fa d\u00e8cades el gegant asi\u00e0tic avan\u00e7a en aquesta l\u00ednia per vies comercials, financeres, tecnol\u00f2giques, control de primeres mat\u00e8ries, etc., sense semblar \u201cnecessitar\u201d una confrontaci\u00f3 militar, tot i que tanmateix la hist\u00f2ria (de)mostra que de vegades la racionalitat es veu desbordava per altres \u201cimpulsos\u201d.<\/p>\n<p>Una dimensi\u00f3 rellevant per a Europa \u00e9s en quina mesura el Vell Continent podria dibuixar un \u201cperfil propi\u201d, m\u00e9s enll\u00e0 de l\u2019alineament amb les posicions dels Estats Units, en confrontacions tecnol\u00f2giques i geopol\u00edtiques. La repetida \u201cautonomia estrat\u00e8gica\u201d de la UE tindria aix\u00ed dimensions davant del \u201crival Xina\u201d, aix\u00ed com davant \u201cl\u2019amic Estats Units\u201d. Recentment, destacats economistes del Banc Central Europeu \u2013Attinasi, Boeckelmann i Meunier\u2013 han publicat estudis en qu\u00e8, d\u2019una banda, constaten els aven\u00e7os del<em> friendshoring<\/em> en les inversions i en les cadenes globals de valor \u2013\u00e9s a dir, el pes creixent de factors de similitud geopol\u00edtica com a factor explicatiu de decisions empresarials per sobre d\u2019altres consideracions m\u00e9s estrictament \u201ceconomicistes\u201d\u2013, per\u00f2 per altra banda, en aquest m\u00f3n de nous termes, expliciten els temors davant d\u2019<em>unfriendly friends<\/em> i mostren com els efectes dels plantejaments dels Estats Units per refor\u00e7ar el seu paper en tecnologies avan\u00e7ades i mediambientals, com els reflectits a la Inflation Reduction Act de 2022, estarien guanyant quotes de mercat en sectors rellevants en bona mesura a costa del \u201crival Xina\u201d, per\u00f2 alhora deteriorant les posicions dels (te\u00f2rics) amics europeus. At\u00e8s que els criteris per beneficiar-se de les subvencions i els suports per part dels Estats Units cap a la producci\u00f3 en sectors estrat\u00e8gics es vinculen a la producci\u00f3 en aquest mateix pa\u00eds o a l\u2019aprovisionament de components amb la mateixa proced\u00e8ncia o en pa\u00efsos amb acords comercials (com el Canad\u00e0 i M\u00e8xic), s\u2019argumenta que una forma de reduir els efectes col\u00b7laterals del \u201cfoc amic\u201d sobre Europa seria formalitzar un acord d\u2019aquest tipus, recuperant aix\u00ed els projectes llargament debatuts a la d\u00e8cada passada dels \u201cacords transatl\u00e0ntics\u201d (TTIP) que tantes pol\u00e8miques van suscitar en sectors sensibles com els de productes transg\u00e8nics.<\/p>\n<blockquote>\n<h4 style=\"text-align: left;\"><span style=\"color: #829c92;\"><img decoding=\"async\" loading=\"lazy\" class=\"wp-image-42537 alignright\" src=\"https:\/\/www.monempresarial.com\/wp-content\/uploads\/2023\/07\/ICONO-2-2-300x210.jpg\" alt=\"\" width=\"219\" height=\"153\" srcset=\"https:\/\/www.monempresarial.com\/wp-content\/uploads\/2023\/07\/ICONO-2-2-300x210.jpg 300w, https:\/\/www.monempresarial.com\/wp-content\/uploads\/2023\/07\/ICONO-2-2-600x420.jpg 600w, https:\/\/www.monempresarial.com\/wp-content\/uploads\/2023\/07\/ICONO-2-2-750x525.jpg 750w, https:\/\/www.monempresarial.com\/wp-content\/uploads\/2023\/07\/ICONO-2-2.jpg 767w\" sizes=\"(max-width: 219px) 100vw, 219px\" \/>Una dimensi\u00f3 rellevant per a Europa \u00e9s en quina mesura el Vell Continent podria dibuixar un<br \/>\n\u201cperfil propi\u201d, m\u00e9s enll\u00e0 de l\u2019alineament amb les posicions dels Estats Units, en confrontacions tecnol\u00f2giques i geopol\u00edtiques<\/span><\/h4>\n<\/blockquote>\n<p>En una l\u00ednia argumental molt \u201ceuropea\u201d, les an\u00e0lisis dels experts esmentats del Banc Central Europeu acaben recordant sempre que el perill\u00f3s d\u2019utilitzar mesures discriminat\u00f2ries i proteccionistes per aconseguir objectius nacionals no s\u00f3n \u00fanicament les ineficients (i perjudicials per a Europa) \u201creassignacions\u201d de producci\u00f3 i comer\u00e7 en sentits que s\u2019allunyen de la racionalitat econ\u00f2mica, sin\u00f3 que a m\u00e9s es comprometen els objectius a llarg termini, com comptar amb la millor utilitzaci\u00f3 dels recursos per avan\u00e7ar en tecnologies mediambientals de la m\u00e0xima efic\u00e0cia o treure el m\u00e0xim partit possible de l\u2019efici\u00e8ncia tecnol\u00f2gica en els diversos sectors. Es tracta, en definitiva, d\u2019una variant d\u2019un conflicte tradicional al llarg de la hist\u00f2ria entre els interessos particulars a curt termini i la racionalitat compartida a llarg termini. Aquest conflicte subjau, dit sigui de passada, a la tan repetida com controvertida formulaci\u00f3 europea d\u2019\u201cautonomia estrat\u00e8gica oberta\u201d amb les dimensions de realisme per reduir els riscos (<em>de-risking<\/em>) derivats d\u2019unes depend\u00e8ncies exteriors excessives, per\u00f2 amb la voluntat de seguir reconeixent els importants guanys d\u2019economies obertes a mitj\u00e0 i llarg termini per al creixement i el desenvolupament. Un equilibri delicat entre les posicions d\u2019Adam Smith a favor del comer\u00e7 obert com a font de \u201cla riquesa de les nacions\u201d i les formulacions mercantilistes que aquest autor criticava i que van permetre a Anglaterra i Fran\u00e7a progressar durant els segles XVII i XVIII amb plantejaments que avui semblen encarnar la Xina i els Estats Units.<\/p>\n<blockquote>\n<h4 style=\"text-align: left;\"><span style=\"color: #829c92;\">At\u00e8s que els criteris per beneficiar-se de les subvencions i els suports per part dels Estats Units cap a la producci\u00f3 en sectors estrat\u00e8gics es vinculen a la producci\u00f3 en aquest mateix pa\u00eds o a l\u2019aprovisionament de components amb la mateixa proced\u00e8ncia o en pa\u00efsos amb acords comercials (com el Canad\u00e0 i M\u00e8xic), s\u2019argumenta que una forma de reduir els efectes col\u00b7laterals del \u201cfoc amic\u201d sobre Europa seria formalitzar un acord d\u2019aquest tipus <\/span><\/h4>\n<\/blockquote>\n<p>Certament, es tracta d\u2019un conflicte tradicional, per\u00f2 amb apostes molt elevades actualment. Els desenvolupaments recents en la pugna pel lideratge tecnol\u00f2gic en microxips estan anant d\u2019escalada en escalada. A principis de juliol del 2023, per exemple, la Xina anunciava restriccions a les exportacions a Occident (no nom\u00e9s als Estats Units) de mat\u00e8ries primeres com el gal\u00b7li o el germani, crucials en la producci\u00f3 de semiconductors (xips) d\u2019alta gamma, com a resposta als anuncis de limitacions de vendes a la Xina de xips d\u2019\u00faltima generaci\u00f3 per part d\u2019una empresa l\u00edder ubicada als Pa\u00efsos Baixos despr\u00e9s de les expl\u00edcites pressions sobre els Estats Units. Els analistes han destacat com una decisi\u00f3 d\u2019un govern europeu com el dels Pa\u00efsos Baixos (que es dissolia al juliol per convocar eleccions en un marc d\u2019una crisi sociopol\u00edtica d\u2019abast) amb escassa o nul\u00b7la participaci\u00f3 dels organismes de la UE podia desencadenar moviments que impactaven a tot Europa, un nou exemple del molt que queda per avan\u00e7ar en mat\u00e8ria d\u2019una integraci\u00f3 europea efectiva en els temes de fons realment decisius.<\/p>\n<blockquote>\n<h4 style=\"text-align: left;\"><span style=\"color: #829c92;\">En aspectes com la salut global o els problemes mediambientals, les dimensions supranacionals desborden els blocs geopol\u00edtics i requereixen certa coordinaci\u00f3 o, almenys, unes visions compartides. Per\u00f2, m\u00e9s enll\u00e0 de bones paraules, sovint els interessos unilaterals de les grans pot\u00e8ncies passen per sobre de qualsevol refer\u00e8ncia benintencionada a la racionalitat col\u00b7lectiva <\/span><\/h4>\n<\/blockquote>\n<p>\u00c9s cert que tamb\u00e9 tenen cabuda en les an\u00e0lisis altres enfocaments m\u00e9s constructius. Es constata que alguns indicadors cl\u00e0ssics de globalitzaci\u00f3 estan estancats, per\u00f2 d\u2019altres continuen en ascens, entre els quals la denominada \u201cglobalitzaci\u00f3 d\u2019intangibles\u201d (comer\u00e7 en serveis a trav\u00e9s d\u2019internet, xarxes socials, etc.). Es torna a parlar de \u201creglobalitzaci\u00f3\u201d com a alternativa a \u201cdesglobalitzaci\u00f3\u201d i es recorda que, en aspectes com la salut global o els problemes mediambientals, les dimensions supranacionals desborden els blocs geopol\u00edtics i requereixen certa coordinaci\u00f3 o, almenys, unes visions compartides. Per\u00f2, m\u00e9s enll\u00e0 de bones paraules, sovint els interessos unilaterals de les grans pot\u00e8ncies passen per sobre de qualsevol refer\u00e8ncia benintencionada a la racionalitat col\u00b7lectiva. Vol dir aix\u00f2 que les an\u00e0lisis econ\u00f2miques queden del tot relegades davant la cruesa de les tensions geopol\u00edtiques? No necess\u00e0riament. Els reptes subjacents continuaran sent-hi, com la necessitat de reconduir una inflaci\u00f3 que es resisteix a baixar m\u00e9s del que s\u2019esperava i la gesti\u00f3 de la qual s\u2019est\u00e0 veient complicada pels dubtes respecte a la solidesa de l\u2019estabilitat financera despr\u00e9s de les alarmes enceses a principis de 2023 i els problemes d\u2019endeutament que es mantenen elevats i amb un cost creixent per les pujades de tipus. En paral\u00b7lel a qualsevol evoluci\u00f3 possible de la geopol\u00edtica, els reptes econ\u00f2mics requereixen combinar dosis elevades de decisi\u00f3 i realisme, com recordava Agust\u00edn Carstens, director del Banc Internacional de Pagaments de Basilea, a la presentaci\u00f3 de l\u2019Informe Econ\u00f2mic Anual d\u2019aquesta instituci\u00f3 el juny passat. L\u00facida decisi\u00f3 i cru realisme.<\/p>\n","protected":false},"excerpt":{"rendered":"<p>Aquest 2023 es debat sobre com articular les relacions entre les economies avan\u00e7ades i les emergents, liderades per la Xina. \u00c9s inevitable una confrontaci\u00f3 o hi ha cabuda per a formulacions pragm\u00e0tiques? I Europa quin paper hi juga?<\/p>\n","protected":false},"author":8,"featured_media":42544,"comment_status":"closed","ping_status":"closed","sticky":false,"template":"","format":"standard","meta":{"_mi_skip_tracking":false,"mc4wp_mailchimp_campaign":[],"jnews-multi-image_gallery":[],"jnews_single_post":{"source_name":"","source_url":"","via_name":"","via_url":"","override_template":"0","override":[{"template":"1","single_blog_custom":"","parallax":"1","fullscreen":"1","layout":"right-sidebar","sidebar":"default-sidebar","second_sidebar":"default-sidebar","sticky_sidebar":"1","share_position":"bottom","share_float_style":"share-monocrhome","show_share_counter":"1","show_view_counter":"1","show_featured":"1","show_post_meta":"1","show_post_author":"1","show_post_author_image":"1","show_post_date":"1","post_date_format":"default","post_date_format_custom":"Y\/m\/d","show_post_category":"0","show_post_reading_time":"1","post_reading_time_wpm":"300","show_zoom_button":"0","zoom_button_out_step":"2","zoom_button_in_step":"3","show_post_tag":"1","show_prev_next_post":"0","show_popup_post":"1","number_popup_post":"2","show_author_box":"1","show_post_related":"1","show_inline_post_related":"1"}],"override_image_size":"0","image_override":[{"single_post_thumbnail_size":"crop-715","single_post_gallery_size":"crop-500"}],"trending_post":"0","trending_post_position":"meta","trending_post_label":"Trending","sponsored_post":"0","sponsored_post_label":"Sponsored by","sponsored_post_name":"","sponsored_post_url":"","sponsored_post_logo_enable":"0","sponsored_post_logo":"","sponsored_post_desc":"","disable_ad":"0"},"jnews_primary_category":{"id":"10736","hide":""}},"categories":[10839,10840,10815,10729],"tags":[125,11261,11262],"_links":{"self":[{"href":"https:\/\/www.monempresarial.com\/ca\/wp-json\/wp\/v2\/posts\/42547"}],"collection":[{"href":"https:\/\/www.monempresarial.com\/ca\/wp-json\/wp\/v2\/posts"}],"about":[{"href":"https:\/\/www.monempresarial.com\/ca\/wp-json\/wp\/v2\/types\/post"}],"author":[{"embeddable":true,"href":"https:\/\/www.monempresarial.com\/ca\/wp-json\/wp\/v2\/users\/8"}],"replies":[{"embeddable":true,"href":"https:\/\/www.monempresarial.com\/ca\/wp-json\/wp\/v2\/comments?post=42547"}],"version-history":[{"count":4,"href":"https:\/\/www.monempresarial.com\/ca\/wp-json\/wp\/v2\/posts\/42547\/revisions"}],"predecessor-version":[{"id":47482,"href":"https:\/\/www.monempresarial.com\/ca\/wp-json\/wp\/v2\/posts\/42547\/revisions\/47482"}],"wp:featuredmedia":[{"embeddable":true,"href":"https:\/\/www.monempresarial.com\/ca\/wp-json\/wp\/v2\/media\/42544"}],"wp:attachment":[{"href":"https:\/\/www.monempresarial.com\/ca\/wp-json\/wp\/v2\/media?parent=42547"}],"wp:term":[{"taxonomy":"category","embeddable":true,"href":"https:\/\/www.monempresarial.com\/ca\/wp-json\/wp\/v2\/categories?post=42547"},{"taxonomy":"post_tag","embeddable":true,"href":"https:\/\/www.monempresarial.com\/ca\/wp-json\/wp\/v2\/tags?post=42547"}],"curies":[{"name":"wp","href":"https:\/\/api.w.org\/{rel}","templated":true}]}}