{"id":42962,"date":"2023-10-05T09:00:56","date_gmt":"2023-10-05T07:00:56","guid":{"rendered":"https:\/\/www.monempresarial.com\/?p=42962"},"modified":"2025-06-06T09:52:28","modified_gmt":"2025-06-06T07:52:28","slug":"guesss-el-projecte-mundial-mes-gran-demprenedoria-universitaria","status":"publish","type":"post","link":"https:\/\/www.monempresarial.com\/ca\/2023\/10\/05\/guesss-el-projecte-mundial-mes-gran-demprenedoria-universitaria\/","title":{"rendered":"GUESSS: el projecte mundial m\u00e9s  gran d\u2019emprenedoria universit\u00e0ria"},"content":{"rendered":"<p><strong>Si vol superar la baixa densitat i el minifundisme empresarial cr\u00f2nics de la seva economia, Espanya t\u00e9 el repte d\u2019augmentar la taxa de creaci\u00f3 d\u2019empreses, la innovaci\u00f3 dels nous projectes, la capacitat tecnol\u00f2gica i la generaci\u00f3 d\u2019ocupaci\u00f3. <\/strong><\/p>\n<h4><strong><span style=\"color: #829c92;\">JOS\u00c9 RUIZ NAVARRO.<\/span> Director del projecte GUESSS a Espanya i catedr\u00e0tic em\u00e8rit d\u2019Organitzaci\u00f3 d\u2019Empreses per la Universitat de Cadis.<\/strong><\/h4>\n<hr \/>\n<p>El cam\u00ed s\u2019ha assajat en els darrers vint anys i, tot i que, segons GEM Espanya, s\u2019ha augmentat el nivell de formaci\u00f3 de les persones emprenedores amb estudis superiors de m\u00e9s del 20% el 2003 a m\u00e9s del 50% el 2022, cal redoblar esfor\u00e7os. A tot el m\u00f3n, la universitat \u00e9s un planter de persones emprenedores i de projectes d\u2019alt potencial que cal dinamitzar per millorar la qualitat i la capacitat de creixement de les noves empreses.<\/p>\n<p>El projecte internacional Global University Entrepreneurial Spirit Students\u2019 Survey (GUESSS) hi posa el focus. Va n\u00e9ixer a la Universitat de Berna el 2003 i a la dinovena edici\u00f3 del 2021 van participar 3.000 universitats pertanyents a 58 pa\u00efsos (72 eren espanyoles) i 267.000 universitaris (98.226 d\u2019Espanya). L\u2019objectiu de GUESSS \u00e9s oferir indicadors del fenomen emprenedor universitari amb el prop\u00f2sit de fer recomanacions que millorin els resultats. Els indicadors i les comparacions entre universitats, territoris i pa\u00efsos facilita la gesti\u00f3, el proc\u00e9s d\u2019aprenentatge, la col\u00b7laboraci\u00f3 i la transfer\u00e8ncia de bones pr\u00e0ctiques. A Espanya, GUESSS \u00e8s coordinat per l\u2019Observatori de l\u2019Emprenedoria que tamb\u00e9 fa l\u2019informe GEM. T\u00e9 el suport d\u2019ENISA, SANFI, COTEC i la Fundaci\u00f3 Col\u00b7legi Decroly, entre altres organitzacions. Al web (<em>https:\/\/guesss-spain.com<\/em>) s\u2019ofereix una informaci\u00f3 \u00e0mplia del projecte. Espanya \u00e9s l\u00edder mundial en la participaci\u00f3 d\u2019estudiants, fet que indica l\u2019inter\u00e8s dels nostres universitaris i universitats amb l\u2019esperit emprenedor. L\u2019equip GUESSS Espanya involucra m\u00e9s de 150 investigadors i personal t\u00e8cnic de les universitats que treballen en xarxa amb la resta d\u00b4universitats de tot el m\u00f3n.<\/p>\n<p>GUESSS mesura les futures intencions d\u2019elecci\u00f3 de carreres professionals dels universitaris al final dels estudis i les seves perspectives en un horitz\u00f3 de cinc anys; les iniciatives emprenedores en qu\u00e8 estan involucrats mentre estudien; les empreses que han creat i gestionen, analitzant-ne les caracter\u00edstiques, i, en el context de la universitat, la formaci\u00f3 gen\u00e8rica i espec\u00edfica en emprenedoria que reben, aix\u00ed com els serveis de suport que se\u2019ls ofereix per emprendre. Aquests indicadors es completen i analitzen per g\u00e8nere, branques d\u2019especialitat, antecedents familiars, benestar personal i altres variables que poden condicionar el comportament emprenedor. Els informes nacionals s\u00f3n d\u2019acc\u00e9s p\u00fablic i es poden consultar juntament amb els de les universitats a <em>https:\/\/guesss-spain.com\/informes-guesss-espana<\/em>.<\/p>\n<p><img decoding=\"async\" loading=\"lazy\" class=\"wp-image-42946 aligncenter\" src=\"https:\/\/www.monempresarial.com\/wp-content\/uploads\/2023\/10\/ICONO-1-CAT.jpg\" alt=\"\" width=\"744\" height=\"592\" srcset=\"https:\/\/www.monempresarial.com\/wp-content\/uploads\/2023\/10\/ICONO-1-CAT.jpg 1063w, https:\/\/www.monempresarial.com\/wp-content\/uploads\/2023\/10\/ICONO-1-CAT-300x238.jpg 300w, https:\/\/www.monempresarial.com\/wp-content\/uploads\/2023\/10\/ICONO-1-CAT-1024x814.jpg 1024w, https:\/\/www.monempresarial.com\/wp-content\/uploads\/2023\/10\/ICONO-1-CAT-600x477.jpg 600w, https:\/\/www.monempresarial.com\/wp-content\/uploads\/2023\/10\/ICONO-1-CAT-750x596.jpg 750w\" sizes=\"(max-width: 744px) 100vw, 744px\" \/>Els resultats obtinguts trenquen alguns t\u00f2pics. Com s\u2019observa a la Figura 1, una mica m\u00e9s del 70% dels universitaris espanyols escullen ser empleats per compte ali\u00e8 en acabar els estudis, encara que no \u00e9s menyspreable que el 13% vulguin emprendre un negoci, percentatge que augmenta fins al 23,1% en un horitz\u00f3 de cinc anys. A la Uni\u00f3 Europea es donen unes xifres similars en finalitzar els estudis (70% i 12,6%) i s\u00f3n una mica m\u00e9s altes per a l\u2019opci\u00f3 d\u2019emprendre al conjunt dels 58 pa\u00efsos que participen en GUESSS (64,9% i 17,8%). En tots els pa\u00efsos s\u2019observa que la intenci\u00f3 de crear una empresa augmenta als cinc anys vista.<\/p>\n<p>Un altre dels t\u00f2pics que es trenquen \u00e9s la suposada escassetat d\u2019activitat emprenedora durant l\u2019etapa estudiantil. La Figura 2 mostra que, si el 2014 a Espanya el 9% dels estudiants estaven involucrats en el proc\u00e9s d\u2019iniciar una empresa, aquest percentatge es va doblar fins al 18,9% el 2021. Aquest creixement, que tamb\u00e9 s\u2019ha observat al conjunt de les 3.000 universitats que van participar en la darrera edici\u00f3 de GUESSS (amb registres superiors), s\u2019ha mantingut amb una tend\u00e8ncia continuada a l\u2019al\u00e7a al nostre pa\u00eds.<br \/>\n<img decoding=\"async\" loading=\"lazy\" class=\"wp-image-42949 aligncenter\" src=\"https:\/\/www.monempresarial.com\/wp-content\/uploads\/2023\/10\/ICONO-2-ES.jpg\" alt=\"\" width=\"750\" height=\"520\" srcset=\"https:\/\/www.monempresarial.com\/wp-content\/uploads\/2023\/10\/ICONO-2-ES.jpg 1069w, https:\/\/www.monempresarial.com\/wp-content\/uploads\/2023\/10\/ICONO-2-ES-300x208.jpg 300w, https:\/\/www.monempresarial.com\/wp-content\/uploads\/2023\/10\/ICONO-2-ES-1024x710.jpg 1024w, https:\/\/www.monempresarial.com\/wp-content\/uploads\/2023\/10\/ICONO-2-ES-600x416.jpg 600w, https:\/\/www.monempresarial.com\/wp-content\/uploads\/2023\/10\/ICONO-2-ES-750x520.jpg 750w\" sizes=\"(max-width: 750px) 100vw, 750px\" \/>Les dades ofereixen molts altres matisos que faciliten a les autoritats, als professors i fins i tot als mateixos alumnes la gesti\u00f3 d\u2019un fenomen complex per\u00f2 modernitzador del pa\u00eds i facilitador de les carreres professionals de les persones. Entre les tasques pendents, destaquen les pol\u00edtiques de g\u00e8nere i la formaci\u00f3 emprenedora: la participaci\u00f3 de la dona amb el comprom\u00eds d\u2019emprendre \u00e9s m\u00e9s baixa a Espanya que en altres pa\u00efsos del nostre entorn, i el 63,5% dels estudiants no han rebut mai formaci\u00f3 emprenedora a les seves carreres.<\/p>\n<p><img decoding=\"async\" loading=\"lazy\" class=\"wp-image-42954 aligncenter\" src=\"https:\/\/www.monempresarial.com\/wp-content\/uploads\/2023\/10\/ICONO-3-CAT.jpg\" alt=\"\" width=\"633\" height=\"661\" srcset=\"https:\/\/www.monempresarial.com\/wp-content\/uploads\/2023\/10\/ICONO-3-CAT.jpg 1045w, https:\/\/www.monempresarial.com\/wp-content\/uploads\/2023\/10\/ICONO-3-CAT-287x300.jpg 287w, https:\/\/www.monempresarial.com\/wp-content\/uploads\/2023\/10\/ICONO-3-CAT-981x1024.jpg 981w, https:\/\/www.monempresarial.com\/wp-content\/uploads\/2023\/10\/ICONO-3-CAT-600x626.jpg 600w, https:\/\/www.monempresarial.com\/wp-content\/uploads\/2023\/10\/ICONO-3-CAT-750x783.jpg 750w, https:\/\/www.monempresarial.com\/wp-content\/uploads\/2023\/10\/ICONO-3-CAT-287x300@2x.jpg 574w\" sizes=\"(max-width: 633px) 100vw, 633px\" \/><\/p>\n<p><span style=\"color: #829c92;\"><strong>UNA REFLEXI\u00d3 FINAL<\/strong><\/span><br \/>\n<span style=\"color: #829c92;\">\u2022<\/span> L\u2019<span style=\"color: #000000;\"><strong>esperit emprenedo<\/strong><\/span>r s\u2019alimenta del verb emprendre, que implica acci\u00f3.<br \/>\n<span style=\"color: #829c92;\">\u2022<\/span> La primera persona del plural,<strong> emprenem<\/strong>, repta a treballar junts, a crear comunitat, ecosistemes que propici\u00efn la modernitzaci\u00f3 del teixit empresarial, social i cultural de la societat.<br \/>\n<span style=\"color: #829c92;\">\u2022<\/span> \u00c9s un cam\u00ed que requereix el <strong>coneixement de les universitats<\/strong> per transitar entre les incerteses i la fragilitat de la condici\u00f3 humana cap a societats m\u00e9s robustes, pr\u00f2speres i din\u00e0miques.<\/p>\n","protected":false},"excerpt":{"rendered":"<p>Si vol superar la baixa densitat i el minifundisme empresarial cr\u00f2nics de la seva economia, Espanya t\u00e9 el repte d\u2019augmentar la taxa de creaci\u00f3 d\u2019empreses, la innovaci\u00f3 dels nous projectes, la capacitat tecnol\u00f2gica i la generaci\u00f3 d\u2019ocupaci\u00f3. <\/p>\n","protected":false},"author":128,"featured_media":42997,"comment_status":"closed","ping_status":"closed","sticky":false,"template":"","format":"standard","meta":{"_mi_skip_tracking":false,"mc4wp_mailchimp_campaign":[],"jnews-multi-image_gallery":[],"jnews_single_post":{"source_name":"","source_url":"","via_name":"","via_url":"","override_template":"0","override":[{"template":"1","single_blog_custom":"","parallax":"1","fullscreen":"1","layout":"right-sidebar","sidebar":"default-sidebar","second_sidebar":"default-sidebar","sticky_sidebar":"1","share_position":"bottom","share_float_style":"share-monocrhome","show_share_counter":"1","show_view_counter":"1","show_featured":"1","show_post_meta":"1","show_post_author":"1","show_post_author_image":"1","show_post_date":"1","post_date_format":"default","post_date_format_custom":"Y\/m\/d","show_post_category":"0","show_post_reading_time":"1","post_reading_time_wpm":"300","show_zoom_button":"0","zoom_button_out_step":"2","zoom_button_in_step":"3","show_post_tag":"1","show_prev_next_post":"0","show_popup_post":"1","number_popup_post":"2","show_author_box":"1","show_post_related":"1","show_inline_post_related":"1"}],"override_image_size":"0","image_override":[{"single_post_thumbnail_size":"crop-715","single_post_gallery_size":"crop-500"}],"trending_post":"0","trending_post_position":"meta","trending_post_label":"Trending","sponsored_post":"0","sponsored_post_label":"Sponsored by","sponsored_post_name":"","sponsored_post_url":"","sponsored_post_logo_enable":"0","sponsored_post_logo":"","sponsored_post_desc":"","disable_ad":"0"},"jnews_primary_category":{"id":"10740","hide":""}},"categories":[10820,10826,10815,10819,10844],"tags":[113,180,181,895,7772,11300],"_links":{"self":[{"href":"https:\/\/www.monempresarial.com\/ca\/wp-json\/wp\/v2\/posts\/42962"}],"collection":[{"href":"https:\/\/www.monempresarial.com\/ca\/wp-json\/wp\/v2\/posts"}],"about":[{"href":"https:\/\/www.monempresarial.com\/ca\/wp-json\/wp\/v2\/types\/post"}],"author":[{"embeddable":true,"href":"https:\/\/www.monempresarial.com\/ca\/wp-json\/wp\/v2\/users\/128"}],"replies":[{"embeddable":true,"href":"https:\/\/www.monempresarial.com\/ca\/wp-json\/wp\/v2\/comments?post=42962"}],"version-history":[{"count":5,"href":"https:\/\/www.monempresarial.com\/ca\/wp-json\/wp\/v2\/posts\/42962\/revisions"}],"predecessor-version":[{"id":46041,"href":"https:\/\/www.monempresarial.com\/ca\/wp-json\/wp\/v2\/posts\/42962\/revisions\/46041"}],"wp:featuredmedia":[{"embeddable":true,"href":"https:\/\/www.monempresarial.com\/ca\/wp-json\/wp\/v2\/media\/42997"}],"wp:attachment":[{"href":"https:\/\/www.monempresarial.com\/ca\/wp-json\/wp\/v2\/media?parent=42962"}],"wp:term":[{"taxonomy":"category","embeddable":true,"href":"https:\/\/www.monempresarial.com\/ca\/wp-json\/wp\/v2\/categories?post=42962"},{"taxonomy":"post_tag","embeddable":true,"href":"https:\/\/www.monempresarial.com\/ca\/wp-json\/wp\/v2\/tags?post=42962"}],"curies":[{"name":"wp","href":"https:\/\/api.w.org\/{rel}","templated":true}]}}