{"id":43223,"date":"2023-11-06T09:00:14","date_gmt":"2023-11-06T08:00:14","guid":{"rendered":"https:\/\/www.monempresarial.com\/?p=43223"},"modified":"2023-10-18T13:03:40","modified_gmt":"2023-10-18T11:03:40","slug":"la-sostenibilitat-passa-per-lainnovacio","status":"publish","type":"post","link":"https:\/\/www.monempresarial.com\/ca\/2023\/11\/06\/la-sostenibilitat-passa-per-lainnovacio\/","title":{"rendered":"<span style=\"color: # b8b4b4; font-weight: bold;\">La sostenibilitat  passa per lainnovaci\u00f3"},"content":{"rendered":"<p><strong>La gesti\u00f3 sostenible de la cadena de valor de les empreses s\u2019ha convertit en un element clau en la gesti\u00f3 empresarial, ja que en dep\u00e8n gran part de la competitivitat i de la sostenibilitat del seu model de negoci. <\/strong><\/p>\n<h4><span style=\"color: #c20c0c; text-transform: uppercase;\"><b>GER<span style=\"color: #c20c0c;\">AD VA<\/span>LL TU\u00d1\u00d3N<\/b>. <\/span><strong>Especialista en aliances estrat\u00e8giques a Save the Children Espanya. <\/strong><\/h4>\n<hr style=\"color: #b72126;\" \/>\n<p>Aquesta transformaci\u00f3 \u00e9s catalitzadora d\u2019innovaci\u00f3 i capa\u00e7 d\u2019aportar beneficis als seus diferents grups d\u2019inter\u00e8s, i, alhora, presenta una gran oportunitat tant per a grans empreses com per a pimes.<\/p>\n<p>En primer lloc, integrar la sostenibilitat en la gesti\u00f3 de la cadena de valor d\u2019una empresa ajuda a introduir un <strong>producte<\/strong> o un <strong>servei<\/strong> nous o significativament millorats. Per exemple, la inclusi\u00f3 de criteris ambientals (reduir, reutilitzar, reciclar, recuperar) i socials (drets humans, deguda dilig\u00e8ncia) en l\u2019avaluaci\u00f3 i la selecci\u00f3 de prove\u00efdors refor\u00e7a la qualitat del producte. Una relaci\u00f3 millorada amb prove\u00efdors i aliances de llarg termini contribueix a reduir riscos i proporciona m\u00e9s estabilitat a la cadena d\u2019abastament i compres. Per tant, es genera un valor nou al producte que ajuda a satisfer les noves necessitats dels clients. Com que el cost \u00e9s el principal escull, en un estudi d\u2019EY dut a terme l\u2019any passat entre 525 executius de cadenes de subministrament globals, el 61% de les empreses citaven l\u2019estalvi de costos i l\u2019efici\u00e8ncia com els principals motivadors per invertir en sostenibilitat de la cadena de subministrament.<\/p>\n<blockquote>\n<h4><span style=\"color: #c20c0c;\"><img decoding=\"async\" loading=\"lazy\" class=\"wp-image-43225 alignright\" src=\"https:\/\/www.monempresarial.com\/wp-content\/uploads\/2023\/10\/ICONO-1-7-272x300.jpg\" alt=\"\" width=\"125\" height=\"138\" srcset=\"https:\/\/www.monempresarial.com\/wp-content\/uploads\/2023\/10\/ICONO-1-7-272x300.jpg 272w, https:\/\/www.monempresarial.com\/wp-content\/uploads\/2023\/10\/ICONO-1-7.jpg 305w\" sizes=\"(max-width: 125px) 100vw, 125px\" \/>Integrar la sostenibilitat en la gesti\u00f3 de la cadena de valor d\u2019una empresa ajuda a introduir un producte o un servei nous o significativament millorats<\/span><\/h4>\n<\/blockquote>\n<p>Des de l\u2019\u00f2ptica d\u2019innovaci\u00f3 en els <strong>processos<\/strong>, la sostenibilitat corporativa comporta una nova manera de fer i entendre els negocis. Aix\u00f2 inclou transitar cap a la tra\u00e7abilitat i cap a cadenes de valor m\u00e9s transparents, revisar els processos de prove\u00efment, treballar la sostenibilitat de manera transversal juntament amb altres \u00e0rees de negoci \u2013per exemple, prove\u00efment i compres, comunicaci\u00f3 o estrat\u00e8gia\u2013 o crear figures com la del Comit\u00e8 de Sostenibilitat o la del director cient\u00edfic o CSO. En aquest sentit, el desenvolupament de capacitats de l\u2019alta direcci\u00f3 i \u00e0rees clau de l\u2019empresa \u00e9s el primer pas fonamental per entendre l\u2019impacte social i ambiental que cada empresa genera, aix\u00ed com per identificar els riscos i les oportunitats que aix\u00f2 implica.<\/p>\n<p>Pel que fa al <strong>posicionament<\/strong>, la sostenibilitat empresarial aporta oportunitats de negoci a sectors emergents i altres de consolidats, de manera que es desenvolupa un creixement estable i amb potencial d\u2019impacte. Una major competitivitat i sostenibilitat en el model de negoci promouen la diferenciaci\u00f3 positiva, reforcen la marca i atrauen nous clients.<\/p>\n<p>Aquest <strong>paradigma<\/strong> genera oportunitats d\u2019innovaci\u00f3 que seran el vector per crear plans d\u2019acci\u00f3 comuns entre empreses del mateix sector, autoritats i actors socials per sumar-se a aliances de desenvolupament sostenible alineades amb l\u2019Agenda 2030. Alhora, es posa en al\u00e7a el valor que suposa per a les empreses tenir un personal m\u00e9s comprom\u00e8s, motivat i productiu. En l\u2019\u00e0mbit de la transformaci\u00f3 digital, aquest paradigma refor\u00e7a, a m\u00e9s, els conceptes de digitalitzaci\u00f3 sostenible i digitalitzaci\u00f3 per a la sostenibilitat.<\/p>\n<blockquote>\n<h4><strong><span style=\"color: #c20c0c;\">Durant la darrera d\u00e8cada hem pogut comprovar el potencial d\u2019invertir en models basats en aliances estrat\u00e8giques d\u2019impacte <\/span><\/strong><\/h4>\n<\/blockquote>\n<p>Aix\u00f2 s\u00ed, no nom\u00e9s es tracta de mostrar, sin\u00f3 de mesurar. Durant la darrera d\u00e8cada hem pogut comprovar el potencial d\u2019invertir en models basats en aliances estrat\u00e8giques d\u2019impacte en tres grans \u00e0mbits. D\u2019una banda, la <strong>innovaci\u00f3 social<\/strong>, mitjan\u00e7ant la implementaci\u00f3 d\u2019enfocaments provats basats en evid\u00e8ncies. Per exemple, grans ONG, cada cop m\u00e9s preparades i professionalitzades, han llan\u00e7at durant la darrera d\u00e8cada laboratoris d\u2019innovaci\u00f3 social (tant propis com juntament amb fons d\u2019inversi\u00f3 social) centrats en el testeig de nous projectes i pilots socials que siguin mesurables, escalables i replicables, amb base cient\u00edfica.<\/p>\n<p>Aix\u00ed mateix, cada cop hi ha m\u00e9s focus en el <strong>mesurament d\u2019impacte<\/strong>. Accelerat pel context legislatiu \u2013la nova Directiva europea de dilig\u00e8ncia deguda, la reforma de la Llei de Societats de Capital, est\u00e0ndards normatius o la Llei d\u2019Informaci\u00f3 No Financera\u2013, cada cop m\u00e9s empreses estan buscant f\u00f3rmules per mesurar com la seva activitat genera impacte i retorn ambiental, social i de governan\u00e7a, mentre troben oportunitats per maximitzar el valor de la seva inversi\u00f3.<\/p>\n<p>Finalment, aliances entre empreses, organitzacions del tercer sector i finan\u00e7adors internacionals fa d\u00e8cades que treballen a consolidar f\u00f3rmules de<strong> finances innovadores<\/strong>. S\u2019hi estan sumant fons d\u2019inversi\u00f3 sostenibles que avaluen les seves inversions en clau ESG. Algunes millors pr\u00e0ctiques en aquest \u00e0mbit inclouen, per exemple, instruments financers com ara fons d\u2019inversi\u00f3 social, finan\u00e7ament basat en resultats, blended finance o global ventures.<\/p>\n<p>Si b\u00e9 estem davant d\u2019una oportunitat \u00fanica per comen\u00e7ar realment a canviar la manera de veure i fer les coses, el risc principal continua sent utilitzar aquesta terminologia fr\u00edvola i en va, caient aix\u00ed al green- washing 2.0.<\/p>\n","protected":false},"excerpt":{"rendered":"<p>La gesti\u00f3 sostenible de la cadena de valor de les empreses s\u2019ha convertit en un element clau en la gesti\u00f3 empresarial, ja que en dep\u00e8n gran part de la competitivitat i de la sostenibilitat del seu model de negoci.<\/p>\n","protected":false},"author":40,"featured_media":43231,"comment_status":"closed","ping_status":"open","sticky":false,"template":"","format":"standard","meta":{"_mi_skip_tracking":false,"mc4wp_mailchimp_campaign":[],"jnews-multi-image_gallery":[],"jnews_single_post":{"source_name":"","source_url":"","via_name":"","via_url":"","override_template":"0","override":[{"template":"1","single_blog_custom":"","parallax":"1","fullscreen":"1","layout":"right-sidebar","sidebar":"default-sidebar","second_sidebar":"default-sidebar","sticky_sidebar":"1","share_position":"bottom","share_float_style":"share-monocrhome","show_share_counter":"1","show_view_counter":"1","show_featured":"1","show_post_meta":"1","show_post_author":"1","show_post_author_image":"1","show_post_date":"1","post_date_format":"default","post_date_format_custom":"Y\/m\/d","show_post_category":"0","show_post_reading_time":"1","post_reading_time_wpm":"300","show_zoom_button":"0","zoom_button_out_step":"2","zoom_button_in_step":"3","show_post_tag":"1","show_prev_next_post":"0","show_popup_post":"1","number_popup_post":"2","show_author_box":"1","show_post_related":"1","show_inline_post_related":"1"}],"override_image_size":"0","image_override":[{"single_post_thumbnail_size":"crop-715","single_post_gallery_size":"crop-500"}],"trending_post":"0","trending_post_position":"meta","trending_post_label":"Trending","sponsored_post":"0","sponsored_post_label":"Sponsored by","sponsored_post_name":"","sponsored_post_url":"","sponsored_post_logo_enable":"0","sponsored_post_logo":"","sponsored_post_desc":"","disable_ad":"0"},"jnews_primary_category":{"id":"10846","hide":""}},"categories":[9,10846,10816],"tags":[180,181,826,3971],"_links":{"self":[{"href":"https:\/\/www.monempresarial.com\/ca\/wp-json\/wp\/v2\/posts\/43223"}],"collection":[{"href":"https:\/\/www.monempresarial.com\/ca\/wp-json\/wp\/v2\/posts"}],"about":[{"href":"https:\/\/www.monempresarial.com\/ca\/wp-json\/wp\/v2\/types\/post"}],"author":[{"embeddable":true,"href":"https:\/\/www.monempresarial.com\/ca\/wp-json\/wp\/v2\/users\/40"}],"replies":[{"embeddable":true,"href":"https:\/\/www.monempresarial.com\/ca\/wp-json\/wp\/v2\/comments?post=43223"}],"version-history":[{"count":4,"href":"https:\/\/www.monempresarial.com\/ca\/wp-json\/wp\/v2\/posts\/43223\/revisions"}],"predecessor-version":[{"id":43238,"href":"https:\/\/www.monempresarial.com\/ca\/wp-json\/wp\/v2\/posts\/43223\/revisions\/43238"}],"wp:featuredmedia":[{"embeddable":true,"href":"https:\/\/www.monempresarial.com\/ca\/wp-json\/wp\/v2\/media\/43231"}],"wp:attachment":[{"href":"https:\/\/www.monempresarial.com\/ca\/wp-json\/wp\/v2\/media?parent=43223"}],"wp:term":[{"taxonomy":"category","embeddable":true,"href":"https:\/\/www.monempresarial.com\/ca\/wp-json\/wp\/v2\/categories?post=43223"},{"taxonomy":"post_tag","embeddable":true,"href":"https:\/\/www.monempresarial.com\/ca\/wp-json\/wp\/v2\/tags?post=43223"}],"curies":[{"name":"wp","href":"https:\/\/api.w.org\/{rel}","templated":true}]}}