{"id":4375,"date":"2015-04-23T12:48:56","date_gmt":"2015-04-23T10:48:56","guid":{"rendered":"http:\/\/monempresarial.com\/?p=4375"},"modified":"2025-09-16T12:03:51","modified_gmt":"2025-09-16T10:03:51","slug":"sant-jordi-2015-recordem-poema","status":"publish","type":"post","link":"https:\/\/www.monempresarial.com\/ca\/2015\/04\/23\/sant-jordi-2015-recordem-poema\/","title":{"rendered":"Sant Jordi 2015:<\/span> Recordem el poema.."},"content":{"rendered":"<p>Aquest Sant Jordi recordem un dels poemes m\u00e9s emblem\u00e0tics del poeta catal\u00e0 Josep Vicen\u00e7 Foix (Barcelona, 1893 &#8211; 1987), incl\u00f2s al seu llibre <i>On he deixat les claus&#8230;<\/i> <\/p>\n<h3 style=\"color: #336600;\">&#8220;\u00c9s quan dormo que hi veig clar&#8221;.<\/h5>\n<p> Per Josep Vicen\u00e7 Foix (1953)<\/p>\n<p>&#8220;\u00c9s quan plou que ballo sol<br \/>\nVestit d\u2019algues, or i escata,<br \/>\nHi ha un pany de mar al revolt<br \/>\nI un tros de cel escarlata,<br \/>\nUn ocell fa un giravolt<br \/>\nI treu branques una mata,&#8221;<\/p>\n<p><a href=\"http:\/\/www.catedramariustorres.udl.cat\/materials\/biblioteca\/visor.php?acronim=onhe&#038;tornar=&#038;op=&#038;titol=On%20he%20deixat%20les%20claus&#038;any=1953&#038;acr_autor=foix&#038;nom_autor=J.+V.+Foix&#038;pos=48&#038;zoom=&#038;tipus=_autors\" title=\"&quot;\u00c9s quan dormo que hi veig clar&quot; J.V. Foix\">L&#8217;enlla\u00e7 al poema complert<\/a>, i tot el llibre, gr\u00e0cies a la Fundaci\u00f3 J.V. Foix.<\/p>\n","protected":false},"excerpt":{"rendered":"<p>Aquest Sant Jordi recordem un dels poemes m\u00e9s emblem\u00e0tics del poeta catal\u00e0 Josep Vicen\u00e7 Foix (Barcelona, 1893 &#8211; 1987), incl\u00f2s al seu llibre <i>On he deixat les claus&#8230;<\/i> <\/p>\n","protected":false},"author":2,"featured_media":4376,"comment_status":"open","ping_status":"open","sticky":false,"template":"","format":"standard","meta":{"_mi_skip_tracking":false,"mc4wp_mailchimp_campaign":[],"jnews-multi-image_gallery":[],"jnews_single_post":[],"jnews_primary_category":[]},"categories":[12],"tags":[],"_links":{"self":[{"href":"https:\/\/www.monempresarial.com\/ca\/wp-json\/wp\/v2\/posts\/4375"}],"collection":[{"href":"https:\/\/www.monempresarial.com\/ca\/wp-json\/wp\/v2\/posts"}],"about":[{"href":"https:\/\/www.monempresarial.com\/ca\/wp-json\/wp\/v2\/types\/post"}],"author":[{"embeddable":true,"href":"https:\/\/www.monempresarial.com\/ca\/wp-json\/wp\/v2\/users\/2"}],"replies":[{"embeddable":true,"href":"https:\/\/www.monempresarial.com\/ca\/wp-json\/wp\/v2\/comments?post=4375"}],"version-history":[{"count":1,"href":"https:\/\/www.monempresarial.com\/ca\/wp-json\/wp\/v2\/posts\/4375\/revisions"}],"predecessor-version":[{"id":47183,"href":"https:\/\/www.monempresarial.com\/ca\/wp-json\/wp\/v2\/posts\/4375\/revisions\/47183"}],"wp:featuredmedia":[{"embeddable":true,"href":"https:\/\/www.monempresarial.com\/ca\/wp-json\/wp\/v2\/media\/4376"}],"wp:attachment":[{"href":"https:\/\/www.monempresarial.com\/ca\/wp-json\/wp\/v2\/media?parent=4375"}],"wp:term":[{"taxonomy":"category","embeddable":true,"href":"https:\/\/www.monempresarial.com\/ca\/wp-json\/wp\/v2\/categories?post=4375"},{"taxonomy":"post_tag","embeddable":true,"href":"https:\/\/www.monempresarial.com\/ca\/wp-json\/wp\/v2\/tags?post=4375"}],"curies":[{"name":"wp","href":"https:\/\/api.w.org\/{rel}","templated":true}]}}