{"id":43819,"date":"2024-04-18T09:00:20","date_gmt":"2024-04-18T07:00:20","guid":{"rendered":"https:\/\/www.monempresarial.com\/?p=43819"},"modified":"2025-09-24T10:34:28","modified_gmt":"2025-09-24T08:34:28","slug":"son-maquines-forca-intel%c2%b7ligents-no-humans","status":"publish","type":"post","link":"https:\/\/www.monempresarial.com\/ca\/2024\/04\/18\/son-maquines-forca-intel%c2%b7ligents-no-humans\/","title":{"rendered":"S\u00f3n m\u00e0quines  for\u00e7a intel\u00b7ligents, no humans"},"content":{"rendered":"<p><strong>El 2024 vaig demanar al ChatGPT que m\u2019ajud\u00e9s a encap\u00e7alar un article sobre la IA. Les recomanacions van ser les seg\u00fcents: introducci\u00f3 cient\u00edfica del concepte, en qu\u00e8 destacava el paper en la societat actual; an\u00e8cdota personal; estad\u00edstica impactant, i pregunta ret\u00f2rica, com per exemple, \u201cqu\u00e8 passaria si pogu\u00e9ssim dissenyar m\u00e0quines capaces d\u2019aprendre i millorar per si mateixes?\u201d.<\/strong><\/p>\n<h4><strong><span style=\"color: #000080; text-transform: uppercase;\">Josep-Francesc Valls. <\/span>C\u00e0tedra Retail BSM-UPF <\/strong><\/h4>\n<hr style=\"color: #b72126;\" \/>\n<p>Acabo de redactar la mateixa pregunta el febrer del 2030 a l\u2019\u00faltima m\u00e0quina d\u2019IA que ha aparegut, que va retirar del mercat el ChatGPT. La resposta \u00e9s la seg\u00fcent:<br \/>\n\u201c<strong><span style=\"color: #000080;\">Objectius aconseguits:<\/span><\/strong> an\u00e0lisi massiva de dades no estructurades; automatitzaci\u00f3 immediata en la creaci\u00f3 de textos, quadres i gr\u00e0fics; interpretaci\u00f3 i traducci\u00f3 instant\u00e0nia; m\u00e8triques al 100% per als sistemes de producci\u00f3; adaptaci\u00f3 dels xatbots a les preguntes espec\u00edfiques dels usuaris al 95%.\u00a0<span style=\"color: #000080;\"><strong>Objectius inassolibles:<\/strong> <\/span>mai coneixer\u00e9 amb certesa els gustos dels usuaris; mai m\u2019assemblar\u00e9 a la ment humana; mai ser\u00e9 capa\u00e7 d\u2019obrir les portes del cel.\u201d<\/p>\n<blockquote>\n<h4><span style=\"color: #000080;\"><img decoding=\"async\" loading=\"lazy\" class=\"size-full wp-image-43815 alignright\" src=\"https:\/\/www.monempresarial.com\/wp-content\/uploads\/2024\/04\/icono-1-4.jpg\" alt=\"\" width=\"223\" height=\"132\" \/>El 2023, la \u2018MIT Technology Review Insights\u2019 publicava un informe sobre els grans avan\u00e7os que es produirien en la IA els cinc o deu anys seg\u00fcents<\/span><\/h4>\n<\/blockquote>\n<p>Des del meu despatx, condicionat com una primavera eterna, em relaciono amb els meus col\u00b7legues xinesos i japonesos, cadasc\u00fa en el seu idioma. No parlo cap dels dos idiomes, com tampoc ells parlen el meu, per\u00f2 fa tres o quatre anys vam trobar finalment la m\u00e0quina hologr\u00e0fica perfecta; per si de cas el xat adjunt reprodueix la xerrada. Aix\u00f2 de la primavera eterna ja ho explicar\u00e9 un altre dia.<br \/>\nEl 2023, la MIT Technology Review Insights publicava un informe sobre els grans avan\u00e7os que es produirien en la IA els cinc o deu anys seg\u00fcents. L\u2019estudi The great acceleration: CIO perspectives on generative AI es referia als provadors virtuals, a l\u2019optimitzaci\u00f3 de les prediccions de la demanda, al descobriment de nous n\u00ednxols, a la programaci\u00f3 dels lliuraments, a les solucions integrals i m\u00e8triques en la producci\u00f3, a la personalitzaci\u00f3 dels productes, a les gr\u00e0fiques en temps real, al perfeccionament dels indicadors i KPI, a les traduccions autom\u00e0tiques\u2026 Ni cinc ni deu anys: el 2025,<strong><span style=\"color: #000080;\"> la IA va escalar de tal manera que aquestes tecnologies eren a l\u2019abast de qualsevol<\/span><\/strong>. Un exemple concret, el del meu editor: tradueix els llibres a qualsevol idioma en pocs minuts mitjan\u00e7ant un programa de cost molt assumible.<\/p>\n<p><strong><span style=\"color: #000080;\">EL M\u00c9S DESITJAT<\/span><\/strong><br \/>\nS\u2019avan\u00e7a r\u00e0pidament al servei de la producci\u00f3 i la distribuci\u00f3, del desenvolupament i innovaci\u00f3 del producte, del coneixement del client i de les vendes, de les finances, de les tecnologies de la informaci\u00f3, dels recursos humans, de la protecci\u00f3 dels oceans \u2013per combatre la pesca il\u00b7legal o investigar millor els forats negres\u2013, de la conviv\u00e8ncia i els serveis socials, dels sistemes d\u2019ensenyament a c\u00f2pia de tutors personals d\u2019IA per als estudiants \u2013com ha aplicat amb \u00e8xit la Fundaci\u00f3 Khan Academy\u2013, o del control dels compradors a la sortida de l\u2019establiment sense que es vegin obligats a mostrar les bosses, com fa Walmart. <strong><span style=\"color: #000080;\">No hi ha cap \u00e0mbit en el qual la IA no ajudi a reduir el temps i els costos, descarregui l\u2019esfor\u00e7, ajudi a avan\u00e7ar m\u00e9s enll\u00e0 del que pot desenvolupar un hum\u00e0, amb la seva ajuda o sense.<\/span><\/strong><\/p>\n<blockquote>\n<h4><span style=\"color: #000080;\">No existeix \u00e0mbit en el qual la IA no ajudi a reduir el temps i els costos, descarregui l\u2019esfor\u00e7, ajudi a avan\u00e7ar m\u00e9s enll\u00e0 del que pot desenvolupar un hum\u00e0, amb la seva ajuda o sense<\/span><\/h4>\n<\/blockquote>\n<p><strong><span style=\"color: #000080;\">EL PROGR\u00c9S I BIAIX DE LA IA<\/span><\/strong><br \/>\nEls <strong><span style=\"color: #000080;\">algorismes<\/span><\/strong> han progressat en aquesta d\u00e8cada m\u00e9s que en les dues anteriors. En una primera fase van servir per compilar el m\u00e0xim de dades possible i accedir a desentranyar els problemes amb m\u00e9s o menys encert; a mesura que avan\u00e7ava la IA generativa van aprendre els<span style=\"color: #000080;\"><strong> patrons<\/strong><\/span> i l\u2019<span style=\"color: #000080;\"><strong>estructur<\/strong><\/span>a per engendrar noves dades que faciliten un millor tractament de les m\u00e9s complexes operacions en totes les \u00e0rees. La seva <span style=\"color: #000080;\"><strong>gesti\u00f3<\/strong><\/span> i <strong><span style=\"color: #000080;\">governan\u00e7a<\/span><\/strong> continua produint biaixos. Aix\u00f2 resulta indubtable: el context, el nivell de preparaci\u00f3, les intencions i els prejudicis dels qui les manegen suposen un h\u00e0ndicap a resoldre; el mateix es pot afirmar del disseny de l\u2019arquitectura i del sistema de recollida de dades. Malgrat aquestes desviacions, per sort, a <strong><span style=\"color: #000080;\">Europa la UE s\u2019ha convertit en avan\u00e7ada legislativa<\/span> <\/strong>sobre el seu \u00fas, establint-ne els l\u00edmits i codis \u00e8tics gaireb\u00e9 des del primer moment. En aquest sentit, marca el cam\u00ed per a la resta del m\u00f3n.<\/p>\n<p><strong><span style=\"color: #000080;\">EL COST DEL MEU DESPATX<\/span><\/strong><br \/>\nEl problema que tenim ara el 2030 \u00e9s doble. El primer, les dificultats econ\u00f2miques de la majoria de la poblaci\u00f3 mundial per accedir a la IA. Quan era jove, el menjador, la cuina i la meva habitaci\u00f3 representaven el 70% del cost total de la meva llar; avui els aparells del meu despatx superen aquest percentatge i cada any em deixo una picossada per mantenir-me en aquesta ona. \u00c9s clar que s\u2019abarateixen a mesura que els fan servir m\u00e9s persones, per\u00f2 el cost continua sent elevat, excessivament elevat, de manera que en comptes de reduir les desigualtats, encara les augmenta. I el segon problema \u00e9s que, si el 2020 es requeria un contingent redu\u00eft de professionals competents en el ram, ara la seva demanda s\u2019ha decuplicat i no apareixen enlloc, malgrat que els salaris resulten m\u00e9s elevats que en altres camps.<\/p>\n<blockquote>\n<h4><span style=\"color: #000080;\"><img decoding=\"async\" loading=\"lazy\" class=\"size-full wp-image-43811 alignright\" src=\"https:\/\/www.monempresarial.com\/wp-content\/uploads\/2024\/04\/icono-2-2.jpg\" alt=\"\" width=\"121\" height=\"115\" \/>La UE s\u2019ha convertit en avan\u00e7ada legislativa sobre el seu \u00fas, establint-ne els l\u00edmits i codis \u00e8tics gaireb\u00e9 des del primer moment. En aquest sentit, marca el cam\u00ed per a la resta del m\u00f3n<\/span><\/h4>\n<\/blockquote>\n<p><strong><span style=\"color: #000080;\">LA INTEL\u00b7LIG\u00c8NCIA ARTIFICIAL NO \u00c9S UN \u201cLLORO SAVI\u201d<\/span><\/strong><br \/>\nPocs anatematitzen avui la IA, com va passar la primera part de la d\u00e8cada, sobretot arran de la presentaci\u00f3 del ChatGPT. Ning\u00fa la titlla de \u201clloro savi\u201d. Un cop que el m\u00f3n cient\u00edfic va convenir que no es tractava de reproduir les funcions humanes, sin\u00f3 que la ind\u00fastria bi\u00f2nica millora la majoria de les funcions biol\u00f2giques i ps\u00edquiques, que la web sem\u00e0ntica facilitava la comunicaci\u00f3, i que les noves eines algor\u00edtmiques avan\u00e7aven en aquesta l\u00ednia en tots els camps,<span style=\"color: #000080;\"><strong> es va produir una reducci\u00f3 de l\u2019estr\u00e8s social <\/strong><\/span>que li significava a l\u2019hum\u00e0 enfrontar-se a una cosa desconeguda al seu atzar que l\u2019anava a suplantar. Bill Gates, un prehist\u00f2ric digital, va afirmar que les tecnologies s\u00f3n alhora prometedores i perilloses; la humanitat va saber a meitats de la d\u00e8cada de 2020 que la IA estava sobretot situada en primer lloc i que els criteris \u00e8tics aplicats per les institucions llimaven els aspectes perillosos de l\u2019invent.<\/p>\n<p>El 2024 vaig escoltar <span style=\"color: #000080;\"><strong>la can\u00e7\u00f3 inacabada de The Beatles<\/strong><\/span> perfectament reconstru\u00efda; eren vuit segons taral\u00b7larejats per John Lennon: \u201cS\u00e9 que \u00e9s veritat, \u00e9s tot gr\u00e0cies a tu, i si ho aconsegueixo, \u00e9s tot gr\u00e0cies a tu.\u201d<\/p>\n<p>Avui, despr\u00e9s d\u2019aquesta sessi\u00f3 entorn de la intel\u00b7lig\u00e8ncia artificial, em submergir\u00e9 en un<span style=\"color: #000080;\"><strong> concert barroc en viu de Fran\u00e7ois Couperin<\/strong><\/span>, organista de Saint-Gervais de Par\u00eds, on ell actua d\u2019organista; els creadors de la reproducci\u00f3 situen la funci\u00f3 entre 1685 i 1688<\/p>\n","protected":false},"excerpt":{"rendered":"<p>El 2024 vaig demanar al ChatGPT que m\u2019ajud\u00e9s a encap\u00e7alar un article sobre la IA. Les recomanacions van ser les seg\u00fcents: introducci\u00f3 cient\u00edfica del concepte, en qu\u00e8 destacava el paper en la societat actual; an\u00e8cdota personal; estad\u00edstica impactant, i pregunta ret\u00f2rica, com per exemple, \u201cqu\u00e8 passaria si pogu\u00e9ssim dissenyar m\u00e0quines capaces d\u2019aprendre i millorar per si mateixes?\u201d.<\/p>\n","protected":false},"author":34,"featured_media":43814,"comment_status":"closed","ping_status":"closed","sticky":false,"template":"","format":"standard","meta":{"_mi_skip_tracking":false,"mc4wp_mailchimp_campaign":[],"jnews-multi-image_gallery":[],"jnews_single_post":{"source_name":"","source_url":"","via_name":"","via_url":"","override_template":"0","override":[{"template":"1","single_blog_custom":"","parallax":"1","fullscreen":"1","layout":"right-sidebar","sidebar":"default-sidebar","second_sidebar":"default-sidebar","sticky_sidebar":"1","share_position":"bottom","share_float_style":"share-monocrhome","show_share_counter":"1","show_view_counter":"1","show_featured":"1","show_post_meta":"1","show_post_author":"1","show_post_author_image":"1","show_post_date":"1","post_date_format":"default","post_date_format_custom":"Y\/m\/d","show_post_category":"0","show_post_reading_time":"1","post_reading_time_wpm":"300","show_zoom_button":"0","zoom_button_out_step":"2","zoom_button_in_step":"3","show_post_tag":"1","show_prev_next_post":"0","show_popup_post":"1","number_popup_post":"2","show_author_box":"1","show_post_related":"1","show_inline_post_related":"1"}],"override_image_size":"0","image_override":[{"single_post_thumbnail_size":"crop-715","single_post_gallery_size":"crop-500"}],"trending_post":"0","trending_post_position":"meta","trending_post_label":"Trending","sponsored_post":"0","sponsored_post_label":"Sponsored by","sponsored_post_name":"","sponsored_post_url":"","sponsored_post_logo_enable":"0","sponsored_post_logo":"","sponsored_post_desc":"","disable_ad":"0"},"jnews_primary_category":{"id":"10833","hide":""}},"categories":[10817,10833],"tags":[5556,7535,7722,11353],"_links":{"self":[{"href":"https:\/\/www.monempresarial.com\/ca\/wp-json\/wp\/v2\/posts\/43819"}],"collection":[{"href":"https:\/\/www.monempresarial.com\/ca\/wp-json\/wp\/v2\/posts"}],"about":[{"href":"https:\/\/www.monempresarial.com\/ca\/wp-json\/wp\/v2\/types\/post"}],"author":[{"embeddable":true,"href":"https:\/\/www.monempresarial.com\/ca\/wp-json\/wp\/v2\/users\/34"}],"replies":[{"embeddable":true,"href":"https:\/\/www.monempresarial.com\/ca\/wp-json\/wp\/v2\/comments?post=43819"}],"version-history":[{"count":5,"href":"https:\/\/www.monempresarial.com\/ca\/wp-json\/wp\/v2\/posts\/43819\/revisions"}],"predecessor-version":[{"id":47455,"href":"https:\/\/www.monempresarial.com\/ca\/wp-json\/wp\/v2\/posts\/43819\/revisions\/47455"}],"wp:featuredmedia":[{"embeddable":true,"href":"https:\/\/www.monempresarial.com\/ca\/wp-json\/wp\/v2\/media\/43814"}],"wp:attachment":[{"href":"https:\/\/www.monempresarial.com\/ca\/wp-json\/wp\/v2\/media?parent=43819"}],"wp:term":[{"taxonomy":"category","embeddable":true,"href":"https:\/\/www.monempresarial.com\/ca\/wp-json\/wp\/v2\/categories?post=43819"},{"taxonomy":"post_tag","embeddable":true,"href":"https:\/\/www.monempresarial.com\/ca\/wp-json\/wp\/v2\/tags?post=43819"}],"curies":[{"name":"wp","href":"https:\/\/api.w.org\/{rel}","templated":true}]}}