{"id":43838,"date":"2024-04-24T09:42:01","date_gmt":"2024-04-24T07:42:01","guid":{"rendered":"https:\/\/www.monempresarial.com\/2024\/04\/24\/debates-clave-en-2024-el-ano-de-la-sostenibilidad-corporativa\/"},"modified":"2025-09-24T10:34:19","modified_gmt":"2025-09-24T08:34:19","slug":"debats-clau-al-2024-lany-de-la-sostenibilitat-corporativa","status":"publish","type":"post","link":"https:\/\/www.monempresarial.com\/ca\/2024\/04\/24\/debats-clau-al-2024-lany-de-la-sostenibilitat-corporativa\/","title":{"rendered":"Debats clau al 2024 L\u2019any de la sostenibilitat  corporativa?"},"content":{"rendered":"<p><strong><span lang=\"ES-TRAD\">El 2024 registrar\u00e0 el r\u00e8cord de conflictes oberts des del final de la Segona Guerra Mundial i veur\u00e0 m\u00e9s de la meitat de la poblaci\u00f3 mundial participant en eleccions, incloent-hi pa\u00efsos amb gran pes global com els Estats Units, R\u00fassia o l\u2019Iran. En paral\u00b7lel, el m\u00f3n corporatiu segueix el seu curs; un curs que t\u00e9 els relleus de la intel\u00b7lig\u00e8ncia artificial, de la digitalitzaci\u00f3 i, en un lloc destacat, de la sostenibilitat.<\/span><\/strong><\/p>\n<h4><strong><span style=\"color: #000080; text-transform: uppercase;\">Gerard Valls Tu\u00f1\u00f3n. <\/span>Especialista en aliances estrat\u00e8giques a Save the Children<\/strong><\/h4>\n<hr \/>\n<p>Fa anys que se senten veus sobre la import\u00e0ncia de la sostenibilitat corporativa, especialment a conseq\u00fc\u00e8ncia de la imminent obligatorietat, dictada per la <strong><span style=\"color: #000080;\">UE<\/span><\/strong>, que les empreses reportin amb criteris <strong><span style=\"color: #000080;\">ASG<\/span><\/strong> (ambientals, socials i de govern corporatiu), i no nom\u00e9s financers, com feien fins ara. Per aix\u00f2, estem davant d\u2019un any decisiu per consolidar aquesta tend\u00e8ncia i emergeixen una s\u00e8rie de debats clau.<\/p>\n<p class=\"TTULOSCUERPODETEXTO\"><strong><span lang=\"ES-TRAD\" style=\"text-transform: none; letter-spacing: -0.35pt; color: #000080;\">AL RESCAT DELS OBJECTIUS DE DESENVOLUPAMENT SOSTENIBLE<br \/>\n<\/span><\/strong>A meitat de la data l\u00edmit per al compliment dels<strong><span style=\"color: #000080;\"> ODS, ens hem estancat o retrocedit en el 33% de les metes<\/span><\/strong>. Per complir els objectius, existeix una bretxa d\u2019inversi\u00f3 d\u2019uns 2,5 bilions de d\u00f2lars, segons el<strong><span style=\"color: #000080;\"> World Economic Forum<\/span><\/strong>, que principalment hauria d\u2019anar destinada a inversions en infraestructura, clima, biodiversitat, seguretat aliment\u00e0ria, educaci\u00f3 i salut. A m\u00e9s, l\u2019\u00faltim acord tancat a la <span style=\"color: #000080;\"><strong>COP28<\/strong><\/span> sobre combustibles f\u00f2ssils \u00e9s insuficient per respondre a l\u2019emerg\u00e8ncia clim\u00e0tica, mentre que el recent informe Inequality Inc. d\u2019Oxfam assenyala que <span style=\"color: #000080;\"><strong>serien necessaris 229 anys per erradicar la pobresa a nivell global<\/strong><\/span>.<\/p>\n<p>L\u2019\u00e8xit de l\u2019Agenda 2030 dep\u00e8n, per tant, del comprom\u00eds, la innovaci\u00f3 i el lideratge del sector privat. <span style=\"color: #000080;\"><strong>Les empreses mobilitzen el 75% del PIB mundial<\/strong><\/span> i disposen de la capacitat i les eines per prevenir, mitigar i respondre a riscos adversos associats al medi ambient, drets humans, benestar dels treballadors, relacions amb prove\u00efdors o comunitats locals al llarg de la cadena de valor. Avui, a m\u00e9s, a trav\u00e9s d\u2019inversi\u00f3 sostenible, aliances estrat\u00e8giques, incentius per a pimes sostenibles i productes financers amb criteris ASG, la sostenibilitat \u00e9s tamb\u00e9 una oportunitat per cr\u00e9ixer econ\u00f2micament.<\/p>\n<p><strong><span style=\"color: #000080;\">LA GESTI\u00d3 RESPONSABLE DE LA CADENA DE SUBMINISTRAMENT<\/span><\/strong><br \/>\nLes m\u00faltiples crisis actuals relatives al medi ambient, conflictes, cost de la vida, energia o aliments tendeixen a fer que les cadenes de prove\u00efment de les empreses siguin m\u00e9s inestables i vol\u00e0tils. La gesti\u00f3 sostenible de la cadena de valor de les empreses, per tant, s\u2019ha convertit en un element clau en la gesti\u00f3 empresarial, ja que d\u2019aix\u00f2 dep\u00e8n gran part de la competitivitat i de la sostenibilitat del seu model de negoci.<\/p>\n<blockquote>\n<h4><span style=\"color: #000080;\">L\u2019\u00e8xit de l\u2019Agenda 2030 dep\u00e8n, per tant, del comprom\u00eds, <\/span><span style=\"color: #000080;\">la innovaci\u00f3 i el lideratge del <\/span><span style=\"color: #000080;\">sector privat<\/span><\/h4>\n<\/blockquote>\n<p>&nbsp;<\/p>\n<p class=\"TTULOSCUERPODETEXTO\"><strong><span lang=\"ES-TRAD\" style=\"text-transform: none; letter-spacing: -0.35pt; color: #000080;\">L\u2019ANY DE LES DIRECTIVES EUROPEES<br \/>\n<\/span><\/strong>Coincidint amb les<span style=\"color: #000080;\"><strong> eleccions al Parlament Europeu<\/strong><\/span>, enguany entren en vigor les noves Directives sobre Informes de Sostenibilitat Corporativa (CSRD) i Dilig\u00e8ncia Deguda en Sostenibilitat Corporativa (CSDD). Inicialment s\u2019aplicaran a entitats d\u2019inter\u00e8s p\u00fablic de m\u00e9s de 500 empleats i, progressivament fins al 2030, a grans empreses i pimes, una fita sense precedents en la sostenibilitat i el govern corporatiu emmarcada en el tsunami regulador de la sostenibilitat planificat per a aquesta d\u00e8cada. Amb aquestes directives \u2013que es transposaran a la legislaci\u00f3 de cada pa\u00eds membre en un termini de dos anys, com ja passa a Fran\u00e7a, Alemanya o els Pa\u00efsos Baixos\u2013, les empreses hauran d\u2019avaluar, mesurar i reportar el seu impacte en l\u2019entorn i la societat, subjectes a verificaci\u00f3 externa. D\u2019altra banda, hauran d\u2019establir processos d\u2019identificaci\u00f3, prevenci\u00f3 i resposta a impactes socials i mediambientals negatius que pugui provocar la mateixa empresa, les filials i per entitats que formin part de la cadena de prove\u00efment.<\/p>\n<p><span style=\"color: #000080;\"><strong>Continua, per tant, la tend\u00e8ncia a enfortir la coher\u00e8ncia legislativa europea (i internacional) i a evitar la coexist\u00e8ncia de diferents est\u00e0ndards sobre sostenibilitat o deguda dilig\u00e8ncia<\/strong><\/span>. Alhora, s\u2019apropa un proc\u00e9s intens de debat i negociaci\u00f3 a nivell nacional que definir\u00e0 el grau de prioritat (i d\u2019ambici\u00f3) que cada pa\u00eds atorga a la sostenibilitat. Per exemple, en termes de sancions, si b\u00e9 s\u2019espera que la penalitzaci\u00f3 m\u00e9s alta establerta en les directives sigui el 5% de la facturaci\u00f3, les sancions administratives i multes les decidir\u00e0 cada estat. Quant a la <span style=\"color: #000080;\"><strong>rendici\u00f3 de comptes<\/strong><\/span>, les empreses s\u2019han anat formant i capacitant en gesti\u00f3 sostenible, per\u00f2 s\u00f3n conscients que queda molt per rec\u00f3rrer: ja estan preparades per reportar sota criteris no financers? Aix\u00ed mateix, quin \u00f2rgan vetllar\u00e0 i com s\u2019assegurar\u00e0 la qualitat i independ\u00e8ncia en la verificaci\u00f3 i auditoria de la informaci\u00f3?<\/p>\n<p>El 2024 \u00e9s, per tant, un<strong><span style=\"color: #000080;\"> any crucial<\/span><\/strong>. Si b\u00e9 les tend\u00e8ncies en finances sostenibles, h\u00e0bits i consum sostenibles, atracci\u00f3 de talent o economia circular ja s\u00f3n temes fonamentals en la presa de decisions, continuem corrent el risc d\u2019un greenwashing 2.0?.<\/p>\n","protected":false},"excerpt":{"rendered":"<p>El 2024 registrar\u00e0 el r\u00e8cord de conflictes oberts des del final de la Segona Guerra Mundial i veur\u00e0 m\u00e9s de la meitat de la poblaci\u00f3 mundial participant en eleccions, incloent-hi pa\u00efsos amb gran pes global com els Estats Units, R\u00fassia o l\u2019Iran. En paral\u00b7lel, el m\u00f3n corporatiu segueix el seu curs; un curs que t\u00e9 els relleus de la intel\u00b7lig\u00e8ncia artificial, de la digitalitzaci\u00f3 i, en un lloc destacat, de la sostenibilitat.<\/p>\n","protected":false},"author":40,"featured_media":43843,"comment_status":"closed","ping_status":"closed","sticky":false,"template":"","format":"standard","meta":{"_mi_skip_tracking":false,"mc4wp_mailchimp_campaign":[],"jnews-multi-image_gallery":[],"jnews_single_post":{"source_name":"","source_url":"","via_name":"","via_url":"","override_template":"0","override":[{"template":"1","single_blog_custom":"","parallax":"1","fullscreen":"1","layout":"right-sidebar","sidebar":"default-sidebar","second_sidebar":"default-sidebar","sticky_sidebar":"1","share_position":"bottom","share_float_style":"share-monocrhome","show_share_counter":"1","show_view_counter":"1","show_featured":"1","show_post_meta":"1","show_post_author":"1","show_post_author_image":"1","show_post_date":"1","post_date_format":"default","post_date_format_custom":"Y\/m\/d","show_post_category":"0","show_post_reading_time":"1","post_reading_time_wpm":"300","show_zoom_button":"0","zoom_button_out_step":"2","zoom_button_in_step":"3","show_post_tag":"1","show_prev_next_post":"0","show_popup_post":"1","number_popup_post":"2","show_author_box":"1","show_post_related":"1","show_inline_post_related":"1"}],"override_image_size":"0","image_override":[{"single_post_thumbnail_size":"crop-715","single_post_gallery_size":"crop-500"}],"trending_post":"0","trending_post_position":"meta","trending_post_label":"Trending","sponsored_post":"0","sponsored_post_label":"Sponsored by","sponsored_post_name":"","sponsored_post_url":"","sponsored_post_logo_enable":"0","sponsored_post_logo":"","sponsored_post_desc":"","disable_ad":"0"},"jnews_primary_category":{"id":"10724","hide":""}},"categories":[10846,10816],"tags":[755,826,6269],"_links":{"self":[{"href":"https:\/\/www.monempresarial.com\/ca\/wp-json\/wp\/v2\/posts\/43838"}],"collection":[{"href":"https:\/\/www.monempresarial.com\/ca\/wp-json\/wp\/v2\/posts"}],"about":[{"href":"https:\/\/www.monempresarial.com\/ca\/wp-json\/wp\/v2\/types\/post"}],"author":[{"embeddable":true,"href":"https:\/\/www.monempresarial.com\/ca\/wp-json\/wp\/v2\/users\/40"}],"replies":[{"embeddable":true,"href":"https:\/\/www.monempresarial.com\/ca\/wp-json\/wp\/v2\/comments?post=43838"}],"version-history":[{"count":4,"href":"https:\/\/www.monempresarial.com\/ca\/wp-json\/wp\/v2\/posts\/43838\/revisions"}],"predecessor-version":[{"id":47454,"href":"https:\/\/www.monempresarial.com\/ca\/wp-json\/wp\/v2\/posts\/43838\/revisions\/47454"}],"wp:featuredmedia":[{"embeddable":true,"href":"https:\/\/www.monempresarial.com\/ca\/wp-json\/wp\/v2\/media\/43843"}],"wp:attachment":[{"href":"https:\/\/www.monempresarial.com\/ca\/wp-json\/wp\/v2\/media?parent=43838"}],"wp:term":[{"taxonomy":"category","embeddable":true,"href":"https:\/\/www.monempresarial.com\/ca\/wp-json\/wp\/v2\/categories?post=43838"},{"taxonomy":"post_tag","embeddable":true,"href":"https:\/\/www.monempresarial.com\/ca\/wp-json\/wp\/v2\/tags?post=43838"}],"curies":[{"name":"wp","href":"https:\/\/api.w.org\/{rel}","templated":true}]}}