{"id":43882,"date":"2024-04-30T17:16:52","date_gmt":"2024-04-30T15:16:52","guid":{"rendered":"https:\/\/www.monempresarial.com\/2024\/04\/30\/el-concepto-economico-ley-de-okun-tasa-de-desempleo-y-su-relacion-con-el-crecimiento-del-pib-2\/"},"modified":"2025-07-16T12:40:43","modified_gmt":"2025-07-16T10:40:43","slug":"concepte-economic-llei-dokun-taxa-de-desocupacio-i-la-seva-relacio-amb-el-creixement-del-pib","status":"publish","type":"post","link":"https:\/\/www.monempresarial.com\/ca\/2024\/04\/30\/concepte-economic-llei-dokun-taxa-de-desocupacio-i-la-seva-relacio-amb-el-creixement-del-pib\/","title":{"rendered":"Concepte econ\u00f3mic: Llei d\u2019Okun: taxa de desocupaci\u00f3 i la seva relaci\u00f3 amb el creixement del PIB"},"content":{"rendered":"<p><strong><span lang=\"ES-TRAD\">En un pa\u00eds del perfil d\u2019Espanya, que t\u00e9 com un dels seus m\u00e0xims problemes estructurals l\u2019elevada taxa d\u2019atur, \u00e9s molt important con\u00e8ixer les din\u00e0miques del mercat laboral i entendre\u2019n el comportament en relaci\u00f3 amb la conjuntura macroecon\u00f2mica. Per a aix\u00f2, la denominada llei d\u2019Okun \u00e9s una eina molt \u00fatil i significxativa. <\/span><\/strong><\/p>\n<h4><strong><span style=\"color: #000080; text-transform: uppercase;\">Servei d\u2019Estudis del Consell General d\u2019Economistes<\/span><\/strong><\/h4>\n<hr \/>\n<p>En termes b\u00e0sics, estableix una relaci\u00f3 inversa entre el creixement del PIB i la taxa de desocupaci\u00f3 d\u2019una economia, \u00e9s a dir, <strong><span style=\"color: #000080;\">correlaciona els punts percentuals de disminuci\u00f3 de la taxa de desocupaci\u00f3 per cada punt percentual que augmenta la taxa de creixement del PIB<\/span><\/strong>.<br \/>\nEn el seu enunciat cl\u00e0ssic, la llei d\u2019Okun estableix que, una vegada que s\u2019aconsegueix un nivell d\u2019ocupaci\u00f3 acceptable en una economia, i es mantenen creixements constants del PIB entre el 2,5%-3%, per seguir disminuint la desocupaci\u00f3 s\u2019hauria de cr\u00e9ixer almenys dos punts percentuals per cada punt de desocupaci\u00f3 que es vulgui reduir.<\/p>\n<p><img decoding=\"async\" loading=\"lazy\" class=\"aligncenter wp-image-43884 \" src=\"https:\/\/www.monempresarial.com\/wp-content\/uploads\/2024\/04\/TABLA-1-cat.jpg\" alt=\"\" width=\"567\" height=\"411\" srcset=\"https:\/\/www.monempresarial.com\/wp-content\/uploads\/2024\/04\/TABLA-1-cat.jpg 836w, https:\/\/www.monempresarial.com\/wp-content\/uploads\/2024\/04\/TABLA-1-cat-300x217.jpg 300w, https:\/\/www.monempresarial.com\/wp-content\/uploads\/2024\/04\/TABLA-1-cat-600x435.jpg 600w, https:\/\/www.monempresarial.com\/wp-content\/uploads\/2024\/04\/TABLA-1-cat-120x86.jpg 120w, https:\/\/www.monempresarial.com\/wp-content\/uploads\/2024\/04\/TABLA-1-cat-750x544.jpg 750w\" sizes=\"(max-width: 567px) 100vw, 567px\" \/><\/p>\n<p>\u00c9s molt important tenir en compte a l\u2019hora d\u2019interpretar aquest valor que la llei d\u2019Okun no \u00e9s una llei com a tal, \u00e9s a dir, no t\u00e9 una validesa universal, sin\u00f3 que es tracta d\u2019una s\u00e8rie d\u2019observacions emp\u00edriques i relacions estad\u00edstiques, amb el corresponent suport te\u00f2ric conceptual, i que es pot veure alterada pel comportament d\u2019altres variables i del context macroecon\u00f2mic, diferent del que es contempla en les hip\u00f2tesis b\u00e0siques en qu\u00e8 es va desenvolupar. Per aix\u00f2, \u00e9s molt com\u00fa que aparegui acompanyada del concepte ceteris paribus (en igualtat de condicions) en la majoria de les seves aplicacions.<\/p>\n<p>Aix\u00f2 es pot veure f\u00e0cilment quan estudiem la s\u00e8rie hist\u00f2rica de valors de la llei d\u2019Okun d\u2019una regi\u00f3 concreta. Per exemple, en el cas espanyol, la reducci\u00f3 de la taxa de desocupaci\u00f3 per a un creixement del PIB donat era notablement superior durant l\u2019\u00e8poca de recuperaci\u00f3 (2013 i endavant) que en el per\u00edode d\u2019auge econ\u00f2mic abans de la crisi, un fet l\u00f2gic si entenem que com m\u00e9s baixa sigui la taxa d\u2019atur m\u00e9s complicat ser\u00e0 seguir reduint-la.<\/p>\n<p>Si aprofundim una mica m\u00e9s i fem l\u2019exercici d\u2019a\u00efllar la taxa de desocupaci\u00f3 de la f\u00f3rmula de la producci\u00f3 real, obtenim el seg\u00fcent:<br \/>\n<strong><span style=\"color: #000080;\">\u0394u \u2243 \u0394ln(Y\/H) + \u0394ln(H\/E) + \u0394ln(A) \u2013 \u0394ln(Y) (1)<\/span><\/strong><\/p>\n<p>Malgrat que \u00e9s una aproximaci\u00f3 i, com d\u00e8iem abans, no ens hem d\u2019agafar els resultats al peu de la lletra, s\u00ed que \u00e9s un bon punt de partida que als economistes ens permet treure conclusions d\u2019inter\u00e8s. La principal \u00e9s que, davant l\u2019abs\u00e8ncia de creixement de PIB real, l\u2019augment de la productivitat per hora treballada, l\u2019augment de les hores treballades per ocupat i l\u2019augment de la poblaci\u00f3 activa es veuran tradu\u00efts en un increment de la taxa de desocupaci\u00f3. En altres paraules, el creixement productiu de l\u2019economia ha de ser superior al de la resta de variables esmentades perqu\u00e8 aquest es vegi reflectit sobre la taxa de desocupaci\u00f3.<\/p>\n<p><strong><span style=\"color: #000080;\">Al comen\u00e7ament, aquesta troballa va posar en relleu la import\u00e0ncia que les pol\u00edtiques econ\u00f2miques estiguessin orientades a reduir la taxa de desocupaci\u00f3, en virtut del fort impacte que aix\u00f2 tenia sobre el creixement del PIB real. Tanmateix, aquest creixement es limita exclusivament al curt termin<\/span><\/strong>i i a les fluctuacions d\u2019aquest, i s\u00f3n el cicle econ\u00f2mic i el desenvolupament tecnol\u00f2gic els que delimiten el creixement en el llarg termini.<\/p>\n<p>Per aix\u00f2, malgrat la indubtable import\u00e0ncia de mantenir la taxa de desocupaci\u00f3 tan redu\u00efda com sigui possible, \u00e9s important que els esfor\u00e7os no es dirigeixin \u00fanicament a aix\u00f2 i que tamb\u00e9 es dediquin recursos a inversions enfocades al llarg termini, com l\u2019acumulaci\u00f3 de capital tecnol\u00f2gic o f\u00edsic o l\u2019R+D+I<\/p>\n<p><strong><span style=\"color: #000080;\"> (1)<\/span> <\/strong>U= Taxa de desocupaci\u00f3, I= PIB real, H= Hores treballades, E= Nombre d\u2019ocupats, A= Poblaci\u00f3 activa<\/p>\n","protected":false},"excerpt":{"rendered":"<p>En un pa\u00eds del perfil d\u2019Espanya, que t\u00e9 com un dels seus m\u00e0xims problemes estructurals l\u2019elevada taxa d\u2019atur, \u00e9s molt important con\u00e8ixer les din\u00e0miques del mercat laboral i entendre\u2019n el comportament en relaci\u00f3 amb la conjuntura macroecon\u00f2mica. Per a aix\u00f2, la denominada llei d\u2019Okun \u00e9s una eina molt \u00fatil i significxativa.<\/p>\n","protected":false},"author":138,"featured_media":43880,"comment_status":"closed","ping_status":"closed","sticky":false,"template":"","format":"standard","meta":{"_mi_skip_tracking":false,"mc4wp_mailchimp_campaign":[],"jnews-multi-image_gallery":[],"jnews_single_post":{"source_name":"","source_url":"","via_name":"","via_url":"","override_template":"0","override":[{"template":"1","single_blog_custom":"","parallax":"1","fullscreen":"1","layout":"right-sidebar","sidebar":"default-sidebar","second_sidebar":"default-sidebar","sticky_sidebar":"1","share_position":"bottom","share_float_style":"share-monocrhome","show_share_counter":"1","show_view_counter":"1","show_featured":"1","show_post_meta":"1","show_post_author":"1","show_post_author_image":"1","show_post_date":"1","post_date_format":"default","post_date_format_custom":"Y\/m\/d","show_post_category":"0","show_post_reading_time":"1","post_reading_time_wpm":"300","show_zoom_button":"0","zoom_button_out_step":"2","zoom_button_in_step":"3","show_post_tag":"1","show_prev_next_post":"0","show_popup_post":"1","number_popup_post":"2","show_author_box":"1","show_post_related":"1","show_inline_post_related":"1"}],"override_image_size":"0","image_override":[{"single_post_thumbnail_size":"crop-715","single_post_gallery_size":"crop-500"}],"trending_post":"0","trending_post_position":"meta","trending_post_label":"Trending","sponsored_post":"0","sponsored_post_label":"Sponsored by","sponsored_post_name":"","sponsored_post_url":"","sponsored_post_logo_enable":"0","sponsored_post_logo":"","sponsored_post_desc":"","disable_ad":"0"},"jnews_primary_category":{"id":"10741","hide":""}},"categories":[10815,10845,10834],"tags":[113,328,11377,11379,11380],"_links":{"self":[{"href":"https:\/\/www.monempresarial.com\/ca\/wp-json\/wp\/v2\/posts\/43882"}],"collection":[{"href":"https:\/\/www.monempresarial.com\/ca\/wp-json\/wp\/v2\/posts"}],"about":[{"href":"https:\/\/www.monempresarial.com\/ca\/wp-json\/wp\/v2\/types\/post"}],"author":[{"embeddable":true,"href":"https:\/\/www.monempresarial.com\/ca\/wp-json\/wp\/v2\/users\/138"}],"replies":[{"embeddable":true,"href":"https:\/\/www.monempresarial.com\/ca\/wp-json\/wp\/v2\/comments?post=43882"}],"version-history":[{"count":3,"href":"https:\/\/www.monempresarial.com\/ca\/wp-json\/wp\/v2\/posts\/43882\/revisions"}],"predecessor-version":[{"id":46514,"href":"https:\/\/www.monempresarial.com\/ca\/wp-json\/wp\/v2\/posts\/43882\/revisions\/46514"}],"wp:featuredmedia":[{"embeddable":true,"href":"https:\/\/www.monempresarial.com\/ca\/wp-json\/wp\/v2\/media\/43880"}],"wp:attachment":[{"href":"https:\/\/www.monempresarial.com\/ca\/wp-json\/wp\/v2\/media?parent=43882"}],"wp:term":[{"taxonomy":"category","embeddable":true,"href":"https:\/\/www.monempresarial.com\/ca\/wp-json\/wp\/v2\/categories?post=43882"},{"taxonomy":"post_tag","embeddable":true,"href":"https:\/\/www.monempresarial.com\/ca\/wp-json\/wp\/v2\/tags?post=43882"}],"curies":[{"name":"wp","href":"https:\/\/api.w.org\/{rel}","templated":true}]}}