{"id":43910,"date":"2024-05-07T09:48:37","date_gmt":"2024-05-07T07:48:37","guid":{"rendered":"https:\/\/www.monempresarial.com\/2024\/05\/07\/la-era-dorada-de-la-industria-del-packaging-en-espana-40-000-millones-de-facturacion-y-mas-de-3-400-empresas\/"},"modified":"2024-05-07T12:35:37","modified_gmt":"2024-05-07T10:35:37","slug":"lera-daurada-de-la-industria-del-packaging-a-espanya-40-000-milions-de-facturacio-i-mes-de-3-400-empreses","status":"publish","type":"post","link":"https:\/\/www.monempresarial.com\/ca\/2024\/05\/07\/lera-daurada-de-la-industria-del-packaging-a-espanya-40-000-milions-de-facturacio-i-mes-de-3-400-empreses\/","title":{"rendered":"L\u2019era daurada de la ind\u00fastria del packaging a Espanya:  40.000 milions de facturaci\u00f3 i m\u00e9s de 3.400 empreses"},"content":{"rendered":"<p><strong>Un informe d\u2019Hispack constata que la ind\u00fastria del packaging ja representa un 3% de l\u2019economia espanyola, despr\u00e9s de cr\u00e9ixer a un ritme de dos d\u00edgits durant el 2023. <\/strong><\/p>\n<p>La ind\u00fastria del packaging est\u00e0 vivint la seva \u00e8poca daurada. L\u2019increment de la demanda d\u2019envasos sostenibles i el dinamisme del sector ha perm\u00e8s a la ind\u00fastria del packaging cr\u00e9ixer a un ritme del 22% durant el darrer any i assolir una facturaci\u00f3 superior als 40.400 milions d\u2019euros, segons estimacions de l\u2019informe econ\u00f2mic Hispack 2024. L\u2019estudi, publicat amb motiu de la fira Hispack 2024, que se celebrar\u00e0 del 7 al 10 de maig a Barcelona, referma el creixement econ\u00f2mic de la ind\u00fastria de l\u2019empaquetatge i l\u2019embalatge, conformada per un entramat de m\u00e9s de 3.400 empreses arreu de l\u2019Estat espanyol.<\/p>\n<p>El sector creix especialment en el subsector de fabricants d\u2019envasos i materials de pl\u00e0stic, que aglutina 900 companyies a l\u2019Estat. El segueix el subsector de paper i cart\u00f3 (710 empreses), maquin\u00e0ria d\u2019env\u00e0s i embalatge (615), envasos de fusta (702) i fabricants d\u2019equips d\u2019etiquetatge, codificaci\u00f3 i marcatge (301).<\/p>\n<blockquote>\n<h4><span style=\"color: #000080;\"><img decoding=\"async\" loading=\"lazy\" class=\" wp-image-43905 alignright\" src=\"https:\/\/www.monempresarial.com\/wp-content\/uploads\/2024\/05\/icono-1-300x261.jpg\" alt=\"\" width=\"155\" height=\"135\" srcset=\"https:\/\/www.monempresarial.com\/wp-content\/uploads\/2024\/05\/icono-1-300x261.jpg 300w, https:\/\/www.monempresarial.com\/wp-content\/uploads\/2024\/05\/icono-1.jpg 414w\" sizes=\"(max-width: 155px) 100vw, 155px\" \/><\/span><\/h4>\n<h4><span style=\"color: #000080;\">\u201cL\u2019increment de la demanda d\u2019envasos sostenibles i el dinamisme del sector ha perm\u00e8s a la ind\u00fastria del packaging cr\u00e9ixer a un ritme del 22% durant el darrer any\u201d<\/span><\/h4>\n<\/blockquote>\n<p>Segons els autors de l\u2019estudi, la principal palanca que explica el creixement de la ind\u00fastria del packaging a l\u2019Estat \u00e9s l\u2019increment de la demanda del mercat d\u2019envasos sostenibles. M\u00e9s concretament, conclouen que aquesta demanda ha fet cr\u00e9ixer un 24,4% la facturaci\u00f3 de les empreses de paper i cart\u00f3, que lideren la ind\u00fastria del packaging en volum econ\u00f2mic, amb uns ingressos de 13.441 milions d\u2019euros.<\/p>\n<p>El principal motiu d\u2019aquest increment de la demanda el trobem en els canvis legislatius viscuts a Espanya durant l\u2019\u00faltim any. L\u2019entrada en vigor de la llei 7\/2022 de residus i sols contaminats per a una economia circular i el Reial decret del 27 de desembre del 2022 sobre envasos i residus d\u2019envasos aprovat per l\u2019executiu espanyol ha donat impuls a la ind\u00fastria de l\u2019env\u00e0s i l\u2019embalatge del pa\u00eds.<\/p>\n<p>L\u2019impacte de l\u2019emerg\u00e8ncia clim\u00e0tica i els canvis normatius que estan suposant a Espanya suposen una prioritat per al sector, segons Xavier Pascual, director d\u2019Hispack, i Jordi Bernabeu, president del Comit\u00e8 Organitzador de la fira. Els dos directius asseguren que el repte de la sostenibilitat marca l\u2019agenda i s\u2019ha convertit en quelcom prioritari. Una prioritat impulsada, segons ells, \u201cpels canvis legislatius i per una major conscienciaci\u00f3 dels consumidors que demanden envasos m\u00e9s respectuosos amb el medi ambient\u201d.<\/p>\n<p><span style=\"color: #000080;\"><strong>CATALUNYA, L\u00cdDER INDISCUTIBLE DE LA IND\u00daSTRIA DEL PACKAGING A L\u2019ESTAT <\/strong><\/span><br \/>\nTornant a les dades macroecon\u00f2miques, l\u2019informe d\u2019Hispack identifica la consolidaci\u00f3 de Catalunya com el principal territori de l\u2019Estat per al sector de l\u2019env\u00e0s i l\u2019embalatge. Amb 954 companyies, Catalunya concentra el 27,7% del teixit empresarial de l\u2019Estat espanyol dedicat al packaging. El segon pol empresarial del sector el trobem al Pa\u00eds Valenci\u00e0, amb 628 empreses (el 18,2%), seguit de la Comunitat de Madrid, amb 352 companyies (10,21%) i Andalusia (335 empreses, el 9,72%).<\/p>\n<blockquote>\n<h4><span style=\"color: #000080;\"><img decoding=\"async\" loading=\"lazy\" class=\"size-medium wp-image-43907 alignright\" src=\"https:\/\/www.monempresarial.com\/wp-content\/uploads\/2024\/05\/icono-2-300x98.jpg\" alt=\"\" width=\"300\" height=\"98\" srcset=\"https:\/\/www.monempresarial.com\/wp-content\/uploads\/2024\/05\/icono-2-300x98.jpg 300w, https:\/\/www.monempresarial.com\/wp-content\/uploads\/2024\/05\/icono-2-600x197.jpg 600w, https:\/\/www.monempresarial.com\/wp-content\/uploads\/2024\/05\/icono-2-750x246.jpg 750w, https:\/\/www.monempresarial.com\/wp-content\/uploads\/2024\/05\/icono-2.jpg 786w\" sizes=\"(max-width: 300px) 100vw, 300px\" \/>\u201cSegons els autors de l\u2019estudi, la principal palanca que explica el creixement de la ind\u00fastria del packaging a l\u2019Estat \u00e9s l\u2019increment de la demanda del mercat d\u2019envasos sostenibles\u201d<\/span><\/h4>\n<\/blockquote>\n<p>Per prov\u00edncies, Barcelona es converteix amb la capital indiscutible del sector de l\u2019empaquetatge i l\u2019embalatge a Espanya, concentrant 761 empreses, molt per sobre de Madrid (352) i Val\u00e8ncia (343). La ind\u00fastria del packaging genera una xifra de negoci de m\u00e9s de 10.200 milions d\u2019euros a Catalunya, un 25,3% de la facturaci\u00f3 de tot l\u2019Estat.<\/p>\n<p><span style=\"color: #000080;\"><strong>UN SECTOR DOMINAT PER PIMES <\/strong><\/span><br \/>\nCom ja succeeix a la majoria dels sectors econ\u00f2mics de l\u2019Estat espanyol, la ind\u00fastria del packaging es troba dominada per petites i mitjanes empreses. Segons les estimacions de l\u2019informe d\u2019Hispack, les pimes suposen el 91% de les companyies del sector del packaging espanyol. De les prop de 3.500 empreses de la ind\u00fastria, gaireb\u00e9 1.500 (el 42,8%) tenen menys de 10 treballadors, i unes 1.200 (el 35,6%) tenen entre 10 i 50 empleats. A l\u2019altre cant\u00f3 del teixit empresarial trobem 21 empreses del sector amb m\u00e9s de 500 treballadors, que esdevenen els gegants de la ind\u00fastria del pa\u00eds.<\/p>\n<p><span style=\"color: #000080;\"><strong>HISPACK 2024: M\u00c9S DE 800 EXPOSITORS AMB UNA OFERTA INTERNACIONAL CREIXENT <\/strong><\/span><br \/>\nPer als organitzadors, les xifres d\u2019Hispack 2024 (la fira m\u00e9s gran del packaging del sud d\u2019Europa, que enguany celebrar\u00e0 una nova edici\u00f3 a Fira de Barcelona) demostren el dinamisme del sector. Hispack 2024 comptar\u00e0 amb m\u00e9s de 800 expositors (un 18% m\u00e9s que en la seva \u00faltima edici\u00f3, el 2022) i amb un recinte firal de m\u00e9s de 36.000 m<sup>2<\/sup>.<\/p>\n<blockquote>\n<h4><span style=\"color: #000080;\">\u201cBarcelona es converteix amb la capital indiscutible del sector de l\u2019empaquetatge i l\u2019embalatge a Espanya, concentrant 761 empreses, molt per sobre de Madrid (352) i Val\u00e8ncia (343)\u201d<\/span><\/h4>\n<\/blockquote>\n<p>Els organitzadors constaten un inter\u00e8s creixent per al packaging arreu del m\u00f3n com a resposta a una \u201cmajor conscienciaci\u00f3 i comprom\u00eds mediambiental\u201d. No \u00e9s d\u2019estranyar, doncs, que Hispack posi el focus enguany en la sostenibilitat dels envasos i els embalatges, enfocats al reciclatge i a la reutilitzaci\u00f3, i posant \u00e8mfasi en la renovaci\u00f3 dels processos de producci\u00f3 per reduir la petjada de carboni. Hispack tamb\u00e9 assegura que l\u2019oferta internacional suposar\u00e0 el 30% dels expositors que ompliran Fira de Barcelona entre el 7 i el 10 de maig. Els organitzadors destaquen la pres\u00e8ncia creixent d\u2019empreses de Turquia, It\u00e0lia, Xina, Alemanya, Fran\u00e7a, Pa\u00efsos Baixos, Portugal i Regne Unit.<\/p>\n","protected":false},"excerpt":{"rendered":"<p>Un informe d\u2019Hispack constata que la ind\u00fastria del packaging ja representa un 3% de l\u2019economia espanyola, despr\u00e9s de cr\u00e9ixer a un ritme de dos d\u00edgits durant el 2023. <\/p>\n","protected":false},"author":2,"featured_media":43902,"comment_status":"closed","ping_status":"closed","sticky":false,"template":"","format":"standard","meta":{"_mi_skip_tracking":false,"mc4wp_mailchimp_campaign":[],"jnews-multi-image_gallery":[],"jnews_single_post":{"source_name":"","source_url":"","via_name":"","via_url":"","override_template":"0","override":[{"template":"1","single_blog_custom":"","parallax":"1","fullscreen":"1","layout":"right-sidebar","sidebar":"default-sidebar","second_sidebar":"default-sidebar","sticky_sidebar":"1","share_position":"bottom","share_float_style":"share-monocrhome","show_share_counter":"1","show_view_counter":"1","show_featured":"1","show_post_meta":"1","show_post_author":"1","show_post_author_image":"1","show_post_date":"1","post_date_format":"default","post_date_format_custom":"Y\/m\/d","show_post_category":"0","show_post_reading_time":"1","post_reading_time_wpm":"300","show_zoom_button":"0","zoom_button_out_step":"2","zoom_button_in_step":"3","show_post_tag":"1","show_prev_next_post":"0","show_popup_post":"1","number_popup_post":"2","show_author_box":"1","show_post_related":"1","show_inline_post_related":"1"}],"override_image_size":"0","image_override":[{"single_post_thumbnail_size":"crop-715","single_post_gallery_size":"crop-500"}],"trending_post":"0","trending_post_position":"meta","trending_post_label":"Trending","sponsored_post":"0","sponsored_post_label":"Sponsored by","sponsored_post_name":"","sponsored_post_url":"","sponsored_post_logo_enable":"0","sponsored_post_logo":"","sponsored_post_desc":"","disable_ad":"0"},"jnews_primary_category":{"id":"10724","hide":""}},"categories":[10816],"tags":[892,7014,7022],"_links":{"self":[{"href":"https:\/\/www.monempresarial.com\/ca\/wp-json\/wp\/v2\/posts\/43910"}],"collection":[{"href":"https:\/\/www.monempresarial.com\/ca\/wp-json\/wp\/v2\/posts"}],"about":[{"href":"https:\/\/www.monempresarial.com\/ca\/wp-json\/wp\/v2\/types\/post"}],"author":[{"embeddable":true,"href":"https:\/\/www.monempresarial.com\/ca\/wp-json\/wp\/v2\/users\/2"}],"replies":[{"embeddable":true,"href":"https:\/\/www.monempresarial.com\/ca\/wp-json\/wp\/v2\/comments?post=43910"}],"version-history":[{"count":5,"href":"https:\/\/www.monempresarial.com\/ca\/wp-json\/wp\/v2\/posts\/43910\/revisions"}],"predecessor-version":[{"id":43920,"href":"https:\/\/www.monempresarial.com\/ca\/wp-json\/wp\/v2\/posts\/43910\/revisions\/43920"}],"wp:featuredmedia":[{"embeddable":true,"href":"https:\/\/www.monempresarial.com\/ca\/wp-json\/wp\/v2\/media\/43902"}],"wp:attachment":[{"href":"https:\/\/www.monempresarial.com\/ca\/wp-json\/wp\/v2\/media?parent=43910"}],"wp:term":[{"taxonomy":"category","embeddable":true,"href":"https:\/\/www.monempresarial.com\/ca\/wp-json\/wp\/v2\/categories?post=43910"},{"taxonomy":"post_tag","embeddable":true,"href":"https:\/\/www.monempresarial.com\/ca\/wp-json\/wp\/v2\/tags?post=43910"}],"curies":[{"name":"wp","href":"https:\/\/api.w.org\/{rel}","templated":true}]}}