{"id":43958,"date":"2024-05-20T16:30:07","date_gmt":"2024-05-20T14:30:07","guid":{"rendered":"https:\/\/www.monempresarial.com\/2024\/05\/20\/expectativas-economicas-de-nuestros-abuelos-a-nuestros-nietos\/"},"modified":"2024-05-20T16:52:29","modified_gmt":"2024-05-20T14:52:29","slug":"expectatives-economiques-dels-nostres-avis-als-nostres-nets","status":"publish","type":"post","link":"https:\/\/www.monempresarial.com\/ca\/2024\/05\/20\/expectatives-economiques-dels-nostres-avis-als-nostres-nets\/","title":{"rendered":"Expectatives econ\u00f2miques: dels nostres avis als nostres nets"},"content":{"rendered":"<p><strong>Tot i les complexitats de la situaci\u00f3 actual \u2014o especialment per aquestes\u2014, peri\u00f2dicament, \u00e9s un exercici recomanable posar les \u201cllums llargues\u201d i plantejar-se escenaris de futur a un llarg termini,que l\u2019her\u00e8ncia que deixarem a les seg\u00fcents generacions.<\/strong><\/p>\n<h4><strong><span style=\"color: #829c92; text-transform: uppercase;\"><span style=\"color: #000080;\">Juan Tugores Ques.<\/span> <\/span>Catedr\u00e0tic d\u2019Economia de la UB<\/strong><\/h4>\n<hr \/>\n<p>El 1930, en els moments inicials m\u00e9s durs i de m\u00e0xima perplexitat de la Gran Depressi\u00f3, John Maynard Keynes va publicar un text \u2014i va pronunciar diverses confer\u00e8ncies, una de les quals a Espanya\u2014 sota el t\u00edtol Possibilitats econ\u00f2miques per als nostres nets, que ser\u00edem nosal-tres. Reconeixent el desordre colossal que es vivia i que semblava deixar poques alternatives a l\u2019entusiasme, va esbossar motius per a un raonable optimisme a llarg termini basat en les aportacions de les innovacions tecnol\u00f2giques i de les inversions, que les traslladarien a l\u2019economia productiva; va assenyalar reformes necess\u00e0ries per adequar l\u2019entorn institucional i sociocultural a les noves realitats i va enumerar riscos que hem hagut d\u2019afrontar, com els demogr\u00e0fics i les guerres.<\/p>\n<p>El mar\u00e7 del 2024, la directora de l\u2019FMI, Kristalina Georgieva, va triar com a tema per a una intervenci\u00f3 al King\u2019s College de Cambridge, on va ser professor Keynes, afrontar el mateix desafiament de realitzar projeccions sobre el futur dels nets de l\u2019actual generaci\u00f3. Els nets de la generaci\u00f3 de Keynes llancem ara projeccions per als nostres! Constata com algunes de les prediccions de Keynes s\u2019han complert, especialment les referides a millores en el volum material de b\u00e9ns i serveis a escala mundial, aix\u00ed com les expectatives de longevitat; per\u00f2, com a contrapunt, unes altres han quedat lluny, com les que pro-nosticaven que les millores de productivitat permetrien m\u00e9s qualitat de vida amb jornades laborals de quinze hores setmanals. I, aix\u00ed mateix, la directora de l\u2019FMI reitera com les aplicacions i implicacions de les enormes innovacions tecnol\u00f2giques, ara amb el protagonisme de la intel\u00b7lig\u00e8ncia artificial, se-gueixen \u2014al costat de les amenaces de guerres\u2014 en una llista de <strong><span style=\"color: #000080;\">reptes crucials<\/span><\/strong> als quals s\u2019afegeixen les dimensions clim\u00e0tiques. En aquest marc general, val la pena comentar algunes de les formulacions.<\/p>\n<blockquote>\n<h4><span style=\"color: #000080;\">Algunes de les prediccions de Keynes s\u2019han complert, especialment les referides a millores en el volum material de b\u00e9ns i serveis a escala mundial <\/span><\/h4>\n<\/blockquote>\n<p><strong><span style=\"color: #000080;\">INNOVACIONS I PRODUCTIVITAT<\/span><\/strong><br \/>\nL\u2019innegable paper crucial dels avan\u00e7os de productivitat t\u00e9 el seu contrapunt, a l\u2019hora de poder intentar ser optimistes, en les dades sobre l\u2019alentiment en els \u00faltims temps, que, per en\u00e8si-ma vegada, documenta l\u2019FMI (gr\u00e0fic 1). A les discussions sobre si estem mesurant aquesta decisiva variable de manera correcta en aquest m\u00f3n de fulgurants canvis cient\u00edfics i tecnol\u00f2-gics, s\u2019hi uneixen d\u2019altres m\u00e9s de fons, entre les quals la relativa a si la distribuci\u00f3 dels even-tuals beneficis ser\u00e0 prou inclusiva o si, per contra, accentuar\u00e0 les <strong><span style=\"color: #000080;\">polaritzacions sociopol\u00edtiques<\/span><\/strong>. Bona part de les controv\u00e8rsies sobre els impactes a curt i llarg termini de la intel\u00b7lig\u00e8ncia arti-ficial plantegen de manera inseparable aquestes dues q\u00fcestions: les millores agregades d\u2019efici\u00e8ncia i el repartiment entre els diferents segments de la societat, que ens recorden el llibre d\u2019Acemoglu i Johnson Progreso y poder, i com aquest \u00faltim aspecte dep\u00e8n de conside-racions sociopol\u00edtiques i institucionals que, com en \u00e8poca de Keynes, m\u00e9s que probablement no s\u2019estan adaptant al ritme que caldria. En tot cas, feina rai a traduir les millores cientifico-t\u00e8cniques en augments del benestar econ\u00f2mic i social!<\/p>\n<p><img decoding=\"async\" loading=\"lazy\" class=\"aligncenter wp-image-43960 size-full\" src=\"https:\/\/www.monempresarial.com\/wp-content\/uploads\/2024\/05\/cuadro-1-CAT.jpg\" alt=\"\" width=\"675\" height=\"552\" srcset=\"https:\/\/www.monempresarial.com\/wp-content\/uploads\/2024\/05\/cuadro-1-CAT.jpg 675w, https:\/\/www.monempresarial.com\/wp-content\/uploads\/2024\/05\/cuadro-1-CAT-300x245.jpg 300w, https:\/\/www.monempresarial.com\/wp-content\/uploads\/2024\/05\/cuadro-1-CAT-600x491.jpg 600w\" sizes=\"(max-width: 675px) 100vw, 675px\" \/><\/p>\n<p><strong><span style=\"color: #000080;\">EL PAPER DE LES POL\u00cdTIQUES INDUSTRIALS<\/span><\/strong><br \/>\nUn aspecte recent en el qual insisteixen els analistes actuals \u00e9s el paper de les pol\u00edtiques industrials per <strong><span style=\"color: #000080;\">canalitzar els avan\u00e7os tecnol\u00f2gics<\/span><\/strong>. Les principals pot\u00e8ncies \u2014amb els Estats Units i la Xina al capdavant\u2014 estan destinant volums ingents de recursos p\u00fablics a sectors industrials considerats essencials o estrat\u00e8gics, possiblement m\u00e9s per consideracions de rivalitat i pugna per l\u2019hegemonia que per altres consideracions. Aqu\u00ed a Europa llancem els fons <strong><span style=\"color: #000080;\">Next Generation<\/span><\/strong> amb el doble objectiu d\u2019impulsar la recuperaci\u00f3 postpand\u00e8mia i de modernitzar una economia europea que s\u2019afeblia en la pugna entre els dos gegants globals. Per\u00f2 ja tenim prou experi\u00e8ncia per atendre el reclam de l\u2019FMI (resumit al <strong><span style=\"color: #000080;\">gr\u00e0fic 2<\/span><\/strong>) sobre les condicions perqu\u00e8 siguin realment efectives aquestes pol\u00edtiques industrials (i la gran quantitat de diner p\u00fablic, dels nostres impostos, que mobilitzen). Segons l\u2019organisme internacional, <strong><span style=\"color: #000080;\">cal triar b\u00e9 els sectors destinataris<\/span><\/strong> \u2014realment capa\u00e7os de proveir externalitats positives en el conjunt de l\u2019economia i de la societat\u2014, <strong><span style=\"color: #000080;\">cal minimitzar els efectes negatius sobre altres pa\u00efsos<\/span><\/strong> (\u00e9s a dir, destinar-los m\u00e9s a promoci\u00f3 que a protecci\u00f3 enfront de tercers o a alentir l\u2019ascens de tercers) i, aix\u00ed mateix \u2014i aquesta \u00e9s una novetat important en qu\u00e8 el mateix FMI verbalitza el que fins ara se sentia en cr\u00edtiques m\u00e9s en privat\u2014 evitar que els fons siguin (continu\u00efn sent) capturats per grups d\u2019inter\u00e8s amb capacitat pol\u00edtica per influir sobre els processos de presa de decisions. Experi\u00e8ncies llunyanes i pr\u00f2ximes apunten al fet que aquest risc est\u00e0 realment molt m\u00e9s present del que seria desitjable en termes d\u2019efici\u00e8ncia\u2026 i d\u2019un no-insultant (ab)\u00fas dels nostres impostos!<\/p>\n<blockquote>\n<h4><span style=\"color: #000080;\"> En l\u2019actualitat t\u00e9 un paper central l\u2019eventual fragmentaci\u00f3 d\u2019una economia mundial subjecta a friccions geopol\u00edtiques <\/span><\/h4>\n<\/blockquote>\n<p><img decoding=\"async\" loading=\"lazy\" class=\"alignleft wp-image-43951 size-full\" src=\"https:\/\/www.monempresarial.com\/wp-content\/uploads\/2024\/05\/grafico-2.jpg\" alt=\"\" width=\"728\" height=\"662\" srcset=\"https:\/\/www.monempresarial.com\/wp-content\/uploads\/2024\/05\/grafico-2.jpg 728w, https:\/\/www.monempresarial.com\/wp-content\/uploads\/2024\/05\/grafico-2-300x273.jpg 300w, https:\/\/www.monempresarial.com\/wp-content\/uploads\/2024\/05\/grafico-2-600x546.jpg 600w\" sizes=\"(max-width: 728px) 100vw, 728px\" \/><\/p>\n<p><strong><span style=\"color: #000080;\">GUERRA FREDA VERSUS REGLOBALITZACI\u00d3<\/span><\/strong><br \/>\nCom en la d\u00e8cada del 1930, en l\u2019actualitat t\u00e9 un paper central l\u2019eventual fragmentaci\u00f3 d\u2019una economia mundial subjecta a friccions geopol\u00edtiques que altres alts funcionaris de l\u2019FMI no dubten a denominar una \u201cnova Guerra Freda\u201d, continuaci\u00f3 en certa manera de les respostes proteccionistes que es van donar durant la Gran Depressi\u00f3 (i que, cal recordar, en un primer moment el mateix Keynes va secundar moderadament, encara que va trigar poc a rectificar a la vista del desastre). No sorprendr\u00e0 que des de l\u2019FMI es mantingui <span style=\"color: #000080;\"><strong>la defensa d\u2019un sistema comercial i financer multilateral obert<\/strong><\/span>, amb vies de cooperaci\u00f3 davant de problemes compartits fins i tot entre rivals geopol\u00edtics com els relatius al medi ambient i amenaces \u2014en absolut conjurades\u2014 a la salut global. La dada que els costos de continuar avan\u00e7ant en fragmentaci-ons podrien suposar un perjudici per a l\u2019economia mundial de l\u2019ordre del PIB conjunt d\u2019Alemanya m\u00e9s Fran\u00e7a aqu\u00ed queda. Aix\u00ed mateix, l\u2019Organitzaci\u00f3 Mundial del Comer\u00e7 ha actu-alitzat les dades \u2014reflectides al<strong><span style=\"color: #000080;\"> gr\u00e0fic 3<\/span><\/strong>\u2014, que mostren com des de la invasi\u00f3 d\u2019Ucra\u00efna s\u2019ha accentuat la bretxa entre el ritme de comer\u00e7 entre pa\u00efsos pertanyents al mateix bloc geopol\u00ed-tic en comparaci\u00f3 amb el que es duu a terme entre pa\u00efsos de blocs diferents (G7 versus BRICS; economies avan\u00e7ades versus \u201cnou Sud global\u201d).<\/p>\n<p><img decoding=\"async\" loading=\"lazy\" class=\"aligncenter wp-image-43962 size-full\" src=\"https:\/\/www.monempresarial.com\/wp-content\/uploads\/2024\/05\/cuadro-texto-1-CAT.jpg\" alt=\"\" width=\"640\" height=\"351\" srcset=\"https:\/\/www.monempresarial.com\/wp-content\/uploads\/2024\/05\/cuadro-texto-1-CAT.jpg 640w, https:\/\/www.monempresarial.com\/wp-content\/uploads\/2024\/05\/cuadro-texto-1-CAT-300x165.jpg 300w, https:\/\/www.monempresarial.com\/wp-content\/uploads\/2024\/05\/cuadro-texto-1-CAT-600x329.jpg 600w\" sizes=\"(max-width: 640px) 100vw, 640px\" \/> <img decoding=\"async\" loading=\"lazy\" class=\"aligncenter wp-image-43970 size-full\" src=\"https:\/\/www.monempresarial.com\/wp-content\/uploads\/2024\/05\/grafico-3-CAT-1.jpg\" alt=\"\" width=\"678\" height=\"821\" srcset=\"https:\/\/www.monempresarial.com\/wp-content\/uploads\/2024\/05\/grafico-3-CAT-1.jpg 678w, https:\/\/www.monempresarial.com\/wp-content\/uploads\/2024\/05\/grafico-3-CAT-1-248x300.jpg 248w, https:\/\/www.monempresarial.com\/wp-content\/uploads\/2024\/05\/grafico-3-CAT-1-600x727.jpg 600w, https:\/\/www.monempresarial.com\/wp-content\/uploads\/2024\/05\/grafico-3-CAT-1-248x300@2x.jpg 496w\" sizes=\"(max-width: 678px) 100vw, 678px\" \/><\/p>\n<p><strong><span style=\"color: #000080;\">EN RESUM: ESCENARIS DE K. GEORGIEVA<\/span><\/strong><br \/>\nLa directora de l\u2019FMI planteja per a les seg\u00fcents generacions un escenari pessimista, que defineix com cr\u00e9ixer simplement en la proporci\u00f3 en qu\u00e8 ho va fer l\u2019economia mundial entre el 1820 i el 1920, i un escenari optimista que extrapoli els ritmes de creixement des del 1920 fins al 2020, malgrat totes les inclem\u00e8ncies de crisis i guerres. I si b\u00e9 reconeix que aconseguir aquest \u00faltim requereix, tot i l\u2019alentiment en la din\u00e0mica de la productivitat observada en les \u00faltimes d\u00e8cades, un <span style=\"color: #000080;\"><strong>millor aprofitament de les innovacions cient\u00edfiques i tecnol\u00f2giques<\/strong><\/span> i una distribuci\u00f3 m\u00e9s equitativa dels seus potencials enormes beneficis es tractaria d\u2019un <strong><span style=\"color: #000080;\">objectiu t\u00e8cnicament assolible per\u00f2 sociopol\u00edticament complex de gestionar<\/span><\/strong>, fet que requeriria recuperar uns m\u00ednims consensos \u2014a escala interna dels pa\u00efsos i entre aquests, caldria afegir\u2014 que van en sentit oposat a les polaritzacions tan d\u2019actualitat<\/p>\n<p><img decoding=\"async\" loading=\"lazy\" class=\"aligncenter wp-image-43964 size-full\" src=\"https:\/\/www.monempresarial.com\/wp-content\/uploads\/2024\/05\/cuadro-texto-2-CAT.jpg\" alt=\"\" width=\"640\" height=\"336\" srcset=\"https:\/\/www.monempresarial.com\/wp-content\/uploads\/2024\/05\/cuadro-texto-2-CAT.jpg 640w, https:\/\/www.monempresarial.com\/wp-content\/uploads\/2024\/05\/cuadro-texto-2-CAT-300x158.jpg 300w, https:\/\/www.monempresarial.com\/wp-content\/uploads\/2024\/05\/cuadro-texto-2-CAT-600x315.jpg 600w\" sizes=\"(max-width: 640px) 100vw, 640px\" \/><\/p>\n","protected":false},"excerpt":{"rendered":"<p>Tot i les complexitats de la situaci\u00f3 actual \u2014o especialment per aquestes\u2014, peri\u00f2dicament, \u00e9s un exercici recomanable posar les \u201cllums llargues\u201d i plantejar-se escenaris de futur a un llarg termini,que l\u2019her\u00e8ncia que deixarem a les seg\u00fcents generacions.<\/p>\n","protected":false},"author":8,"featured_media":43956,"comment_status":"closed","ping_status":"closed","sticky":false,"template":"","format":"standard","meta":{"_mi_skip_tracking":false,"mc4wp_mailchimp_campaign":[],"jnews-multi-image_gallery":[],"jnews_single_post":{"source_name":"","source_url":"","via_name":"","via_url":"","override_template":"0","override":[{"template":"1","single_blog_custom":"","parallax":"1","fullscreen":"1","layout":"right-sidebar","sidebar":"default-sidebar","second_sidebar":"default-sidebar","sticky_sidebar":"1","share_position":"bottom","share_float_style":"share-monocrhome","show_share_counter":"1","show_view_counter":"1","show_featured":"1","show_post_meta":"1","show_post_author":"1","show_post_author_image":"1","show_post_date":"1","post_date_format":"default","post_date_format_custom":"Y\/m\/d","show_post_category":"0","show_post_reading_time":"1","post_reading_time_wpm":"300","show_zoom_button":"0","zoom_button_out_step":"2","zoom_button_in_step":"3","show_post_tag":"1","show_prev_next_post":"0","show_popup_post":"1","number_popup_post":"2","show_author_box":"1","show_post_related":"1","show_inline_post_related":"1"}],"override_image_size":"0","image_override":[{"single_post_thumbnail_size":"crop-715","single_post_gallery_size":"crop-500"}],"trending_post":"0","trending_post_position":"meta","trending_post_label":"Trending","sponsored_post":"0","sponsored_post_label":"Sponsored by","sponsored_post_name":"","sponsored_post_url":"","sponsored_post_logo_enable":"0","sponsored_post_logo":"","sponsored_post_desc":"","disable_ad":"0"},"jnews_primary_category":{"id":"10736","hide":""}},"categories":[10840,10815,10729],"tags":[141,741,1012,10256,11381],"_links":{"self":[{"href":"https:\/\/www.monempresarial.com\/ca\/wp-json\/wp\/v2\/posts\/43958"}],"collection":[{"href":"https:\/\/www.monempresarial.com\/ca\/wp-json\/wp\/v2\/posts"}],"about":[{"href":"https:\/\/www.monempresarial.com\/ca\/wp-json\/wp\/v2\/types\/post"}],"author":[{"embeddable":true,"href":"https:\/\/www.monempresarial.com\/ca\/wp-json\/wp\/v2\/users\/8"}],"replies":[{"embeddable":true,"href":"https:\/\/www.monempresarial.com\/ca\/wp-json\/wp\/v2\/comments?post=43958"}],"version-history":[{"count":2,"href":"https:\/\/www.monempresarial.com\/ca\/wp-json\/wp\/v2\/posts\/43958\/revisions"}],"predecessor-version":[{"id":43972,"href":"https:\/\/www.monempresarial.com\/ca\/wp-json\/wp\/v2\/posts\/43958\/revisions\/43972"}],"wp:featuredmedia":[{"embeddable":true,"href":"https:\/\/www.monempresarial.com\/ca\/wp-json\/wp\/v2\/media\/43956"}],"wp:attachment":[{"href":"https:\/\/www.monempresarial.com\/ca\/wp-json\/wp\/v2\/media?parent=43958"}],"wp:term":[{"taxonomy":"category","embeddable":true,"href":"https:\/\/www.monempresarial.com\/ca\/wp-json\/wp\/v2\/categories?post=43958"},{"taxonomy":"post_tag","embeddable":true,"href":"https:\/\/www.monempresarial.com\/ca\/wp-json\/wp\/v2\/tags?post=43958"}],"curies":[{"name":"wp","href":"https:\/\/api.w.org\/{rel}","templated":true}]}}