{"id":44020,"date":"2024-05-20T19:24:32","date_gmt":"2024-05-20T17:24:32","guid":{"rendered":"https:\/\/www.monempresarial.com\/2024\/05\/20\/excelencia-y-participacion-resumen-el-exito-en-la-celebracion-del-dia-mundial-de-las-telecomunicaciones-y-la-entrega-de-los-xxiii-premios-conexion-de-feceminte\/"},"modified":"2024-05-20T19:44:45","modified_gmt":"2024-05-20T17:44:45","slug":"excel%c2%b7lencia-i-participacio-resumeixen-lexit-en-la-celebracio-del-dia-mundial-de-les-telecomunicacions-i-el-lliurament-dels-xxiii-premis-connexio-de-feceminte","status":"publish","type":"post","link":"https:\/\/www.monempresarial.com\/ca\/2024\/05\/20\/excel%c2%b7lencia-i-participacio-resumeixen-lexit-en-la-celebracio-del-dia-mundial-de-les-telecomunicacions-i-el-lliurament-dels-xxiii-premis-connexio-de-feceminte\/","title":{"rendered":"Excel\u00b7l\u00e8ncia i participaci\u00f3 resumeixen l\u2019\u00e8xit en la celebraci\u00f3 del Dia Mundial de les Telecomunicacions i el lliurament dels XXIII Premis Connexi\u00f3 de Feceminte"},"content":{"rendered":"<p><strong>Vera, Projecte New Space i Pedro Mier, guardonats amb els XXIII Premis Connexi\u00f3 pel Dinamisme Empresarial, Iniciativa Institucional i Excel\u00b7l\u00e8ncia Professional.<br \/>\nPedro Linares rep un reconeixement per la seva traject\u00f2ria professional en el sector de les telecomunicacions.<br \/>\n<\/strong><\/p>\n<hr \/>\n<p><span style=\"color: #000080;\"><strong>Barcelona, 20 de maig de 2024<\/strong><\/span>\u00a0Feceminte\u00a0ha celebrat, el Dia Mundial de les Telecomunicacions i de la Societat de la Informaci\u00f3, reconeixent la vital import\u00e0ncia de les telecomunicacions en la connectivitat global i el desenvolupament socioecon\u00f2mic, com a un teixit invisible que uneix oportunitats i negocis. Els dos debats van destacar la import\u00e0ncia del desenvolupament de les infraestructures digitals urbanes, aix\u00ed com l\u2019acc\u00e9s a internet en les zones rurals. Amb les intervencions, en el primer debat, de <span style=\"color: #000080;\"><strong>Jordi\u00a0Cirera<\/strong><\/span>, director d\u2019Innovaci\u00f3\u00a0i\u00a0Tecnologies\u00a0de\u00a0Ciutat,\u00a0Institut\u00a0Municipal d\u2019Inform\u00e0tica\u00a0de l\u2019AJUNTAMENT\u00a0DE BARCELONA; <span style=\"color: #000080;\"><strong>Elena\u00a0Carpintero<\/strong><\/span>, directora de\u00a0desenvolupament\u00a0i\u00a0relacions\u00a0institucionals\u00a0de JC\u00a0DECAUX\u00a0i <span style=\"color: #000080;\"><strong>Pep Mart\u00ed<\/strong><\/span>, cofundador i\u00a0CEO\u00a0de\u00a0NearbyComputing\u00a0SL, condu\u00efts per <span style=\"color: #000080;\"><strong>Josep Ramon Ferrer<\/strong><\/span>, director de Vendes del Sector P\u00fablic d\u2019ITALTEL i presidente de GrausTIC. Per la seva banda, en el debat sobre la connectivitat a l\u2019entorn rural van participar <span style=\"color: #000080;\"><strong>Xavier\u00a0Viladegut<\/strong><\/span>, cofundador i director de\u00a0desplegament\u00a0d\u2019ADAMO; <strong><span style=\"color: #000080;\">Javier Hidalgo<\/span>,<\/strong>\u00a0gerent\u00a0de vendes a EMEA\u00a0d\u2019HISPASAT\u00a0i<span style=\"color: #000080;\"> <strong>Eva\u00a0Campi<\/strong><\/span>,\u00a0s\u00f2cia-fundadora\u00a0i coordinadora de l\u2019\u00e0rea\u00a0comercial de\u00a0PINERGIA\u00a0SCCL, moderats per Joan Francesc Fondevila.<\/p>\n<p><strong><img decoding=\"async\" loading=\"lazy\" class=\"alignleft size-medium wp-image-44014\" src=\"https:\/\/www.monempresarial.com\/wp-content\/uploads\/2024\/05\/foto-2-300x186.jpg\" alt=\"\" width=\"300\" height=\"186\" srcset=\"https:\/\/www.monempresarial.com\/wp-content\/uploads\/2024\/05\/foto-2-300x186.jpg 300w, https:\/\/www.monempresarial.com\/wp-content\/uploads\/2024\/05\/foto-2.jpg 438w\" sizes=\"(max-width: 300px) 100vw, 300px\" \/><\/strong>Tot seguit es van lliurar els <a href=\"https:\/\/www.feceminte.cat\/premisconnexio\/\">XXIII Premis Connexi\u00f3,<\/a> que distingeixen empreses, entitats, projectes, iniciatives i persones que han destacat per la seva contribuci\u00f3 al desenvolupament tecnol\u00f2gic, empresarial o social relacionat amb les telecomunicacions i les TIC en general.<\/p>\n<p>El <a href=\"https:\/\/www.feceminte.cat\/premisconnexio\/\">jurat dels <em>Premis Connexi\u00f3 <\/em><\/a><em><u>,<\/u><\/em> format per professionals i autoritats de reconegut prestigi del sector TIC, va decidir atorgar els guardons a:<\/p>\n<ul>\n<li><a href=\"https:\/\/www.somvera.cat\/\"><strong>VERA<\/strong><\/a><span style=\"color: #000080;\"><strong>, premi al Dinamisme Empresarial; <\/strong><\/span>Vera va n\u00e9ixer el 2023 com una operadora de telecomunicacions propera i catalana alternativa als grans operadors per la fusi\u00f3 de tres companyies de telecomunicacions: Goufone (Gurb, Osona), Iguana (Igualada, l\u2019Anoia) i Soomfibra (Manresa, Bages). <strong>\u00a0<\/strong>De capital 100% catal\u00e0, va tancar el 2023 amb 55.000 clientes, una facturaci\u00f3 de 36 milions d&#8217;euros i un EBITDA (<em>Earnings Before Interest Taxes <\/em><\/li>\n<\/ul>\n<p><strong>\u00a0<\/strong><\/p>\n<p><em>Depreciation and Amortization) <\/em>superior als 10 milions d\u2019euros. L&#8217;objectiu per aquest exercici \u00e9s l\u2019expansi\u00f3 i assolir els 43 milions de facturaci\u00f3 i un EBITDA per sobre dels 13 milions.<\/p>\n<ul>\n<li><span style=\"color: #000080;\"><strong><em>ESTRAT\u00c8GIA NEWSPACE, <\/em>Premi a la Iniciativa Institucional<em>, <\/em><\/strong><\/span>projecte liderat pel <a href=\"https:\/\/politiquesdigitals.gencat.cat\/ca\/inici\/\">Departament de Pol\u00edtiques Digitals<\/a> de la Generalitat de Catalunya, amb l\u2019objectiu<\/li>\n<\/ul>\n<p>d\u2019aprofitar l\u2019oportunitat que representa la nova economia de l\u2019espai relacionada amb el desplegament de nano sat\u00e8l\u00b7lits, m\u00e9s econ\u00f2mics i de r\u00e0pid desenvolupament. El projecte, pren com a base els nanosat\u00e8l\u00b7lits ja actius Enxaneta (el 1r sat\u00e8l\u00b7lit IoT), i el Menut, (1r sat\u00e8l\u00b7lit EO) i es preveu disposar d&#8217;una constel\u00b7laci\u00f3 de m\u00e9s de vuit unitats en el 2026.<\/p>\n<ul>\n<li><span style=\"color: #000080;\"><strong>PEDRO MIER, Premi a l\u2019Excel\u00b7l\u00e8ncia Professional, <\/strong><\/span>per la seva intensa activitat professional on ha ocupat nombrosos c\u00e0rrecs, ha rebut diversos premis i ha participat en gran nombre d\u2019esdeveniments en temes relacionats amb la gesti\u00f3 de la tecnologia i la innovaci\u00f3 i la gesti\u00f3 d&#8217;empreses tecnol\u00f2giques. En l&#8217;actualitat \u00e9s president d&#8217;AMETIC (Associaci\u00f3 d&#8217;Empreses d&#8217;Electr\u00f2nica, Tecnologies de la Informaci\u00f3 i Telecomunicacions d&#8217;Espanya), que celebra el seu 50\u00e8 aniversari i presideix la Comisi\u00f3 de I+D+I de la CEOE (Confederaci\u00f3n Espa\u00f1ola de Organizaciones Empresariales).<\/li>\n<\/ul>\n<p><strong><img decoding=\"async\" loading=\"lazy\" class=\"size-medium wp-image-44012 alignright\" src=\"https:\/\/www.monempresarial.com\/wp-content\/uploads\/2024\/05\/foto-1-300x225.jpg\" alt=\"\" width=\"300\" height=\"225\" srcset=\"https:\/\/www.monempresarial.com\/wp-content\/uploads\/2024\/05\/foto-1-300x225.jpg 300w, https:\/\/www.monempresarial.com\/wp-content\/uploads\/2024\/05\/foto-1.jpg 312w\" sizes=\"(max-width: 300px) 100vw, 300px\" \/><\/strong>A banda dels guardons que decidit pel Jurat, els organitzadors del Premis Connexi\u00f3 han volgut fer un reconeixement especial a <span style=\"color: #000080;\"><strong>Perdo Linares<\/strong><\/span>, pel seu encomiable suport a Feceminte durant els seus dos mandats, de 2015 a 2023, com a president de Telecos.cat.<\/p>\n<p>L\u2019acte va ser clausurat per<span style=\"color: #000080;\"> <strong>Antoni Ca\u00f1ete<\/strong><\/span>, president de PIMEC, que va destacar la import\u00e0ncia de la transici\u00f3 digital, de l\u2019activisme empresarial com el que lidera Feceminte i la necessitat de que Catalunya sigui capdavantera en aquesta revoluci\u00f3 digital i empresarial.<\/p>\n<p>Tot seguit, es va compartir uns moments d\u2019intercanvi professional i del\u00a0<em>networking<\/em>\u00a0, al voltant d\u2019un aperitiu.<\/p>\n<p><a href=\"http:\/\/www.feceminte.cat\/\">Feceminte<\/a><em>, <\/em>l\u2019associaci\u00f3 empresarial de les empreses del sector de les telecomunicacions de Catalunya, en l\u2019organitzaci\u00f3 del DMT f\u00f3rum 2024, compta amb el suport d\u2019 <a href=\"https:\/\/mayorista.adamo.es\/\">Adamo<\/a>, <a href=\"https:\/\/www.airenetworks.es\/\">Aire Networks<\/a>, <a href=\"http:\/\/www.onivia.net\/\">Onivia<\/a>, <a href=\"https:\/\/www.hispasat.com\/es\/\">Hispasat<\/a>, <a href=\"https:\/\/parlem.com\/\">Parlem<\/a>, <a href=\"https:\/\/www.somvera.cat\/\">Vera<\/a> y <a href=\"https:\/\/www.xarxaoberta.cat\/\">XOC<\/a>, aix\u00ed com del recolzament institucional.<\/p>\n<p>El Dia Mundial de les Telecomunicacions (DMT)\u00a0se celebra cada 17 de maig des de 1969, data en qu\u00e8 es commemora la fundaci\u00f3 de la\u00a0UIT\u00a0el 17 de maig de 1865 i la signatura del primer Conveni Telegr\u00e0fic Internacional a Par\u00eds.<\/p>\n","protected":false},"excerpt":{"rendered":"<p>Vera, Projecte New Space i  Pedro Mier, guardonats amb els XXIII Premis Connexi\u00f3 pel Dinamisme Empresarial, Iniciativa Institucional i Excel\u00b7l\u00e8ncia Professional.<br \/>\nPedro Linares rep un reconeixement per la seva traject\u00f2ria professional en el sector de les telecomunicacions.<\/p>\n","protected":false},"author":2,"featured_media":44019,"comment_status":"closed","ping_status":"closed","sticky":false,"template":"","format":"standard","meta":{"_mi_skip_tracking":false,"mc4wp_mailchimp_campaign":[],"jnews-multi-image_gallery":[],"jnews_single_post":{"source_name":"","source_url":"","via_name":"","via_url":"","override_template":"0","override":[{"template":"1","single_blog_custom":"","parallax":"1","fullscreen":"1","layout":"right-sidebar","sidebar":"default-sidebar","second_sidebar":"default-sidebar","sticky_sidebar":"1","share_position":"bottom","share_float_style":"share-monocrhome","show_share_counter":"1","show_view_counter":"1","show_featured":"1","show_post_meta":"1","show_post_author":"1","show_post_author_image":"1","show_post_date":"1","post_date_format":"default","post_date_format_custom":"Y\/m\/d","show_post_category":"0","show_post_reading_time":"1","post_reading_time_wpm":"300","show_zoom_button":"0","zoom_button_out_step":"2","zoom_button_in_step":"3","show_post_tag":"1","show_prev_next_post":"0","show_popup_post":"1","number_popup_post":"2","show_author_box":"1","show_post_related":"1","show_inline_post_related":"1"}],"override_image_size":"0","image_override":[{"single_post_thumbnail_size":"crop-715","single_post_gallery_size":"crop-500"}],"trending_post":"0","trending_post_position":"meta","trending_post_label":"Trending","sponsored_post":"0","sponsored_post_label":"Sponsored by","sponsored_post_name":"","sponsored_post_url":"","sponsored_post_logo_enable":"0","sponsored_post_logo":"","sponsored_post_desc":"","disable_ad":"0"},"jnews_primary_category":{"id":"","hide":""}},"categories":[10820],"tags":[5153,5314,7528,8110,10083,5144],"_links":{"self":[{"href":"https:\/\/www.monempresarial.com\/ca\/wp-json\/wp\/v2\/posts\/44020"}],"collection":[{"href":"https:\/\/www.monempresarial.com\/ca\/wp-json\/wp\/v2\/posts"}],"about":[{"href":"https:\/\/www.monempresarial.com\/ca\/wp-json\/wp\/v2\/types\/post"}],"author":[{"embeddable":true,"href":"https:\/\/www.monempresarial.com\/ca\/wp-json\/wp\/v2\/users\/2"}],"replies":[{"embeddable":true,"href":"https:\/\/www.monempresarial.com\/ca\/wp-json\/wp\/v2\/comments?post=44020"}],"version-history":[{"count":3,"href":"https:\/\/www.monempresarial.com\/ca\/wp-json\/wp\/v2\/posts\/44020\/revisions"}],"predecessor-version":[{"id":44023,"href":"https:\/\/www.monempresarial.com\/ca\/wp-json\/wp\/v2\/posts\/44020\/revisions\/44023"}],"wp:featuredmedia":[{"embeddable":true,"href":"https:\/\/www.monempresarial.com\/ca\/wp-json\/wp\/v2\/media\/44019"}],"wp:attachment":[{"href":"https:\/\/www.monempresarial.com\/ca\/wp-json\/wp\/v2\/media?parent=44020"}],"wp:term":[{"taxonomy":"category","embeddable":true,"href":"https:\/\/www.monempresarial.com\/ca\/wp-json\/wp\/v2\/categories?post=44020"},{"taxonomy":"post_tag","embeddable":true,"href":"https:\/\/www.monempresarial.com\/ca\/wp-json\/wp\/v2\/tags?post=44020"}],"curies":[{"name":"wp","href":"https:\/\/api.w.org\/{rel}","templated":true}]}}