{"id":44030,"date":"2024-05-27T09:00:11","date_gmt":"2024-05-27T07:00:11","guid":{"rendered":"https:\/\/www.monempresarial.com\/2024\/05\/21\/la-ia-y-su-impacto-en-el-mundo-empresarial-dafo\/"},"modified":"2024-06-26T19:03:36","modified_gmt":"2024-06-26T17:03:36","slug":"la-ia-i-el-seu-impacte-en-el-mon-empresarial-dafo","status":"publish","type":"post","link":"https:\/\/www.monempresarial.com\/ca\/2024\/05\/27\/la-ia-i-el-seu-impacte-en-el-mon-empresarial-dafo\/","title":{"rendered":"La IA i el seu impacte en  el m\u00f3n empresarial: DAFO"},"content":{"rendered":"<h4><strong><span style=\"color: #829c92; text-transform: uppercase;\"><span style=\"color: #000080;\">Josep Miquel Piqu\u00e9.<\/span> <\/span>Doctor en ecosistemes d\u2019innovaci\u00f3, director de l\u2019Innova Institute i membre del Grup de Recerca de Smart Society de La Salle \u2013 Universitat Ramon Llull<\/strong><\/h4>\n<hr \/>\n<p><strong><span style=\"color: #000080;\">PUNTS FEBLES <\/span><\/strong><\/p>\n<p><strong><span style=\"color: #000080;\">1. Escassetat de talent qualificat:<\/span> <\/strong>hi ha una escassetat global de professionals qualificats en IA. Aix\u00f2 pot dificultar a les empreses trobar els talents necessaris per desenvolupar i gestionar solucions basades en IA.<\/p>\n<p><strong><span style=\"color: #000080;\">2. Seguretat de les dades i vulnerabilitats:<\/span><\/strong> amb l\u2019augment de la depend\u00e8ncia en la IA, les empreses s\u2019enfronten a pitjors riscos de seguretat de les dades, incloent-hi ciberatacs i problemes de seguretat.<\/p>\n<p><strong><span style=\"color: #000080;\">3. Falta de comprensi\u00f3 de la IA:<\/span> <\/strong>un dels principals obstacles \u00e9s la falta de comprensi\u00f3 profunda sobre el que la IA pot i no pot fer. Aquesta manca de coneixement pot conduir a expectatives no realistes o a la implementaci\u00f3 inadequada de tecnologies.<\/p>\n<p><span style=\"color: #000080;\"><strong>4. Risc de depend\u00e8ncia tecnol\u00f2gica:<\/strong> <\/span>una depend\u00e8ncia excessiva de la IA pot fer que les empreses siguin vulnerables a fallades tecnol\u00f2giques o canvis r\u00e0pids en el mercat de tecnologia.<\/p>\n<p>&nbsp;<\/p>\n<p><strong><span style=\"color: #000080;\">AMENACES <\/span><\/strong><\/p>\n<p><span style=\"color: #000080;\"><strong>1. P\u00e8rdua de feines:<\/strong> <\/span>una de les majors preocupacions \u00e9s la potencial substituci\u00f3 de feines humanes per l\u2019automatitzaci\u00f3. Aix\u00f2 podria portar a una p\u00e8rdua significativa d\u2019ocupacions, especialment en sectors en qu\u00e8 les tasques rutin\u00e0ries i repetitives s\u00f3n predominants.<\/p>\n<p><span style=\"color: #000080;\"><strong>2. Desigualtat econ\u00f2mica:<\/strong> <\/span>la IA pot ampliar la bretxa entre els que tenen les habilitats i recursos per aprofitar-se d\u2019aquesta tecnologia i els que no. Aix\u00f2 podria conduir a m\u00e9s concentraci\u00f3 de riquesa i poder en mans de poques empreses o individus.<\/p>\n<p><span style=\"color: #000080;\"><strong>3. Biaixos i discriminaci\u00f3:<\/strong> <\/span>els algorismes d\u2019IA poden perpetuar o fins i tot amplificar els biaixos humans si les dades amb qu\u00e8 s\u2019entrenen no s\u00f3n diverses o estan esbiaixades. Aix\u00f2 pot conduir a decisions injustes o discriminat\u00f2ries en \u00e0rees com la contractaci\u00f3 laboral, el cr\u00e8dit bancari o la just\u00edcia penal.<\/p>\n<p><span style=\"color: #000080;\"><strong>4. Seguretat i vulnerabilitats:<\/strong><\/span> la depend\u00e8ncia en sistemes d\u2019IA pot augmentar el risc de ciberatacs i errors de seguretat. Aix\u00f2 \u00e9s especialment preocupant en sectors cr\u00edtics com la infraestructura, la defensa i els serveis financers.<\/p>\n<p>&nbsp;<\/p>\n<p><strong><span style=\"color: #000080;\">PUNTS FORTS <\/span><\/strong><\/p>\n<p><span style=\"color: #000080;\"><strong>1. Inversi\u00f3 en talent i formaci\u00f3:<\/strong><\/span> \u00e9s crucial invertir en la formaci\u00f3 del personal existent i en la contractaci\u00f3 de nous talents amb compet\u00e8ncies en IA. Aix\u00f2 no nom\u00e9s inclou cient\u00edfics de dades i enginyers, sin\u00f3 tamb\u00e9 professionals amb la capacitat d\u2019integrar coneixements d\u2019IA en diverses funcions de negocis.<\/p>\n<p><span style=\"color: #000080;\"><strong>2. Inversi\u00f3 en infraestructura tecnol\u00f2gica:<\/strong><\/span> la inversi\u00f3 en la infraestructura tecnol\u00f2gica adequada \u00e9s clau per a la implementaci\u00f3 efectiva de solucions basades en IA, incloent-hi el hardware, el software i els sistemes de seguretat.<\/p>\n<p><strong><span style=\"color: #000080;\">3. Implementaci\u00f3 \u00e8tica de la IA:<\/span> <\/strong>adoptar un enfocament \u00e8tic en l\u2019\u00fas de la IA \u00e9s fonamental per guanyar la confian\u00e7a dels consumidors i dels empleats, aix\u00ed com per evitar problemes legals i de reputaci\u00f3.<\/p>\n<p><strong><span style=\"color: #000080;\">4. Innovaci\u00f3 en productes i serveis:<\/span> <\/strong>la IA obre la porta a la creaci\u00f3 de nous productes i serveis, des d\u2019assistents virtuals intel\u00b7ligents fins a solucions personalitzades de salut basades en l\u2019an\u00e0lisi de dades biom\u00e8diques.<\/p>\n<p>&nbsp;<\/p>\n<p><strong><span style=\"color: #000080;\">OPORTUNITATS <\/span><\/strong><\/p>\n<p><strong><span style=\"color: #000080;\">1. Augment de la productivitat i l\u2019efici\u00e8ncia:<\/span><\/strong> la IA pot automatitzar tasques repetitives i consumidores de temps, fet que permet als treballadors centrar-se en tasques m\u00e9s estrat\u00e8giques i creatives. Aix\u00f2 no nom\u00e9s millora l\u2019efici\u00e8ncia operativa, sin\u00f3 que tamb\u00e9 pot augmentar la productivitat global.<\/p>\n<p><strong><span style=\"color: #000080;\">2. An\u00e0lisi de dades i presa de decisions:<\/span> <\/strong>els algorismes d\u2019IA poden analitzar grans volums de dades a una velocitat i amb una precisi\u00f3 inabastables per als humans. Aquesta capacitat permet a les empreses prendre decisions m\u00e9s informades, preveure tend\u00e8ncies de mercat i personalitzar l\u2019oferta de productes i serveis als clients.<\/p>\n<p><strong><span style=\"color: #000080;\">3. Transformaci\u00f3 de sectors:<\/span> <\/strong>sectors com la salut, la banca, el transport i la manufactura s\u2019estan transformant radicalment gr\u00e0cies a la IA. Des del desenvolupament de tractaments m\u00e8dics personalitzats fins a la implementaci\u00f3 de sistemes log\u00edstics m\u00e9s eficients, la IA est\u00e0 jugant un paper clau en la redefinici\u00f3 d\u2019aquests camps.<\/p>\n<p><strong><span style=\"color: #000080;\">4. Creaci\u00f3 de nous mercats i ocupacions:<\/span> <\/strong>encara que la IA pot substituir algunes ocupacions, tamb\u00e9 est\u00e0 creant noves oportunitats laborals i sectors de mercat, especialment en els camps de la ci\u00e8ncia de dades, l\u2019enginyeria d\u2019IA i la gesti\u00f3 de la transformaci\u00f3 digital.<\/p>\n","protected":false},"excerpt":{"rendered":"<p>Josep Miquel Piqu\u00e9. Doctor en ecosistemes d\u2019innovaci\u00f3, director de l\u2019Innova Institute i membre del Grup de Recerca de Smart Society de La Salle \u2013 Universitat Ramon Llull PUNTS FEBLES 1. Escassetat de talent qualificat: hi ha una escassetat global de professionals qualificats en IA. Aix\u00f2 pot dificultar a les empreses trobar els talents necessaris per [&hellip;]<\/p>\n","protected":false},"author":140,"featured_media":44027,"comment_status":"closed","ping_status":"closed","sticky":false,"template":"","format":"standard","meta":{"_mi_skip_tracking":false,"mc4wp_mailchimp_campaign":[],"jnews-multi-image_gallery":[],"jnews_single_post":{"source_name":"","source_url":"","via_name":"","via_url":"","override_template":"0","override":[{"template":"1","single_blog_custom":"","parallax":"1","fullscreen":"1","layout":"right-sidebar","sidebar":"default-sidebar","second_sidebar":"default-sidebar","sticky_sidebar":"1","share_position":"bottom","share_float_style":"share-monocrhome","show_share_counter":"1","show_view_counter":"1","show_featured":"1","show_post_meta":"1","show_post_author":"1","show_post_author_image":"1","show_post_date":"1","post_date_format":"default","post_date_format_custom":"Y\/m\/d","show_post_category":"0","show_post_reading_time":"1","post_reading_time_wpm":"300","show_zoom_button":"0","zoom_button_out_step":"2","zoom_button_in_step":"3","show_post_tag":"1","show_prev_next_post":"0","show_popup_post":"1","number_popup_post":"2","show_author_box":"1","show_post_related":"1","show_inline_post_related":"1"}],"override_image_size":"0","image_override":[{"single_post_thumbnail_size":"crop-715","single_post_gallery_size":"crop-500"}],"trending_post":"0","trending_post_position":"meta","trending_post_label":"Trending","sponsored_post":"1","sponsored_post_label":"Patrocinado por","sponsored_post_name":"Cellnex","sponsored_post_url":"https:\/\/www.cellnex.com\/","sponsored_post_logo_enable":"1","sponsored_post_logo":"44159","sponsored_post_desc":"","disable_ad":"0"},"jnews_primary_category":{"id":"10833","hide":""}},"categories":[10817,10833],"tags":[180,421,7535],"_links":{"self":[{"href":"https:\/\/www.monempresarial.com\/ca\/wp-json\/wp\/v2\/posts\/44030"}],"collection":[{"href":"https:\/\/www.monempresarial.com\/ca\/wp-json\/wp\/v2\/posts"}],"about":[{"href":"https:\/\/www.monempresarial.com\/ca\/wp-json\/wp\/v2\/types\/post"}],"author":[{"embeddable":true,"href":"https:\/\/www.monempresarial.com\/ca\/wp-json\/wp\/v2\/users\/140"}],"replies":[{"embeddable":true,"href":"https:\/\/www.monempresarial.com\/ca\/wp-json\/wp\/v2\/comments?post=44030"}],"version-history":[{"count":2,"href":"https:\/\/www.monempresarial.com\/ca\/wp-json\/wp\/v2\/posts\/44030\/revisions"}],"predecessor-version":[{"id":44031,"href":"https:\/\/www.monempresarial.com\/ca\/wp-json\/wp\/v2\/posts\/44030\/revisions\/44031"}],"wp:featuredmedia":[{"embeddable":true,"href":"https:\/\/www.monempresarial.com\/ca\/wp-json\/wp\/v2\/media\/44027"}],"wp:attachment":[{"href":"https:\/\/www.monempresarial.com\/ca\/wp-json\/wp\/v2\/media?parent=44030"}],"wp:term":[{"taxonomy":"category","embeddable":true,"href":"https:\/\/www.monempresarial.com\/ca\/wp-json\/wp\/v2\/categories?post=44030"},{"taxonomy":"post_tag","embeddable":true,"href":"https:\/\/www.monempresarial.com\/ca\/wp-json\/wp\/v2\/tags?post=44030"}],"curies":[{"name":"wp","href":"https:\/\/api.w.org\/{rel}","templated":true}]}}