{"id":44037,"date":"2024-05-22T16:14:25","date_gmt":"2024-05-22T14:14:25","guid":{"rendered":"https:\/\/www.monempresarial.com\/?p=44037"},"modified":"2024-05-22T17:34:27","modified_gmt":"2024-05-22T15:34:27","slug":"el-paper-de-lempresa-familiar-en-un-mon-cada-vegada-mes-complex","status":"publish","type":"post","link":"https:\/\/www.monempresarial.com\/ca\/2024\/05\/22\/el-paper-de-lempresa-familiar-en-un-mon-cada-vegada-mes-complex\/","title":{"rendered":"El paper de l\u2019empresa familiar en un m\u00f3n cada vegada m\u00e9s complex"},"content":{"rendered":"<p><strong>Vivim en un m\u00f3n de creixent complexitat. Augmenta la interconnexi\u00f3 entre els m\u00faltiples agents i factors que determinen l\u2019entorn empresarial. Els canvis en la tecnologia, la demografia, els h\u00e0bits socials, les institucions, el medi ambient, les fonts d\u2019energia o la geopol\u00edtica fan que la imprevisibilitat augmenti. <\/strong><\/p>\n<h4><strong><span style=\"color: #829c92; text-transform: uppercase;\"><span style=\"color: #000080;\">ALBERTO GIMENO<span style=\"color: #000000;\">.\u00a0<\/span><\/span><\/span><span style=\"color: #000000;\">Professor del Departament de Direcci\u00f3 General i Estrat\u00e8gia d\u2019Esade i <\/span><span style=\"color: #000000;\">investigador de l\u2019Esade Entrepreneurship Institute<\/span><\/strong><\/h4>\n<hr \/>\n<p>Moure\u2019s en aquesta realitat requereix complementar la mirada lineal de la realitat (relacions directes causa-efecte), de manera que puguem intuir les noves realitats que emergeixen fruit d\u2019aquestes m\u00faltiples interaccions. Dif\u00edcilment els analistes i experts van anticipar el col\u00b7lapse de l\u2019URSS, l\u2019elecci\u00f3 d\u2019un president nord-americ\u00e0 com Obama i despr\u00e9s un d\u2019inestable com Trump, la caiguda de Nokia, que hi hauria dos papes, que una pand\u00e8mia pararia el m\u00f3n, que ChatGPT trastocaria l\u2019entorn digital o que la guerrilla houthi bloquejaria el comer\u00e7 mundial. .<\/p>\n<p>Les decisions empresarials han d\u2019integrar aquest augment de complexitat i, per a aix\u00f2, les pr\u00e0ctiques basades en un gran rigor anal\u00edtic no s\u00f3n suficients. Imaginar el futur a partir de l\u2019extrapolaci\u00f3 de les dades del passat \u00e9s, amb freq\u00fc\u00e8ncia, insuficient; hi ha discontinu\u00eftats. La planificaci\u00f3 i l\u2019efici\u00e8ncia no s\u00f3n necess\u00e0riament factors clau de l\u2019\u00e8xit.<\/p>\n<blockquote>\n<h4><span style=\"color: #000080;\">Imaginar el futur a partir de l\u2019extrapolaci\u00f3 de les dades del passat \u00e9s, amb freq\u00fc\u00e8ncia, insuficient; hi ha discontinu\u00eftats<\/span><\/h4>\n<\/blockquote>\n<p>Els <strong><span style=\"color: #000080;\">esfor\u00e7os d\u2019an\u00e0lisis<\/span> <\/strong>han de complementar-se amb<span style=\"color: #000080;\"><strong> esfor\u00e7os de s\u00edntesis<\/strong><\/span>; \u00e9s a dir, amb la capacitat per identificar indicadors de canvi, poder connectar aspectes que no s\u00f3n evidents i la capacitat de donar sentit a realitats aparentment inconnexes. La capacitat de s\u00edntesi es basa en la<span style=\"color: #000080;\"><strong> intu\u00efci\u00f3 de l\u2019expert<\/strong><\/span>, d\u2019aquelles persones que coneixen a fons la seva organitzaci\u00f3, els processos i les persones, que tenen el pols del mercat i que poden identificar patrons i situacions d\u2019oportunitat o d\u2019amena\u00e7a d\u2019una manera heur\u00edstica.<\/p>\n<p>Les empreses familiars ben gestionades tenen la capacitat d\u2019integrar les aproximacions anal\u00edtiques amb les intu\u00eftives; poden integrar les pr\u00e0ctiques professionals en el que suposen de claredat durant els processos, an\u00e0lisis de dades i rigor metodol\u00f2gic amb la capacitat de veure i adonar-se del que no \u00e9s evident en la llum del pensament estrat\u00e8gic convencional. Per a aix\u00f2, \u00e9s necessari que pugui establir-se dins de l\u2019empresa un<strong><span style=\"color: #000080;\"> di\u00e0leg estrat\u00e8gic<\/span><\/strong> entre els diferents protagonistes.<\/p>\n<blockquote>\n<h4><span style=\"color: #000080;\">Les empreses familiars ben gestionades tenen la capacitat d\u2019integrar les aproximacions anal\u00edtiques amb les intu\u00eftives<\/span><\/h4>\n<\/blockquote>\n<p>L\u2019empresa familiar est\u00e0 especialment ben dotada per combinar an\u00e0lisi i intu\u00efci\u00f3 quan hi ha connexi\u00f3 de l\u2019alta direcci\u00f3 amb el quefer de l\u2019organitzaci\u00f3. Els mandats dels gestors s\u00f3n llargs de forma i permeten entendre matisos i detalls i existeix confian\u00e7a entre l\u2019equip directiu, consell d\u2019administraci\u00f3 i propietat. L\u2019empresa familiar est\u00e0 especialment ben dotada per actuar en aquest m\u00f3n de complexitat creixent quan sap desenvolupar-se construint sobre les seves fortaleses sense copiar de manera mim\u00e8tica pr\u00e0ctiques de gesti\u00f3 excessivament reduccionistes.<\/p>\n","protected":false},"excerpt":{"rendered":"<p>Vivim en un m\u00f3n de creixent complexitat. Augmenta la interconnexi\u00f3 entre els m\u00faltiples agents i factors que determinen l\u2019entorn empresarial. Els canvis en la tecnologia, la demografia, els h\u00e0bits socials, les institucions, el medi ambient, les fonts d\u2019energia o la geopol\u00edtica fan que la imprevisibilitat augmenti. <\/p>\n","protected":false},"author":141,"featured_media":44041,"comment_status":"closed","ping_status":"open","sticky":false,"template":"","format":"standard","meta":{"_mi_skip_tracking":false,"mc4wp_mailchimp_campaign":[],"jnews-multi-image_gallery":[],"jnews_single_post":{"source_name":"","source_url":"","via_name":"","via_url":"","override_template":"0","override":[{"template":"1","single_blog_custom":"","parallax":"1","fullscreen":"1","layout":"right-sidebar","sidebar":"default-sidebar","second_sidebar":"default-sidebar","sticky_sidebar":"1","share_position":"bottom","share_float_style":"share-monocrhome","show_share_counter":"1","show_view_counter":"1","show_featured":"1","show_post_meta":"1","show_post_author":"1","show_post_author_image":"1","show_post_date":"1","post_date_format":"default","post_date_format_custom":"Y\/m\/d","show_post_category":"0","show_post_reading_time":"1","post_reading_time_wpm":"300","show_zoom_button":"0","zoom_button_out_step":"2","zoom_button_in_step":"3","show_post_tag":"1","show_prev_next_post":"0","show_popup_post":"1","number_popup_post":"2","show_author_box":"1","show_post_related":"1","show_inline_post_related":"1"}],"override_image_size":"0","image_override":[{"single_post_thumbnail_size":"crop-715","single_post_gallery_size":"crop-500"}],"trending_post":"0","trending_post_position":"meta","trending_post_label":"Trending","sponsored_post":"0","sponsored_post_label":"Sponsored by","sponsored_post_name":"","sponsored_post_url":"","sponsored_post_logo_enable":"0","sponsored_post_logo":"","sponsored_post_desc":"","disable_ad":"0"},"jnews_primary_category":{"id":"","hide":""}},"categories":[10820],"tags":[113,2569],"_links":{"self":[{"href":"https:\/\/www.monempresarial.com\/ca\/wp-json\/wp\/v2\/posts\/44037"}],"collection":[{"href":"https:\/\/www.monempresarial.com\/ca\/wp-json\/wp\/v2\/posts"}],"about":[{"href":"https:\/\/www.monempresarial.com\/ca\/wp-json\/wp\/v2\/types\/post"}],"author":[{"embeddable":true,"href":"https:\/\/www.monempresarial.com\/ca\/wp-json\/wp\/v2\/users\/141"}],"replies":[{"embeddable":true,"href":"https:\/\/www.monempresarial.com\/ca\/wp-json\/wp\/v2\/comments?post=44037"}],"version-history":[{"count":4,"href":"https:\/\/www.monempresarial.com\/ca\/wp-json\/wp\/v2\/posts\/44037\/revisions"}],"predecessor-version":[{"id":44054,"href":"https:\/\/www.monempresarial.com\/ca\/wp-json\/wp\/v2\/posts\/44037\/revisions\/44054"}],"wp:featuredmedia":[{"embeddable":true,"href":"https:\/\/www.monempresarial.com\/ca\/wp-json\/wp\/v2\/media\/44041"}],"wp:attachment":[{"href":"https:\/\/www.monempresarial.com\/ca\/wp-json\/wp\/v2\/media?parent=44037"}],"wp:term":[{"taxonomy":"category","embeddable":true,"href":"https:\/\/www.monempresarial.com\/ca\/wp-json\/wp\/v2\/categories?post=44037"},{"taxonomy":"post_tag","embeddable":true,"href":"https:\/\/www.monempresarial.com\/ca\/wp-json\/wp\/v2\/tags?post=44037"}],"curies":[{"name":"wp","href":"https:\/\/api.w.org\/{rel}","templated":true}]}}