{"id":44141,"date":"2024-06-07T09:04:48","date_gmt":"2024-06-07T07:04:48","guid":{"rendered":"https:\/\/www.monempresarial.com\/?p=44141"},"modified":"2024-06-04T18:09:30","modified_gmt":"2024-06-04T16:09:30","slug":"entre-el-possibilisme-del-transitioning-away-i-la-correccio-definitiva-del-model","status":"publish","type":"post","link":"https:\/\/www.monempresarial.com\/ca\/2024\/06\/07\/entre-el-possibilisme-del-transitioning-away-i-la-correccio-definitiva-del-model\/","title":{"rendered":"Entre el possibilisme del transitioning away i la correcci\u00f3 definitiva del model"},"content":{"rendered":"<p><strong>Dues q\u00fcestions metodol\u00f2giques, senyores i senyors, abans de comen\u00e7ar. La primera, els convidem a ells en aquesta sessi\u00f3? La segona, com ens referim al tema: sostenibilitat?, ecologia?, medi ambient?, canvi clim\u00e0tic? Som dimarts 28 de gener del 2030, Dia Mundial de l\u2019Acci\u00f3 Contra el Canvi Clim\u00e0tic. <\/strong><\/p>\n<h4><strong><span style=\"color: #829c92;\"><span style=\"color: #000080;\">JOSEP-FRANCESC VALLS. <span style=\"color: #000000;\">C\u00e0tedra Retail BSM-UPF<\/span><\/span><\/span><\/strong><\/h4>\n<hr \/>\n<p>\u201cPermeti\u2019m prendre posici\u00f3 davant de la primera q\u00fcesti\u00f3 que planteja\u201d, diu un dels participants que va actuar com a relator de l\u2019<em>Informe Brundtland<\/em> de les Nacions Unides. \u201cNo podem convidar en aquesta sessi\u00f3 de discussi\u00f3 els negacionistes. Sap per qu\u00e8? La ra\u00f3 fonamental \u00e9s que no pretenen discutir, escoltar i millorar despr\u00e9s de cada intervenci\u00f3; al contrari, en la pol\u00e8mica, menyspreen el contrincant, el ridiculitzen, distorsionen el debat; l\u2019objectiu que tenen \u00e9s un altre. Ho vam intentar mesos abans de presentar l\u2019informe el 4 d\u2019agost del 1987 a Nova York, per\u00f2 vam perdre el temps. Quant a la segona q\u00fcesti\u00f3, li dir\u00e9 que vam estar discutint durant mesos l\u2019assumpte i finalment ens vam decidir pel terme<span style=\"color: #000080;\"><strong> desenvolupament sostenible<\/strong><\/span>; va ser la mateixa presidenta de la comissi\u00f3 de l\u2019<em>Informe Brundtland<\/em>, la primera ministra noruega Gro Harlem Brundtland, que dona el nom al document, qui el va suggerir.\u201d<\/p>\n<p>Ens hem reunit a l\u2019aula magna de la universitat en aquesta data per tractar el desenvolupament sostenible. En realitat haur\u00edem pogut triar qualsevol altre Dia Internacional del Medi Ambient dels que s\u2019acumulen al llarg de l\u2019any. A banda del relator de l\u2019<em>Informe Brundtland<\/em>, hem convidat experts i activistes que han intervingut en algunes de les principals fites pel que fa al tema de les \u00faltimes d\u00e8cades: una jove bec\u00e0ria que va assistir a la publicaci\u00f3 de l\u2019informe del Club de Roma, <em>Els l\u00edmits del creixemen<\/em>t, el 1972, directora general avui de l\u2019ONG ecologista mundial de m\u00e9s pes; una integrant de la delegaci\u00f3 espanyola que va assistir a la segona Cimera sobre la Terra de Rio de Janeiro el 1992, posteriorment ministra, i una activista, que s\u2019ha manifestat en les quatre \u00faltimes COP, des de la 31a, i t\u00e9 intenci\u00f3 de participar tamb\u00e9 en la d\u2019enguany.<\/p>\n<blockquote>\n<h4><span style=\"color: #000080;\"><img decoding=\"async\" loading=\"lazy\" class=\" wp-image-44130 alignright\" src=\"https:\/\/www.monempresarial.com\/wp-content\/uploads\/2024\/06\/icono-2-199x300.jpg\" alt=\"\" width=\"115\" height=\"173\" srcset=\"https:\/\/www.monempresarial.com\/wp-content\/uploads\/2024\/06\/icono-2-199x300.jpg 199w, https:\/\/www.monempresarial.com\/wp-content\/uploads\/2024\/06\/icono-2.jpg 288w\" sizes=\"(max-width: 115px) 100vw, 115px\" \/>De la consci\u00e8ncia mediambiental tenim les primeres refer\u00e8ncies a la d\u00e8cada del 1970. Fins llavors i durant un parell de d\u00e8cades, s\u2019ha donat voltes al model de progr\u00e9s econ\u00f2mic iniciat arran de la Primera Revoluci\u00f3 Industrial<\/span><\/h4>\n<\/blockquote>\n<p>De la consci\u00e8ncia mediambiental tenim les primeres refer\u00e8ncies a la d\u00e8cada del 1970. Fins llavors i durant un parell de d\u00e8cades, s\u2019ha donat voltes al model de progr\u00e9s econ\u00f2mic iniciat arran de la Primera Revoluci\u00f3 Industrial, impulsat a partir dels gloriosos anys 50 del 1900, que, a m\u00e9s dels seus beneficis, amaguen sota la manta les vergonyes d\u2019un desenvolupament insostenible; els ecologistes de la primera \u00e8poca es converteixen en pioners del desenvolupament sostenible lligat a la dimensi\u00f3 ambiental i deslliguen la consci\u00e8ncia universal amb les seves primeres accions.<br \/>\nDestaquem quatre de les principals fites que marquen l\u2019evoluci\u00f3 de la consci\u00e8ncia mediambiental. La primera ocorre arran de la publicaci\u00f3 de l\u2019informe del Club de Roma <em>Els l\u00edmits del creixement<\/em>, del 1972.<\/p>\n<p>Jo era una jove bec\u00e0ria que va tenir la sort d\u2019assistir a l\u2019acte de presentaci\u00f3 de l\u2019informe del Club de Roma Els l\u00edmits del creixement. M\u2019hi va convidar Donella Meadows, biof\u00edsica, l\u2019autora del text; era la directora de la meva tesi doctoral, despr\u00e9s vaig tenir l\u2019honor de ser la seva ajudant durant diversos anys. El document que va redactar era dur: en cas de seguir en la l\u00ednia actual,<span style=\"color: #000080;\"><strong> d\u2019aqu\u00ed a cent anys es produir\u00e0 el col\u00b7lapse mediambiental del planeta a conseq\u00fc\u00e8ncia del creixement de la poblaci\u00f3 mundial<\/strong><\/span>, de les activitats agr\u00edcoles, dels recursos naturals, de la producci\u00f3 industrial i de la contaminaci\u00f3; en cas de seguir a aquest ritme, diu, se sobrepassar\u00e0 la capacitat de c\u00e0rrega del planeta i la petjada ecol\u00f2gica se\u2019n ressentir\u00e0 definitivament.<\/p>\n<p>\u201cQuinze anys despr\u00e9s, l\u2019<em>Informe Brundtland<\/em> de les Nacions Unides agafa la iniciativa del Club de Roma, no?\u201d, li pregunto al relator de l\u2019informe.<\/p>\n<blockquote>\n<h4><span style=\"color: #000080;\"><img decoding=\"async\" loading=\"lazy\" class=\" wp-image-44128 alignright\" src=\"https:\/\/www.monempresarial.com\/wp-content\/uploads\/2024\/06\/icono-1-300x226.jpg\" alt=\"\" width=\"191\" height=\"144\" srcset=\"https:\/\/www.monempresarial.com\/wp-content\/uploads\/2024\/06\/icono-1-300x226.jpg 300w, https:\/\/www.monempresarial.com\/wp-content\/uploads\/2024\/06\/icono-1.jpg 380w\" sizes=\"(max-width: 191px) 100vw, 191px\" \/> El desenvolupament sostenible \u00e9s aquell que satisf\u00e0 les necessitats del present sense comprometre les necessitats de les futures generacions<\/span><\/h4>\n<\/blockquote>\n<p>\u201cJo diria que entre la crida del 1972 i el 1987\u201d, respon el relator de l\u2019Informe Brundtland, \u201ces desperta la consci\u00e8ncia mundial. Probablement el millor que vam fer llavors a les Nacions Unides va ser conceptualitzar la sostenibilitat i fixar que el desenvolupament sostenible \u00e9s aquell que satisf\u00e0 les necessitats del present sense comprometre les necessitats de les futures generacions, cito textualment: unim el medi ambient al fet econ\u00f2mic i social. Davant d\u2019aquesta realitat, fem una crida a la mobilitzaci\u00f3 dels individus, de les organitzacions, de les empreses, dels instituts i universitats i dels governs per integrar dins de les pol\u00edtiques mediambientals els recursos d\u2019alimentaci\u00f3, habitatge, energia, ind\u00fastria, salut, formaci\u00f3, transport i l\u2019organitzaci\u00f3 de les ciutats\u201d.<\/p>\n<p>\u201cArribem a Rio de Janeiro [1992], ministra\u201d.<\/p>\n<p>\u201cVam celebrar la segona Cimera de la Terra\u201d, respon l\u2019antiga ministra, \u201ci per a Espanya va ser el gran esdeveniment. Mai una reuni\u00f3 internacional havia integrat una delegaci\u00f3 tan nodrida. <strong><span style=\"color: #000080;\">La Cimera de Rio va significar l\u2019explosi\u00f3 mundial. Tots els organismes multilaterals es van posar les piles.<\/span><\/strong> \u00c9s veritat que es palpava el lideratge europeu, per\u00f2 el m\u00f3n va despertar definitivament a la consci\u00e8ncia ambiental. Despr\u00e9s vindria Par\u00eds, el 2015, quan s\u2019aconsegueix l\u2019acord hist\u00f2ric per combatre el canvi clim\u00e0tic i accelerar les inversions que impedeixin que la temperatura del planeta superi 1,5 graus\u201d.<\/p>\n<p>\u201cJo no vaig ser ni a Rio ni a Par\u00eds\u201d, afegeix l\u2019activista. \u201cLa meva experi\u00e8ncia de les \u00faltimes COP \u00e9s un bla-bla-bla. Els experts s\u2019hi esplaien. Els representants dels governs hi llegeixen llargs discursos. Cada vegada veig m\u00e9s directius i lobbistes de les empreses energ\u00e8tiques i gas\u00edstiques internacionals entre els participants.<span style=\"color: #000080;\"><strong> Recorden la COP-28 de Dubai el 2023? Una Cimera del Clima que se celebra en un pa\u00eds petrol\u00edfer per excel\u00b7l\u00e8ncia!<\/strong> <\/span>Es va retardar la declaraci\u00f3 final. Suspens fins a l\u2019\u00faltim moment. Per a qu\u00e8? Per parir la f\u00f3rmula sibil\u00b7lina del comunicat final: transitioning away, transici\u00f3 cap a l\u2019abandonament dels combustibles f\u00f2ssils, compensat per triplicar les renovables i duplicar l\u2019efici\u00e8ncia energ\u00e8tica. Qu\u00e8 vol dir aix\u00f2?, que pugem o baixem? Ara rellegeixo els 17 Objectius de Desenvolupament Sostenible adoptats l\u2019any 2015.<\/p>\n<blockquote>\n<h4><span style=\"color: #000080;\">No veig voluntat decidida d\u2019implantar un nou estil de vida de car\u00e0cter \u00e8tic basat en la cultura, en la igualtat d\u2019oportunitats, en el treball equitatiu,<br \/>\nen la qualitat de vida<\/span><\/h4>\n<\/blockquote>\n<p>Es tracta de bons desitjos, exquisida literatura i \u00e0nsies de millora en nom de la humanitat. Per\u00f2, en realitat, al ritme al qual avancem, m\u00e9s del mateix: no veig voluntat decidida d\u2019implantar un nou estil de vida de car\u00e0cter \u00e8tic basat en la cultura, en la igualtat d\u2019oportunitats, en el treball equitatiu, en la qualitat de vida\u201d.<\/p>\n<p>Conjuntament, intervenen el relator de l\u2019<em>Informe Brundtland<\/em> de les Nacions Unides, la directiva de l\u2019ONG mediambiental i l\u2019exministra:<\/p>\n<p>\u201cT\u00e9 ra\u00f3\u201d, repliquen els tres a l\u2019activista, \u201cque tot avan\u00e7a a poc a poc, molt a poc a poc. Per\u00f2 tingui en compte que el que els humans hem creat en dos-cents anys i escaig de progr\u00e9s basat en la sobreproducci\u00f3, el malbaratament i la contaminaci\u00f3 no es pot canviar en dues d\u00e8cades\u201d.<\/p>\n<p>\u201cEn dues d\u00e8cades, no, per\u00f2 cada dia que avan\u00e7a sense mesures dr\u00e0stiques \u00e9s seguir aturats\u201d.<\/p>\n<p>Feli\u00e7 Dia Mundial de l\u2019Acci\u00f3 Contra el Canvi Clim\u00e0tic a totes i a tots.<\/p>\n","protected":false},"excerpt":{"rendered":"<p>Dues q\u00fcestions metodol\u00f2giques, senyores i senyors, abans de comen\u00e7ar. La primera, els convidem a ells en aquesta sessi\u00f3? La segona, com ens referim al tema: sostenibilitat?, ecologia?, medi ambient?, canvi clim\u00e0tic? Som dimarts 28 de gener del 2030, Dia Mundial de l\u2019Acci\u00f3 Contra el Canvi Clim\u00e0tic.<\/p>\n","protected":false},"author":34,"featured_media":44140,"comment_status":"closed","ping_status":"closed","sticky":false,"template":"","format":"standard","meta":{"_mi_skip_tracking":false,"mc4wp_mailchimp_campaign":[],"jnews-multi-image_gallery":[],"jnews_single_post":{"source_name":"","source_url":"","via_name":"","via_url":"","override_template":"0","override":[{"template":"1","single_blog_custom":"","parallax":"1","fullscreen":"1","layout":"right-sidebar","sidebar":"default-sidebar","second_sidebar":"default-sidebar","sticky_sidebar":"1","share_position":"bottom","share_float_style":"share-monocrhome","show_share_counter":"1","show_view_counter":"1","show_featured":"1","show_post_meta":"1","show_post_author":"1","show_post_author_image":"1","show_post_date":"1","post_date_format":"default","post_date_format_custom":"Y\/m\/d","show_post_category":"0","show_post_reading_time":"1","post_reading_time_wpm":"300","show_zoom_button":"0","zoom_button_out_step":"2","zoom_button_in_step":"3","show_post_tag":"1","show_prev_next_post":"0","show_popup_post":"1","number_popup_post":"2","show_author_box":"1","show_post_related":"1","show_inline_post_related":"1"}],"override_image_size":"0","image_override":[{"single_post_thumbnail_size":"crop-715","single_post_gallery_size":"crop-500"}],"trending_post":"0","trending_post_position":"meta","trending_post_label":"Trending","sponsored_post":"0","sponsored_post_label":"Sponsored by","sponsored_post_name":"","sponsored_post_url":"","sponsored_post_logo_enable":"0","sponsored_post_logo":"","sponsored_post_desc":"","disable_ad":"0"},"jnews_primary_category":{"id":"10816","hide":""}},"categories":[10816,10848],"tags":[826,4936,5556,7854],"_links":{"self":[{"href":"https:\/\/www.monempresarial.com\/ca\/wp-json\/wp\/v2\/posts\/44141"}],"collection":[{"href":"https:\/\/www.monempresarial.com\/ca\/wp-json\/wp\/v2\/posts"}],"about":[{"href":"https:\/\/www.monempresarial.com\/ca\/wp-json\/wp\/v2\/types\/post"}],"author":[{"embeddable":true,"href":"https:\/\/www.monempresarial.com\/ca\/wp-json\/wp\/v2\/users\/34"}],"replies":[{"embeddable":true,"href":"https:\/\/www.monempresarial.com\/ca\/wp-json\/wp\/v2\/comments?post=44141"}],"version-history":[{"count":3,"href":"https:\/\/www.monempresarial.com\/ca\/wp-json\/wp\/v2\/posts\/44141\/revisions"}],"predecessor-version":[{"id":44146,"href":"https:\/\/www.monempresarial.com\/ca\/wp-json\/wp\/v2\/posts\/44141\/revisions\/44146"}],"wp:featuredmedia":[{"embeddable":true,"href":"https:\/\/www.monempresarial.com\/ca\/wp-json\/wp\/v2\/media\/44140"}],"wp:attachment":[{"href":"https:\/\/www.monempresarial.com\/ca\/wp-json\/wp\/v2\/media?parent=44141"}],"wp:term":[{"taxonomy":"category","embeddable":true,"href":"https:\/\/www.monempresarial.com\/ca\/wp-json\/wp\/v2\/categories?post=44141"},{"taxonomy":"post_tag","embeddable":true,"href":"https:\/\/www.monempresarial.com\/ca\/wp-json\/wp\/v2\/tags?post=44141"}],"curies":[{"name":"wp","href":"https:\/\/api.w.org\/{rel}","templated":true}]}}