{"id":44218,"date":"2024-06-20T09:00:47","date_gmt":"2024-06-20T07:00:47","guid":{"rendered":"https:\/\/www.monempresarial.com\/?p=44218"},"modified":"2024-06-20T17:02:21","modified_gmt":"2024-06-20T15:02:21","slug":"ments-empresarials-innovacio-i-lideratge-des-de-linterior","status":"publish","type":"post","link":"https:\/\/www.monempresarial.com\/ca\/2024\/06\/20\/ments-empresarials-innovacio-i-lideratge-des-de-linterior\/","title":{"rendered":"Ments empresarials  innovaci\u00f3 i lideratge des de l\u2019interior"},"content":{"rendered":"<p><strong>Com els factors psicol\u00f2gics potencien la creativitat col\u00b7lectiva en el m\u00f3n empresarial. <\/strong><\/p>\n<h4><span style=\"color: #000080; text-transform: uppercase;\"><b>Matilde Mart\u00ednez Casanovas<\/b>. <\/span><strong>Directora general d\u2019IGEMA Business School <\/strong><\/h4>\n<hr style=\"color: #b72126;\" \/>\n<p>En el cor de cada innovaci\u00f3 hi ha una espurna de creativitat, originada de la interacci\u00f3 \u00fanica entre experi\u00e8ncia, coneixement i perspectiva. Qu\u00e8 converteix aquesta espurna en una flama d\u2019innovaci\u00f3 sostinguda? La psicologia de la innovaci\u00f3 examina com els factors psicol\u00f2gics influeixen en la nostra capacitat d\u2019innovar. En l\u2019accelerat m\u00f3n empresarial, \u00e9s crucial fomentar entorns que promoguin la llibertat d\u2019explorar i la diversitat de pensament, la qual cosa facilita un espai en qu\u00e8 la creativitat i la innovaci\u00f3 floreixin naturalment. Quins principis i factors psicol\u00f2gics s\u00f3n clau per superar els bloquejos creatius, fomentar un ambient d\u2019innovaci\u00f3 constant i guiar un lideratge que promogui la creativitat?<\/p>\n<blockquote>\n<h4><span style=\"color: #000080;\"> \u00c9s essencial recon\u00e8ixer i superar els bloquejos creatius<\/span><\/h4>\n<\/blockquote>\n<p><span style=\"color: #000080;\"><strong>BLOQUEJOS CREATIUS I FACTORS PSICOL\u00d2GICS<\/strong><\/span><br \/>\n\u00c9s essencial recon\u00e8ixer i superar els bloquejos creatius que poden sufocar la innovaci\u00f3, com la por al frac\u00e0s, el pensament r\u00edgid o conformar-se amb les normes establertes. Entendre la din\u00e0mica d\u2019equip i enfortir la confian\u00e7a i l\u2019autoefic\u00e0cia s\u00f3n clau per a una mentalitat oberta i un enfocament proactiu cap al risc, essencials per a la innovaci\u00f3. Un ambient de treball basat en la confian\u00e7a, el respecte mutu i l\u2019obertura a noves idees \u00e9s crucial per desbloquejar el potencial creatiu de l\u2019equip.<\/p>\n<p><span style=\"color: #000080;\"><strong>FOMENTAR UN AMBIENT CREATIU<br \/>\n<\/strong><span style=\"color: #000000;\">M\u00e9s enll\u00e0 d\u2019evitar els bloquejos creatius, \u00e9s vital construir espais que fomentin l\u2019experimentaci\u00f3 i que activament promoguin la diversitat i inclusi\u00f3. Tot aix\u00f2 enriqueix el proc\u00e9s creatiu i millora la capacitat d\u2019innovaci\u00f3 per crear un entorn en qu\u00e8 cada membre se senti valorat i capa\u00e7 de contribuir plenament, fet que fomenta una cultura organitzacional satisfact\u00f2ria i enriquidora.<\/span><\/span><\/p>\n<blockquote>\n<h4><span style=\"color: #000080;\"> En el cor de cada innovaci\u00f3 hi ha una espurna de creativitat<\/span><\/h4>\n<\/blockquote>\n<p><span style=\"color: #000080;\"><strong>T\u00c8CNIQUES I EINES PSICOL\u00d2GIQUES PER ESTIMULAR LA CREATIVITAT<\/strong><\/span><br \/>\nEstablir un entorn segur i obert \u00e9s nom\u00e9s el principi. La integraci\u00f3 de t\u00e8cniques espec\u00edfiques, com exercicis de percepci\u00f3 i de pensament lateral, juntament amb diferents t\u00e8cniques de creativitat, que incloguin sessions efectives de brainstorming, pot catalitzar i mantenir la creativitat en els equips per facilitar l\u2019exploraci\u00f3 de noves perspectives i solucions innovadores.<\/p>\n<p><span style=\"color: #000080;\"><strong>LIDERATGE PER A LA INNOVACI\u00d3<\/strong><\/span><br \/>\nEl lideratge efectiu \u00e9s crucial per promoure la creativitat i la innovaci\u00f3. Adoptar estils que inspirin i motivin, com el lideratge transformacional i proporcionar retroalimentaci\u00f3 constructiva que reforci la import\u00e0ncia de la creativitat i contribueixi a l\u2019assoliment de metes comunes.<\/p>\n<p><strong><span style=\"color: #000080;\">CONCLUSI\u00d3<\/span><\/strong><br \/>\nFomentar la creativitat i la innovaci\u00f3 en els equips requereix m\u00e9s que disposici\u00f3 cap al canvi; demana una aplicaci\u00f3 deliberada i estrat\u00e8gica de principis psicol\u00f2gics. En superar bloquejos creatius, conrear ambients segurs i estimulants, i implementar t\u00e8cniques innovadores, els l\u00edders poden sustentar l\u2019espurna creativa en els seus equips.<\/p>\n","protected":false},"excerpt":{"rendered":"<p>Com els factors psicol\u00f2gics potencien la creativitat col\u00b7lectiva en el m\u00f3n empresarial.<\/p>\n","protected":false},"author":93,"featured_media":44214,"comment_status":"closed","ping_status":"closed","sticky":false,"template":"","format":"standard","meta":{"_mi_skip_tracking":false,"mc4wp_mailchimp_campaign":[],"jnews-multi-image_gallery":[],"jnews_single_post":{"source_name":"","source_url":"","via_name":"","via_url":"","override_template":"0","override":[{"template":"1","single_blog_custom":"","parallax":"1","fullscreen":"1","layout":"right-sidebar","sidebar":"default-sidebar","second_sidebar":"default-sidebar","sticky_sidebar":"1","share_position":"bottom","share_float_style":"share-monocrhome","show_share_counter":"1","show_view_counter":"1","show_featured":"1","show_post_meta":"1","show_post_author":"1","show_post_author_image":"1","show_post_date":"1","post_date_format":"default","post_date_format_custom":"Y\/m\/d","show_post_category":"0","show_post_reading_time":"1","post_reading_time_wpm":"300","show_zoom_button":"0","zoom_button_out_step":"2","zoom_button_in_step":"3","show_post_tag":"1","show_prev_next_post":"0","show_popup_post":"1","number_popup_post":"2","show_author_box":"1","show_post_related":"1","show_inline_post_related":"1"}],"override_image_size":"0","image_override":[{"single_post_thumbnail_size":"crop-715","single_post_gallery_size":"crop-500"}],"trending_post":"0","trending_post_position":"meta","trending_post_label":"Trending","sponsored_post":"0","sponsored_post_label":"Sponsored by","sponsored_post_name":"","sponsored_post_url":"","sponsored_post_logo_enable":"0","sponsored_post_logo":"","sponsored_post_desc":"","disable_ad":"0"},"jnews_primary_category":{"id":"10726","hide":""}},"categories":[10831,10817],"tags":[180,181,1211,4358],"_links":{"self":[{"href":"https:\/\/www.monempresarial.com\/ca\/wp-json\/wp\/v2\/posts\/44218"}],"collection":[{"href":"https:\/\/www.monempresarial.com\/ca\/wp-json\/wp\/v2\/posts"}],"about":[{"href":"https:\/\/www.monempresarial.com\/ca\/wp-json\/wp\/v2\/types\/post"}],"author":[{"embeddable":true,"href":"https:\/\/www.monempresarial.com\/ca\/wp-json\/wp\/v2\/users\/93"}],"replies":[{"embeddable":true,"href":"https:\/\/www.monempresarial.com\/ca\/wp-json\/wp\/v2\/comments?post=44218"}],"version-history":[{"count":2,"href":"https:\/\/www.monempresarial.com\/ca\/wp-json\/wp\/v2\/posts\/44218\/revisions"}],"predecessor-version":[{"id":44221,"href":"https:\/\/www.monempresarial.com\/ca\/wp-json\/wp\/v2\/posts\/44218\/revisions\/44221"}],"wp:featuredmedia":[{"embeddable":true,"href":"https:\/\/www.monempresarial.com\/ca\/wp-json\/wp\/v2\/media\/44214"}],"wp:attachment":[{"href":"https:\/\/www.monempresarial.com\/ca\/wp-json\/wp\/v2\/media?parent=44218"}],"wp:term":[{"taxonomy":"category","embeddable":true,"href":"https:\/\/www.monempresarial.com\/ca\/wp-json\/wp\/v2\/categories?post=44218"},{"taxonomy":"post_tag","embeddable":true,"href":"https:\/\/www.monempresarial.com\/ca\/wp-json\/wp\/v2\/tags?post=44218"}],"curies":[{"name":"wp","href":"https:\/\/api.w.org\/{rel}","templated":true}]}}