{"id":44250,"date":"2024-06-24T18:23:39","date_gmt":"2024-06-24T16:23:39","guid":{"rendered":"https:\/\/www.monempresarial.com\/2024\/06\/24\/entrevista-a-nieves-cifuentes-responsable-corporativa-de-medio-ambiente-y-sostenibilidad-de-naturgy\/"},"modified":"2024-07-08T15:35:26","modified_gmt":"2024-07-08T13:35:26","slug":"entrevista-a-nieves-cifuentes-responsable-corporativa-de-medi-ambient-de-naturgy","status":"publish","type":"post","link":"https:\/\/www.monempresarial.com\/ca\/2024\/06\/24\/entrevista-a-nieves-cifuentes-responsable-corporativa-de-medi-ambient-de-naturgy\/","title":{"rendered":"Entrevista a Nieves Cifuentes, responsable corporativa de medi ambient de Naturgy"},"content":{"rendered":"<p><strong>El sector energ\u00e8tic espanyol ha incrementat de forma considerable la seva producci\u00f3 d\u2019energia amb tecnologies renovables els \u00faltims anys. Amb la mirada posada en el 2030 i els objectius fixats per la UE de reducci\u00f3 d\u2019un 55% emissions per a aquella data, les empreses energ\u00e8tiques aprofiten el context d\u2019emerg\u00e8ncia clim\u00e0tica per fer de la necessitat virtut i potenciar els avantatges competitius que comporta la sostenibilitat empresarial. Parlem amb Nieves Cifuentes, responsable corporativa de Medi Ambient de Naturgy, distingida com una de les 25 persones m\u00e9s influents en sostenibilitat d\u2019Espanya. Reflexionem amb ella sobre els reptes del sector energ\u00e8tic a Espanya i Europa, i les necessitats compartides per impulsar una agenda clim\u00e0tica a escala global. <\/strong><\/p>\n<h4><strong><span style=\"color: #000080; text-transform: uppercase;\">Adri\u00e0 Gratac\u00f3s Torras.<\/span><\/strong><\/h4>\n<hr \/>\n<blockquote>\n<h3 style=\"text-align: left;\"><strong><span style=\"color: #000080;\"> Per impulsar l\u2019agenda clim\u00e0tica a escala global calen pol\u00edtiques de suport diferenciades per a cada pa\u00eds<\/span><\/strong><\/h3>\n<\/blockquote>\n<p>&nbsp;<\/p>\n<p><span style=\"color: #000080;\"><strong>Aquest 2024 ha estat reconeguda com una de les 25 persones m\u00e9s influents en l\u2019\u00e0rea de la sostenibilitat a Espanya. Qu\u00e8 significa aquest reconeixement per a vost\u00e8?<\/strong><\/span><br \/>\nEstic molt agra\u00efda i feli\u00e7 pel reconeixement. M\u2019ha arribat just quan compleixo 30 anys treballant en medi ambient i sostenibilitat dins el sector de l\u2019energia. Per a mi ha estat un luxe viure en primera persona com la sostenibilitat ha anat escalant posicions en l\u2019agenda empresarial. Els temes ASG (ambientals, socials i de governan\u00e7a) s\u2019han situat al centre de l\u2019estrat\u00e8gia i s\u00f3n un dels motors principals de transformaci\u00f3. Al llarg d\u2019aquests anys, s\u2019ha evolucionat des d\u2019un enfocament de risc, centrat a complir la regulaci\u00f3, a un de proactiu orientat a aprofitar l\u2019enorme oportunitat que ofereix la transici\u00f3 energ\u00e8tica cap a una economia descarbonitzada. El sector de l\u2019energia est\u00e0 sent pioner en aquesta transici\u00f3 ecol\u00f2gica, per\u00f2 encara queda molt per fer.<\/p>\n<p><strong><span style=\"color: #000080;\">Naturgy ha estat distingida entre les empreses del sector per l\u2019\u00edndex FTSE4Good. L\u2019\u00edndex reconeix les bones pr\u00e0ctiques de l\u2019empresa en biodiversitat, seguretat i salut, gesti\u00f3 de riscos, govern corporatiu i transpar\u00e8ncia fiscal. Quines mesures en destacaria?<\/span><\/strong><br \/>\nEfectivament, hem estat reconeguts per l\u2019\u00edndex FTSE4Good, que valora m\u00faltiples criteris ASG. Aquest reconeixement no seria possible sense l\u2019estructura de governan\u00e7a de la sostenibilitat que tenim. Comptem amb una comissi\u00f3 de sostenibilitat en el consell d\u2019administraci\u00f3, que \u00e9s el m\u00e0xim \u00f2rgan de direcci\u00f3, i amb pol\u00edtiques globals en qu\u00e8 marquem els nostres est\u00e0ndards d\u2019actuaci\u00f3 i l\u00ednies vermelles en mat\u00e8ria de seguretat i salut, medi ambient o codi \u00e8tic. A m\u00e9s, l\u2019estrat\u00e8gia incorpora criteris ASG, que es detallen al nostre Pla de Sostenibilitat, compost per sis pilars d\u2019acci\u00f3 i 70 objectius relacionats amb la gesti\u00f3 del risc, la diversitat, el canvi clim\u00e0tic o la gesti\u00f3 del talent.<br \/>\nEn biodiversitat destacaria algunes mesures. En primer lloc, hem comen\u00e7at a integrar les recomanacions de la Taskforce on Nature-related Financial Disclosueres (TNFD) per alinear la nostra estrat\u00e8gia i integrar el capital natural en els processos de presa de decisions.<br \/>\nFinalment, crec que tamb\u00e9 \u00e9s rellevant el nostre impuls a la penetraci\u00f3 dels gasos renovables a Espanya, i en concret del biomet\u00e0, amb diverses plantes en operaci\u00f3 i construcci\u00f3. \u00c9s el resultat de la nostra aposta per aquest nou model d\u2019economia circular, que transforma residus org\u00e0nics en energia descarbonitzada de \u201cquil\u00f2metre zero\u201d, i que genera activitat econ\u00f2mica en zones rurals, la qual cosa contribueix a fixar la poblaci\u00f3.<\/p>\n<p><strong><span style=\"color: #000080;\">El sector energ\u00e8tic espanyol va reduir un 28% les seves emissions d\u2019efecte hivernacle a l\u2019atmosfera el 2023, despr\u00e9s d\u2019un 2022 en qu\u00e8 es van incrementar per la crisi energ\u00e8tica. Preveuen reduir encara m\u00e9s les emissions aquest 2024?<\/span><\/strong><br \/>\nTenim un full de ruta clar marcat des d\u2019Europa i concretat a escala nacional en el Pla Nacional Integrat d\u2019Energia i Clima a 2030 (PNIEC). L\u2019objectiu \u00e9s reduir un 21% les emissions el 2023 respecte al 1990. En l\u2019esborrany actualitzat del PNIEC s\u2019ha incrementat aquest objectiu fins al 32% per alinear-se amb Europa i per enfortir la seguretat energ\u00e8tica i la integraci\u00f3 d\u2019energies renovables en el sistema energ\u00e8tic espanyol.<br \/>\nM\u00e9s enll\u00e0 dels objectius, \u00e9s una realitat que Espanya est\u00e0 reduint significativament les emissions de gasos d\u2019efecte hivernacle. Segons les dades disponibles, entre 2005 i 2021 s\u2019han disminu\u00eft un 65%. Aix\u00f2 es deu, principalment, a l\u2019evoluci\u00f3 del sector energ\u00e8tic, que est\u00e0 rebaixant les emissions en la producci\u00f3 d\u2019electricitat, aproximadament un 72% en el mateix per\u00edode. El 2023, segons els estudis avan\u00e7ats d\u2019emissions, les emissions totals de CO2 a Espanya van caure al seu m\u00ednim hist\u00f2ric, fins a nivells inferiors als de 1990, cosa a la qual ha contribu\u00eft l\u2019augment de les energies renovables en el mix energ\u00e8tic. En un futur, les renovables en el mix de generaci\u00f3 d\u2019energia continuaran augmentant i, per tant, s\u2019espera que s\u2019intensifiqui la reducci\u00f3 d\u2019emissions de CO2.<br \/>\nEn el cas concret de Naturgy, continuem avan\u00e7ant en el nostre comprom\u00eds amb la transici\u00f3 energ\u00e8tica i incrementant les nostres inversions en energies renovables i xarxes de distribuci\u00f3 el\u00e8ctrica. L\u2019any passat vam assolir una capacitat instal\u00b7lada de renovables de 6,4 GW. Aix\u00f2 ens va permetre reduir les nostres emissions directes de gasos d\u2019efecte hivernacle un 39% des del 2017 i un 30% si considerem tamb\u00e9 la petjada de carboni total, que inclou tamb\u00e9 les emissions que es produeixen aig\u00fces avall o aig\u00fces amunt de les nostres operacions.<\/p>\n<p><strong><span style=\"color: #000080;\">L\u2019any passat, el 50,4% de l\u2019energia generada a Espanya es va aconseguir amb tecnologies renovables. Hi ha marge per incrementar aquest percentatge?<\/span><\/strong><br \/>\nPer descomptat. Espanya \u00e9s un pa\u00eds amb un potencial renovable enorme. Tenim m\u00e9s hores de sol que qualsevol altre pa\u00eds de la Uni\u00f3 Europea i condicions \u00f2ptimes per aprofitar tot el potencial de les energies renovables. A m\u00e9s, ens hem fixat objectius molt ambiciosos, que es concreten en el PNIEC. El govern ha augmentat l\u2019ambici\u00f3 d\u2019energia renovable del 42% al 48% amb un 81% per a l\u2019electricitat, cosa que representa un increment molt rellevant en la previsi\u00f3 de generaci\u00f3 fotovoltaica i e\u00f2lica respecte a la planificaci\u00f3 en vigor. D\u2019altra banda, som el tercer pa\u00eds europeu amb major potencial en la producci\u00f3 de biomet\u00e0, un gas renovable que pot cobrir m\u00e9s del 40% de la demanda actual de gas natural i contribuir a una reducci\u00f3 d\u2019emissions de CO2 equivalent al 23% de l\u2019objectiu nacional per al 2030.<br \/>\nPer tant, amb aquests recursos i objectius, clarament hi ha un marge considerable per incrementar encara m\u00e9s la quota d\u2019energies renovables a Espanya, impulsat per les pol\u00edtiques de transici\u00f3 energ\u00e8tica i per la participaci\u00f3 creixent de la inversi\u00f3 privada al sector. De fet, segons l\u2019Informe de Tend\u00e8ncies Globals 2024, elaborat per RatedPower, som el quart pa\u00eds del m\u00f3n amb m\u00e9s potencial de creixement en energies renovables en els pr\u00f2xims cinc anys, al darrere dels Estats Units, la Xina i Alemanya.<\/p>\n<blockquote>\n<h4><span style=\"color: #000080;\"><img decoding=\"async\" loading=\"lazy\" class=\" wp-image-44240 alignright\" src=\"https:\/\/www.monempresarial.com\/wp-content\/uploads\/2024\/06\/icono-1-2-300x110.jpg\" alt=\"\" width=\"256\" height=\"94\" srcset=\"https:\/\/www.monempresarial.com\/wp-content\/uploads\/2024\/06\/icono-1-2-300x110.jpg 300w, https:\/\/www.monempresarial.com\/wp-content\/uploads\/2024\/06\/icono-1-2.jpg 561w\" sizes=\"(max-width: 256px) 100vw, 256px\" \/>Som el quart pa\u00eds del m\u00f3n amb m\u00e9s potencial de creixement en energies renovables en els pr\u00f2xims cinc anys, al darrere dels Estats Units, la Xina<br \/>\ni Alemanya <\/span><\/h4>\n<\/blockquote>\n<p><strong><span style=\"color: #000080;\">Tanmateix, a escala mundial el sector energ\u00e8tic continua batent r\u00e8cords en emissions de CO2. Quines mesures calen perqu\u00e8 la sostenibilitat del sector avanci arreu?<\/span><\/strong><br \/>\nA escala mundial existeix una gran desigualtat. Els pa\u00efsos no estan al mateix nivell de desenvolupament econ\u00f2mic, tecnol\u00f2gic i d\u2019acc\u00e9s al finan\u00e7ament, cosa que afecta la seva capacitat per invertir en energies netes i tecnologies avan\u00e7ades. Els pa\u00efsos desenvolupats tenim recursos i tecnologies disponibles per impulsar una transici\u00f3 energ\u00e8tica r\u00e0pida i eficient, mentre que molts pa\u00efsos en desenvolupament encara depenen, en gran manera, dels combustibles f\u00f2ssils debut al seu menor cost inicial i accessibilitat. A m\u00e9s, aquests pa\u00efsos tenen menor acc\u00e9s al finan\u00e7ament per fer les inversions necess\u00e0ries per a la transici\u00f3 energ\u00e8tica.<br \/>\nPer impulsar l\u2019agenda clim\u00e0tica a escala global \u00e9s necessari establir pol\u00edtiques de suport diferenciades que reconeguin les circumst\u00e0ncies de cada pa\u00eds, amb estrat\u00e8gies flexibles; fomentar la col\u00b7laboraci\u00f3 internacional i la transfer\u00e8ncia tecnol\u00f2gica; i facilitar l\u2019acc\u00e9s al finan\u00e7ament per a l\u2019adaptaci\u00f3 i mitigaci\u00f3 del canvi clim\u00e0tic als pa\u00efsos m\u00e9s desfavorits.<\/p>\n<p><strong><span style=\"color: #000080;\">Naturgy reivindica un enfocament hol\u00edstic per a la conservaci\u00f3 del medi ambient. En qu\u00e8 es tradueix aquesta estrat\u00e8gia empresarial?<\/span><\/strong><br \/>\nConsisteix a integrar a la nostra estrat\u00e8gia de transici\u00f3 energ\u00e8tica tres realitats: clima, naturalesa i persones, que s\u00f3n \u00e0rees complement\u00e0ries que influeixen entre elles. Aquest enfocament t\u00e9 una visi\u00f3 hol\u00edstica i se centra a reduir les emissions de carboni d\u2019una manera positiva per al capital natural i per a la societat.<br \/>\nUn bon exemple s\u00f3n els plans de transici\u00f3 justa que estem duent a terme en l\u2019entorn de les nostres antigues centrals. El 2020 vam decidir tancar totes les nostres centrals de carb\u00f3, cosa que ha contribu\u00eft a reduir les emissions de CO2 i a mitigar els seus impactes sobre la naturalesa. Tanmateix, a escala social, suposa un desafiament per a les regions i els treballadors. Per aix\u00f2, hem dissenyat i implementat plans d\u2019acompanyament en aquests territoris, que han tingut en compte els principals grups d\u2019inter\u00e8s afectats i estan enfocats a fomentar l\u2019activitat econ\u00f2mica en la zona.<\/p>\n<p><strong><span style=\"color: #000080;\">La companyia tamb\u00e9 ha llan\u00e7at recentment un nou servei per ajudar les empreses a reduir les seves emissions. La sostenibilitat energ\u00e8tica passa per un consum menor i m\u00e9s eficient?<\/span><\/strong><br \/>\nLa transici\u00f3 energ\u00e8tica \u00e9s una prioritat per oferir nous productes i serveis als clients, cada cop m\u00e9s compromesos a establir estrat\u00e8gies baixes en carboni per reduir les seves emissions i estalviar en la factura. Entre aquests serveis s\u2019emmarca Natuzero, una iniciativa que se centra a acompanyar els nostres clients en la descarbonitzaci\u00f3, ajudant-los a posicionar-se en un mercat cada cop m\u00e9s conscienciat i que valora les organitzacions i productes m\u00e9s sostenibles.<\/p>\n<blockquote>\n<h4><span style=\"color: #000080;\"><img decoding=\"async\" loading=\"lazy\" class=\" wp-image-44242 alignright\" src=\"https:\/\/www.monempresarial.com\/wp-content\/uploads\/2024\/06\/icono-2-1.jpg\" alt=\"\" width=\"158\" height=\"151\" \/>El 2020 vam decidir tancar totes les nostres centrals de carb\u00f3, cosa que ha contribu\u00eft a reduir les emissions de CO2 i a mitigar els seus impactes sobre la naturalesa <\/span><\/h4>\n<\/blockquote>\n<p><strong><span style=\"color: #000080;\">L\u2019informe \u2018Contribuci\u00f3 de les empreses espanyoles a l\u2019Agenda 2030\u2019 realitzat pel Pacte Mundial de les Nacions Unides sost\u00e9 que el 79% de les empreses veuen \u201cavantatges competitius\u201d a l\u2019hora d\u2019implementar la sostenibilitat empresarial. Quins avantatges tenen identificats des de Naturgy?<\/span><\/strong><br \/>\nL\u2019aposta per la sostenibilitat impulsa el creixement, la competitivitat i la resili\u00e8ncia, i permet tenir una visi\u00f3 de l\u2019empresa. Aquesta visi\u00f3 \u00e9s fonamental per als nostres grups d\u2019inter\u00e8s.<br \/>\nEn primer lloc, per als accionistes i inversors, que valoren positivament que es coneguin, mesurin i gestionin tots els riscos i oportunitats. En el f\u00f2rum de Davos de 2024, els principals agents econ\u00f2mics del planeta van identificar el top 10 de riscos que amenacen l\u2019economia global, i set eren mediambientals o socials. Els quatre primers estaven relacionats amb el canvi clim\u00e0tic i la crisi de biodiversitat. D\u2019altra banda, gestionar b\u00e9 la sostenibilitat est\u00e0 ben valorat, tant per part dels clients, com per l\u2019administraci\u00f3 i la societat. Les noves generacions s\u00f3n especialment sensibles a aquests temes; per tant, tenir pol\u00edtiques clares de sostenibilitat \u00e9s clau per atreure i retenir talent, i ho ser\u00e0 cada cop m\u00e9s.<\/p>\n<p><strong><span style=\"color: #000080;\">El mateix informe assegura que el 57% de les empreses espanyoles ja compta amb una persona o un departament de sostenibilitat. \u00c9s necessari que les \u00e0rees de sostenibilitat d\u2019una empresa tinguin poder de decisi\u00f3?<\/span><\/strong><br \/>\nLa sostenibilitat \u00e9s quelcom absolutament transversal. \u00c9s important que totes les unitats integrin els temes ASG, i per aix\u00f2 cal tenir una \u00e0rea de sostenibilitat que lideri aquesta transici\u00f3 i posi les \u201cllargues\u201d amb una mirada de llarg termini en els temes rellevants, com per exemple, el canvi clim\u00e0tic. La clau de l\u2019\u00e8xit radica en el fet que la sostenibilitat estigui reflectida en tota l\u2019organitzaci\u00f3 de l\u2019empresa, comen\u00e7ant pel consell d\u2019administraci\u00f3, que \u00e9s el seu m\u00e0xim \u00f2rgan de decisi\u00f3. En la meva experi\u00e8ncia, comptar amb una comissi\u00f3 espec\u00edfica de sostenibilitat en el consell marca la difer\u00e8ncia, ja que permet tenir un espai d\u2019an\u00e0lisi i discussi\u00f3 d\u2019aquests temes al m\u00e9s alt nivell i establir una visi\u00f3 ASG a llarg termini que s\u2019integri en l\u2019estrat\u00e8gia i l\u2019operativa di\u00e0ria de l\u2019organitzaci\u00f3. Pel que fa a l\u2019\u00e0rea de sostenibilitat, el que \u00e9s fonamental \u00e9s que participi en la presa de decisions i estigui empoderada per influir en les pol\u00edtiques i pr\u00e0ctiques corporatives.<\/p>\n<blockquote>\n<h4><span style=\"color: #000080;\"><img decoding=\"async\" loading=\"lazy\" class=\"wp-image-44239 alignright\" src=\"https:\/\/www.monempresarial.com\/wp-content\/uploads\/2024\/06\/icon-3-272x300.jpg\" alt=\"\" width=\"121\" height=\"133\" srcset=\"https:\/\/www.monempresarial.com\/wp-content\/uploads\/2024\/06\/icon-3-272x300.jpg 272w, https:\/\/www.monempresarial.com\/wp-content\/uploads\/2024\/06\/icon-3.jpg 317w\" sizes=\"(max-width: 121px) 100vw, 121px\" \/>L\u2019aposta per la sostenibilitat impulsa el creixement, la competitivitat i la resili\u00e8ncia <\/span><\/h4>\n<\/blockquote>\n<p><strong><span style=\"color: #000080;\">L\u2019escenari energ\u00e8tic actual porta Naturgy a disparar les seves previsions de benefici brut fins als 5.400 milions. Ens trobem davant d\u2019un context procliu per aconseguir la neutralitat clim\u00e0tica de les empreses?<\/span><\/strong><br \/>\nLa millora del nostre compte de resultats ha fet possible que augmentem les nostres inversions fins a uns nivells r\u00e8cord. D\u2019aquesta inversi\u00f3, el 90% es va dirigir a projectes de transici\u00f3 energ\u00e8tica, cosa que evidencia el nostre comprom\u00eds amb el canvi clim\u00e0tic. En concret, 1.730 milions a la generaci\u00f3 d\u2019energia renovable i m\u00e9s de 900 milions a les xarxes de distribuci\u00f3.<\/p>\n<p><span style=\"color: #000080;\"><strong>El Reglament Europeu sobre el Clima obliga els pa\u00efsos de la UE a reduir un 55% les seves emissions el 2030 i assolir la neutralitat clim\u00e0tica el 2050. Naturgy est\u00e0 en condicions d\u2019aconseguir aquests objectius?<\/strong><\/span><br \/>\nL\u2019objectiu de la Uni\u00f3 Europea de reduir les emissions de gasos d\u2019efecte hivernacle un 55% per al 2030 en comparaci\u00f3 amb els nivells de 1990 \u00e9s molt ambici\u00f3s i forma part del pla d\u2019acci\u00f3 clim\u00e0tica de la UE. En el cas de Naturgy, des del 2012 hem aconseguit disminuir les nostres emissions directes un 52%. Aquesta traject\u00f2ria, unida a l\u2019aposta per continuar avan\u00e7ant en la generaci\u00f3 renovable i en el desenvolupament dels gasos renovables, ens fa ser optimistes respecte a la nostra contribuci\u00f3 al compliment dels objectius ambiciosos europeus.<\/p>\n","protected":false},"excerpt":{"rendered":"<p>El sector energ\u00e8tic espanyol ha incrementat de forma considerable la seva producci\u00f3 d\u2019energia amb tecnologies renovables els \u00faltims anys. Amb la mirada posada en el 2030 i els objectius fixats per la UE de reducci\u00f3 d\u2019un 55% emissions per a aquella data, les empreses energ\u00e8tiques aprofiten el context d\u2019emerg\u00e8ncia clim\u00e0tica per fer de la necessitat virtut i potenciar els avantatges competitius que comporta la sostenibilitat empresarial. Parlem amb Nieves Cifuentes, responsable corporativa de Medi Ambient de Naturgy, distingida com una de les 25 persones m\u00e9s influents en sostenibilitat d\u2019Espanya. Reflexionem amb ella sobre els reptes del sector energ\u00e8tic a Espanya i Europa, i les necessitats compartides per impulsar una agenda clim\u00e0tica a escala global. <\/p>\n","protected":false},"author":134,"featured_media":44249,"comment_status":"closed","ping_status":"closed","sticky":false,"template":"","format":"standard","meta":{"_mi_skip_tracking":false,"mc4wp_mailchimp_campaign":[],"jnews-multi-image_gallery":[],"jnews_single_post":{"source_name":"","source_url":"","via_name":"","via_url":"","override_template":"0","override":[{"template":"1","single_blog_custom":"","parallax":"1","fullscreen":"1","layout":"right-sidebar","sidebar":"default-sidebar","second_sidebar":"default-sidebar","sticky_sidebar":"1","share_position":"bottom","share_float_style":"share-monocrhome","show_share_counter":"1","show_view_counter":"1","show_featured":"1","show_post_meta":"1","show_post_author":"1","show_post_author_image":"1","show_post_date":"1","post_date_format":"default","post_date_format_custom":"Y\/m\/d","show_post_category":"0","show_post_reading_time":"1","post_reading_time_wpm":"300","show_zoom_button":"0","zoom_button_out_step":"2","zoom_button_in_step":"3","show_post_tag":"1","show_prev_next_post":"0","show_popup_post":"1","number_popup_post":"2","show_author_box":"1","show_post_related":"1","show_inline_post_related":"1"}],"override_image_size":"0","image_override":[{"single_post_thumbnail_size":"crop-715","single_post_gallery_size":"crop-500"}],"trending_post":"0","trending_post_position":"meta","trending_post_label":"Trending","sponsored_post":"0","sponsored_post_label":"Sponsored by","sponsored_post_name":"","sponsored_post_url":"","sponsored_post_logo_enable":"0","sponsored_post_logo":"","sponsored_post_desc":"","disable_ad":"0"},"jnews_primary_category":{"id":"10823","hide":""}},"categories":[10821,10823],"tags":[826,1576,11400],"_links":{"self":[{"href":"https:\/\/www.monempresarial.com\/ca\/wp-json\/wp\/v2\/posts\/44250"}],"collection":[{"href":"https:\/\/www.monempresarial.com\/ca\/wp-json\/wp\/v2\/posts"}],"about":[{"href":"https:\/\/www.monempresarial.com\/ca\/wp-json\/wp\/v2\/types\/post"}],"author":[{"embeddable":true,"href":"https:\/\/www.monempresarial.com\/ca\/wp-json\/wp\/v2\/users\/134"}],"replies":[{"embeddable":true,"href":"https:\/\/www.monempresarial.com\/ca\/wp-json\/wp\/v2\/comments?post=44250"}],"version-history":[{"count":6,"href":"https:\/\/www.monempresarial.com\/ca\/wp-json\/wp\/v2\/posts\/44250\/revisions"}],"predecessor-version":[{"id":44301,"href":"https:\/\/www.monempresarial.com\/ca\/wp-json\/wp\/v2\/posts\/44250\/revisions\/44301"}],"wp:featuredmedia":[{"embeddable":true,"href":"https:\/\/www.monempresarial.com\/ca\/wp-json\/wp\/v2\/media\/44249"}],"wp:attachment":[{"href":"https:\/\/www.monempresarial.com\/ca\/wp-json\/wp\/v2\/media?parent=44250"}],"wp:term":[{"taxonomy":"category","embeddable":true,"href":"https:\/\/www.monempresarial.com\/ca\/wp-json\/wp\/v2\/categories?post=44250"},{"taxonomy":"post_tag","embeddable":true,"href":"https:\/\/www.monempresarial.com\/ca\/wp-json\/wp\/v2\/tags?post=44250"}],"curies":[{"name":"wp","href":"https:\/\/api.w.org\/{rel}","templated":true}]}}