{"id":44261,"date":"2024-06-27T09:00:46","date_gmt":"2024-06-27T07:00:46","guid":{"rendered":"https:\/\/www.monempresarial.com\/?p=44261"},"modified":"2024-06-26T17:34:53","modified_gmt":"2024-06-26T15:34:53","slug":"les-normes-europees-dinformacio-de-sostenibilitat-neis-esrs","status":"publish","type":"post","link":"https:\/\/www.monempresarial.com\/ca\/2024\/06\/27\/les-normes-europees-dinformacio-de-sostenibilitat-neis-esrs\/","title":{"rendered":"Les normes europees d\u2019informaci\u00f3 de sostenibilitat  (NEIS-ESRS)"},"content":{"rendered":"<p><strong>Al llarg de la hist\u00f2ria s\u2019han anat produint canvis en les condicions clim\u00e0tiques del planeta que han obligat les persones que hi vivien a modificar les seves condicions de vida per adaptar-se a les noves. <\/strong><\/p>\n<h4><strong><span style=\"color: #829c92; text-transform: uppercase;\"><span style=\"color: #000080;\">ram\u00f3n bastida.<\/span> <\/span>Professor titular de la Universitat School of Management (UPF-BSM)<br \/>\n<\/strong><\/h4>\n<hr \/>\n<p><strong><span style=\"color: #000080; text-transform: uppercase;\">1. Crisi clim\u00e0tica i transici\u00f3 cap a un model de desenvolupament empresarial sostenible. El triple resultat econ\u00f2mic, mediambiental i social<\/span><\/strong><br \/>\n<span style=\"color: #000000;\">Durant els darrers centenars de milers d\u2019anys, el clima de la Terra, impulsat per canvis orbitals, ha oscil\u00b7lat entre per\u00edodes temperats i glacials, en els quals gran part de l\u2019hemisferi nord estava cobert de gel. La propagaci\u00f3 de l\u2019Homo sapiens a tot el m\u00f3n correspon en gran manera als patrons derivats dels canvis de temperatura, precipitaci\u00f3 i vegetaci\u00f3, per\u00f2 existeixen difer\u00e8ncies molt importants entre els canvis en les condicions meteorol\u00f2giques que es van produir fa centenars de milers d\u2019anys, i les que s\u2019estan produint en l\u2019actualitat:<\/span><br \/>\n<span style=\"color: #000080;\">\u2022<\/span> La primera difer\u00e8ncia entre els canvis en les condicions clim\u00e0tiques anteriors i l\u2019actual crisi clim\u00e0tica que estem vivint \u00e9s que aquesta \u00faltima ha estat provocada per l\u2019acci\u00f3 humana. La gran quantitat d\u2019emissions de gasos d\u2019efecte hivernacle o el consum descontrolat de recursos naturals, entre altres q\u00fcestions, estan impactant en les condicions clim\u00e0tiques i en la biodiversitat i els ecosistemes.<\/p>\n<p><span style=\"color: #000080;\">\u2022<\/span> La segona difer\u00e8ncia \u00e9s que els canvis en les condicions clim\u00e0tiques s\u2019estan produint molt m\u00e9s r\u00e0pid que en ocasions anteriors, quan aquests canvis es produ\u00efen al llarg de centenars o, fins i tot, milers d\u2019anys.<\/p>\n<p><span style=\"color: #000080;\">\u2022<\/span> I la tercera difer\u00e8ncia \u00e9s que la nostra societat i el nostre sistema econ\u00f2mic estan constru\u00efts sobre la base de l\u2019estabilitat clim\u00e0tica i no estan preparats per a canvis en les condicions clim\u00e0tiques com els que ens estan comen\u00e7ant a afectar.<\/p>\n<p>Per superar aquesta crisi clim\u00e0tica \u00e9s necess\u00e0ria la contribuci\u00f3 de tots els actors que han intervingut en la modificaci\u00f3 de les condicions clim\u00e0tiques, comen\u00e7ant pels governs i entitats del sector p\u00fablic, corporacions i empreses privades, entitats del tercer sector i persones.<\/p>\n<blockquote>\n<h4><span style=\"color: #000080;\"> Moltes empreses han comen\u00e7at la transici\u00f3 cap a un model empresarial basat en el triple resultat, adaptant la seva estrat\u00e8gia i el seu model de negoci per integrar aspectes relacionats amb la sostenibilitat<\/span><\/h4>\n<\/blockquote>\n<p>Des de la perspectiva econ\u00f2mica i empresarial, s<span style=\"color: #000080;\"><strong>\u2019est\u00e0 produint un canvi molt significatiu<\/strong> <\/span>en la teoria econ\u00f2mica predominant en les \u00faltimes d\u00e8cades (Shareholder\u2019s Theory &#8211; M. Friedman) per alinear els objectius de les empreses amb la mitigaci\u00f3 del canvi clim\u00e0tic, la generaci\u00f3 d\u2019un impacte social positiu i l\u2019assoliment d\u2019un creixement econ\u00f2mic m\u00e9s sostenible.<\/p>\n<p>Aquest canvi consisteix a fer que les empreses passin de tenir un \u00fanic objectiu basat principalment en l\u2019obtenci\u00f3 de beneficis a tenir almenys dos objectius m\u00e9s, que s\u00f3n la generaci\u00f3 d\u2019un impacte mediambiental i social positius. Per tant, s\u2019ha passat d\u2019un \u00fanic resultat a un de triple: econ\u00f2mic, mediambiental i social.<\/p>\n<p><span style=\"color: #000080;\">\u2022<\/span> El resultat econ\u00f2mic continua basat en l\u2019obtenci\u00f3 de beneficis que garanteixin la solv\u00e8ncia de l\u2019empresa, i la seva viabilitat econ\u00f2mica. Per a una empresa \u00e9s important obtenir beneficis que permetin assumir els pagaments de salaris, compres a prove\u00efdors, etc. i tamb\u00e9 que permetin realitzar les inversions necess\u00e0ries per garantir la continu\u00eftat de l\u2019empresa en el futur.<\/p>\n<p><span style=\"color: #000080;\">\u2022<\/span> El resultat mediambiental consisteix en l\u2019impacte que les activitats de l\u2019empresa tenen en el medi ambient. Per exemple, les emissions de gasos d\u2019efecte hivernacle generades per l\u2019empresa, el consum de recursos naturals com aigua o minerals o l\u2019impacte sobre la biodiversitat i els ecosistemes naturals.<\/p>\n<p><span style=\"color: #000080;\">\u2022<\/span> El resultat social consisteix en l\u2019impacte que les activitats de l\u2019empresa tenen sobre les persones, ja siguin persones treballadores de l\u2019empresa, persones usu\u00e0ries dels seus productes o serveis o comunitats properes a la ubicaci\u00f3 de l\u2019empresa.<\/p>\n<p>La realitat actual \u00e9s que moltes empreses han comen\u00e7at la transici\u00f3 cap a un model empresarial basat en el triple resultat, adaptant la seva estrat\u00e8gia i el seu model de negoci per integrar aspectes relacionats amb la sostenibilitat. Tot i aix\u00f2, encara manca desenvolupar un sistema d\u2019informaci\u00f3 robust que permeti fer un seguiment dels objectius i resultats en mat\u00e8ria de sostenibilitat de les empreses.<\/p>\n<p><strong><span style=\"color: #000080; text-transform: uppercase;\">2. Evoluci\u00f3 de la informaci\u00f3 corporativa (financera i de sostenibilitat)<\/span><\/strong><br \/>\nEn els darrers anys, hi ha hagut una acceleraci\u00f3 molt important en el desenvolupament i la normalitzaci\u00f3 d\u2019informaci\u00f3 no financera o de sostenibilitat.<\/p>\n<blockquote>\n<h4><span style=\"color: #000080;\">Les NEIS s\u00f3n unes normes que defineixen quina informaci\u00f3 de sostenibilitat han de presentar les empreses i com han de preparar aquesta informaci\u00f3 <\/span><\/h4>\n<\/blockquote>\n<p>L\u2019adopci\u00f3 de les Normes d\u2019Informaci\u00f3 de la Sostenibilitat Europea (NEIS) per als pa\u00efsos que formen part de la Uni\u00f3 Europea o la publicaci\u00f3 dels dos primers est\u00e0ndards de sostenibilitat per part de l\u2019International Sustainability Standards Board (ISSB), entre d\u2019altres iniciatives, han marcat una important fita en el proc\u00e9s de consolidaci\u00f3 de la informaci\u00f3 de la sostenibilitat corporativa. Per\u00f2 no hem de perdre de vista que aquest tipus d\u2019informaci\u00f3 es troba en una fase molt inicial, si la comparem amb la informaci\u00f3 financera. Si prenem com a refer\u00e8ncia la primera guia d\u2019informes de sostenibilitat elaborada per la Global Reporting Initiative (GRI), aquesta es va publicar el 1999, fet que significa que les primeres empreses pioneres que van difondre informaci\u00f3 de sostenibilitat basada en aquesta guia van comen\u00e7ar fa menys de 25 anys.<\/p>\n<p>Si revisem la hist\u00f2ria de la informaci\u00f3 financera, podem trobar registres de comptabilitat a l\u2019edat mitjana, fins i tot abans. Tanmateix, si considerem la introducci\u00f3 de la partida doble com a l\u2019inici de la informaci\u00f3 financera moderna, podem afirmar que les empreses presenten informaci\u00f3 financera des de fa m\u00e9s de 500 anys.<\/p>\n<p>Tot i que hi ha una difer\u00e8ncia temporal important entre aquests dos tipus d\u2019informaci\u00f3, \u00e9s evident que, en els darrers anys, la informaci\u00f3 de la sostenibilitat ha realitzat aven\u00e7os molt importants en termes d\u2019estandarditzaci\u00f3 de les normes per a la seva preparaci\u00f3 i verificaci\u00f3. Tamb\u00e9 est\u00e0 augmentant el nombre d\u2019usuaris (inversors, entitats financeres, clients, etc.) que analitzen aquest tipus d\u2019informaci\u00f3 per prendre decisions.<\/p>\n<p>La majoria dels usuaris de la informaci\u00f3 de la sostenibilitat corporativa coincideixen que encara hi ha algunes limitacions importants perqu\u00e8 aquest aquesta mena d\u2019informaci\u00f3 sigui \u00fatil en el proc\u00e9s de presa de decisions. Algunes de les limitacions principals identificades s\u00f3n:<\/p>\n<p><strong><span style=\"color: #000080;\">\u2022 Baixa rellev\u00e0ncia de la informaci\u00f3 corporativa sobre q\u00fcestions relacionades amb la sostenibilitat.<\/span><\/strong><\/p>\n<p><strong><span style=\"color: #000080;\">\u2022 Baixa comparabilitat i fiabilitat de la informaci\u00f3 presentada per les empreses.<\/span><\/strong><\/p>\n<p><strong><span style=\"color: #000080;\">\u2022 Informaci\u00f3 fragmentada, at\u00e8s que no inclou les possibles incid\u00e8ncies, riscos i oportunitats en mat\u00e8ria de sostenibilitat generades en la cadena de valor de l\u2019empresa.<\/span><\/strong><\/p>\n<p>Amb l\u2019aprovaci\u00f3 de la Directiva CSRD el desembre del 2022 i l\u2019adopci\u00f3 de les NEIS el juliol del 2023, els pa\u00efsos que formen part de la Uni\u00f3 Europea tenen com a objectiu superar les limitacions que presenta la informaci\u00f3 de sostenibilitat perqu\u00e8 aquest tipus d\u2019informaci\u00f3 sigui \u00fatil per a la presa de decisions.<\/p>\n<p>La Directiva CSRD estableix que totes les grans empreses cotitzades i no cotitzades de la UE, i les pimes cotitzades, hauran d\u2019aplicar les NEIS. A la UE, es considera gran empresa aquella que supera els 250 treballadors i t\u00e9 m\u00e9s de 43 milions d\u2019euros d\u2019actius o 50 de facturaci\u00f3. Aix\u00f2 no obstant, aquests l\u00edmits es podrien modificar amb la transposici\u00f3 de la directiva a Espanya. Tamb\u00e9 hauran d\u2019aplicar les NEIS les empreses de tercers pa\u00efsos amb filials a la UE amb una xifra de facturaci\u00f3 superior a 150 milions. En total s\u2019espera que apliquin les NEIS al voltant de 50.000 empreses a tot Europa.<\/p>\n<p><strong><span style=\"color: #000080;\">L\u2019aplicaci\u00f3 de les NEIS<\/span><\/strong> ser\u00e0 gradual en funci\u00f3 del tipus d\u2019empresa i de la seva capacitat d\u2019assumir el repte que suposa. L\u20191 de gener del 2024 han comen\u00e7at a aplicar-les les empreses cotitzades que ja aplicaven la Directiva NFRD. L\u20191 de gener del 2025 comen\u00e7aran les grans empreses de m\u00e9s de 250 treballadors. I a partir de l\u20191 de gener del 2028 comen\u00e7aran les pimes cotitzades i les empreses de tercers pa\u00efsos amb filials a la UE.<\/p>\n<p><strong><span style=\"color: #000080;\">Les pimes no estan subjectes a l\u2019aplicaci\u00f3 de la Directiva CSRD,<\/span><\/strong> per\u00f2 hauran d\u2019aplicar les NEIS indirectament si formen part de la cadena de valor d\u2019una empresa subjecta a la Directiva. Per aquest motiu, l\u2019EFRAG est\u00e0 preparant unes normes volunt\u00e0ries adaptades a les pimes.<\/p>\n<p><strong><span style=\"color: #000080; text-transform: uppercase;\">3. Introducci\u00f3 a les Normes europees d\u2019informaci\u00f3 de sostenibilitat (NEIS)<\/span><\/strong><br \/>\nLes NEIS s\u00f3n unes normes que defineixen quina informaci\u00f3 de sostenibilitat han de presentar les empreses i com han de preparar aquesta informaci\u00f3. Aquestes normes s\u00f3n importants perqu\u00e8 ajudaran a normalitzar la informaci\u00f3 de sostenibilitat corporativa. De la mateixa manera que, actualment, podem entendre i interpretar la informaci\u00f3 inclosa en els estats financers d\u2019una empresa, l\u2019aplicaci\u00f3 de les NEIS ens permetr\u00e0 fer el mateix amb la informaci\u00f3 de sostenibilitat. Actualment, aix\u00f2 no \u00e9s possible perqu\u00e8 les empreses apliquen volunt\u00e0riament aquells est\u00e0ndards que s\u2019adapten millor a l\u2019empresa o que m\u00e9s els convenen.<br \/>\n<strong><span style=\"color: #000080;\">3.1. Tipus de NEIS<\/span><\/strong><br \/>\nLes normes de divulgaci\u00f3 d\u2019informaci\u00f3 de sostenibilitat es divideixen en dos tipus de normes:<\/p>\n<p><img decoding=\"async\" loading=\"lazy\" class=\"aligncenter wp-image-44262 size-full\" src=\"https:\/\/www.monempresarial.com\/wp-content\/uploads\/2024\/06\/cuadro-1-cat-1.jpg\" alt=\"\" width=\"639\" height=\"696\" srcset=\"https:\/\/www.monempresarial.com\/wp-content\/uploads\/2024\/06\/cuadro-1-cat-1.jpg 639w, https:\/\/www.monempresarial.com\/wp-content\/uploads\/2024\/06\/cuadro-1-cat-1-275x300.jpg 275w, https:\/\/www.monempresarial.com\/wp-content\/uploads\/2024\/06\/cuadro-1-cat-1-600x654.jpg 600w, https:\/\/www.monempresarial.com\/wp-content\/uploads\/2024\/06\/cuadro-1-cat-1-275x300@2x.jpg 550w\" sizes=\"(max-width: 639px) 100vw, 639px\" \/><br \/>\n<span style=\"color: #000080;\"><strong>3.2. Estructura de les NEIS<\/strong><\/span><br \/>\nUn aspecte clau de l\u2019estructura i el contingut d\u2019aquestes normes \u00e9s la seva alineaci\u00f3 amb els marcs de refer\u00e8ncia internacionals en mat\u00e8ria de divulgaci\u00f3 d\u2019informaci\u00f3 sobre sostenibilitat, que s\u00f3n la Task Force on Climate Disclosure (TFCD) i el Global Reporting Initiative (GRI). A m\u00e9s, l\u2019EFRAG ha realitzat un esfor\u00e7 important per assegurar la connectivitat de les NEIS amb les normes de sostenibilitat que est\u00e0 desenvolupant la International Sustainability Standards Board (ISSB) i que seran aplicables en aquells pa\u00efsos que decideixin implementar-les a les seves respectives jurisdiccions.<\/p>\n<p><img decoding=\"async\" loading=\"lazy\" class=\"aligncenter wp-image-44266 size-full\" src=\"https:\/\/www.monempresarial.com\/wp-content\/uploads\/2024\/06\/cuadro-2-cat.jpg\" alt=\"\" width=\"639\" height=\"518\" srcset=\"https:\/\/www.monempresarial.com\/wp-content\/uploads\/2024\/06\/cuadro-2-cat.jpg 639w, https:\/\/www.monempresarial.com\/wp-content\/uploads\/2024\/06\/cuadro-2-cat-300x243.jpg 300w, https:\/\/www.monempresarial.com\/wp-content\/uploads\/2024\/06\/cuadro-2-cat-600x486.jpg 600w\" sizes=\"(max-width: 639px) 100vw, 639px\" \/><\/p>\n<p>Totes les normes NEIS tenen una estructura semblant, que est\u00e0 basada en els 4 pilars de la TFCD. Aquests pilars s\u00f3n:<\/p>\n<p><strong><span style=\"color: #000080;\">\u2022 Governan\u00e7a.<\/span> <\/strong>Aquest primer pilar inclou informaci\u00f3 sobre el paper dels \u00f2rgans d\u2019administraci\u00f3, de gesti\u00f3 i de supervisi\u00f3 en els aspectes relacionats amb la sostenibilitat. S\u2019hi descriuen aspectes com la informaci\u00f3 de sostenibilitat facilitada a aquests \u00f2rgans o la integraci\u00f3 en els sistemes d\u2019incentius, entre d\u2019altres.<\/p>\n<p><strong><span style=\"color: #000080;\">\u2022 Estrat\u00e8gia.<\/span> <\/strong>Aquest segon pilar inclou informaci\u00f3 sobre la integraci\u00f3 de la sostenibilitat a l\u2019estrat\u00e8gia i el model de negoci de l\u2019empresa. Tamb\u00e9 s\u2019hi descriuen els resultats de l\u2019avaluaci\u00f3 de la import\u00e0ncia relativa realitzada per l\u2019empresa.<\/p>\n<p><strong><span style=\"color: #000080;\">\u2022 Gesti\u00f3 d\u2019incid\u00e8ncies, riscos i oportunitats.<\/span> <\/strong>Aquesta informaci\u00f3 inclou les principals incid\u00e8ncies, riscos i oportunitats d\u2019import\u00e0ncia relativa identificades per l\u2019empresa i les pol\u00edtiques i les accions previstes per gestionar-les.<\/p>\n<p><span style=\"color: #000080;\"><strong>\u2022 Par\u00e0metres i objectius.<\/strong> <\/span>L\u2019\u00faltim pilar consisteix en la informaci\u00f3 sobre els par\u00e0metres (indicadors) i els objectius establerts per l\u2019empresa per poder fer un seguiment dels resultats obtinguts en els aspectes vinculats a la sostenibilitat que s\u00f3n considerats materials.<\/p>\n<p><img decoding=\"async\" loading=\"lazy\" class=\"aligncenter wp-image-44270 size-full\" src=\"https:\/\/www.monempresarial.com\/wp-content\/uploads\/2024\/06\/cuadro-3-cat.jpg\" alt=\"\" width=\"640\" height=\"535\" srcset=\"https:\/\/www.monempresarial.com\/wp-content\/uploads\/2024\/06\/cuadro-3-cat.jpg 640w, https:\/\/www.monempresarial.com\/wp-content\/uploads\/2024\/06\/cuadro-3-cat-300x251.jpg 300w, https:\/\/www.monempresarial.com\/wp-content\/uploads\/2024\/06\/cuadro-3-cat-600x502.jpg 600w\" sizes=\"(max-width: 640px) 100vw, 640px\" \/><\/p>\n<blockquote>\n<h4><span style=\"color: #000080;\">Les incid\u00e8ncies poden ser reals o potencials, negatives o positives, previstes o no, i reversibles o irreversibles. Poden produir-se a curt, mitj\u00e0 o llarg termini<\/span><\/h4>\n<\/blockquote>\n<p><strong><span style=\"color: #000080; text-transform: uppercase;\">4. L\u2019avaluaci\u00f3 de la doble import\u00e0ncia relativa<\/span><\/strong><\/p>\n<p>Gaireb\u00e9 la totalitat de la informaci\u00f3 de sostenibilitat estar\u00e0 subjecta al resultat de l\u2019avaluaci\u00f3 de la import\u00e0ncia relativa que facin les empreses. Nom\u00e9s ser\u00e0 obligatori, per a totes les empreses, incloure la informaci\u00f3 requerida per la NEIS 2. Informaci\u00f3 general. Tota la informaci\u00f3 relacionada amb les deu NEIS tem\u00e0tiques nom\u00e9s s\u2019haur\u00e0 de divulgar si es considera que compleix el criteri de doble import\u00e0ncia relativa.<\/p>\n<p>La doble import\u00e0ncia relativa t\u00e9 dues dimensions: la import\u00e0ncia relativa en termes d\u2019incid\u00e8ncia i la import\u00e0ncia relativa financera.<\/p>\n<p><strong><span style=\"color: #000080;\">\u2022 Import\u00e0ncia relativa en termes d\u2019incid\u00e8ncia (o Inside-Out).<\/span> <\/strong>Una incid\u00e8ncia consisteix en l\u2019efecte que l\u2019empresa t\u00e9 o pugui tenir sobre el medi ambient i les persones, inclosos els efectes sobre els seus drets humans, en relaci\u00f3 amb les pr\u00f2pies operacions i amb les fases anteriors i posteriors de la seva cadena de valor, fins i tot a trav\u00e9s dels seus productes i serveis, aix\u00ed com a trav\u00e9s de les relacions de negoci. Les incid\u00e8ncies poden ser reals o potencials, negatives o positives, previstes o no, i reversibles o irreversibles. Poden produir-se a curt, mitj\u00e0 o llarg termini.<br \/>\nUn exemple d\u2019una incid\u00e8ncia negativa podrien ser les emissions de gasos amb efecte d\u2019hivernacle (GEI) que emet una empresa cimentera en el proc\u00e9s de fabricaci\u00f3. O una pol\u00edtica de promoci\u00f3 interna d\u2019una empresa que impossibiliti reiteradament la promoci\u00f3 de dones o homes a c\u00e0rrecs directius, o que estableixi una bretxa salarial entre persones de diferent condici\u00f3 per a un mateix lloc de treball.<\/p>\n<p><strong><span style=\"color: #000080;\">\u2022 Import\u00e0ncia relativa financera (o Outside-In).<\/span><\/strong> Una q\u00fcesti\u00f3 de sostenibilitat \u00e9s important des d\u2019una perspectiva financera si genera riscos o oportunitats que afectin (o es pugui esperar raonablement que afectin) la posici\u00f3 financera de l\u2019empresa, els resultats financers, els fluxos d\u2019efectiu, l\u2019acc\u00e9s al finan\u00e7ament o al cost del capital a curt, mitj\u00e0 o llarg termini.<br \/>\nUn exemple d\u2019un risc de sostenibilitat podrien ser els efectes negatius que les inundacions derivades del canvi clim\u00e0tic podrien generar a una empresa que t\u00e9 la planta de producci\u00f3 en una zona inundable. O els efectes negatius que podria tenir una sequera intensa sobre una empresa amb una activitat que requereixi el consum de grans quantitats d\u2019aigua.<\/p>\n<p>L\u2019empresa haur\u00e0 d\u2019informar sobre una q\u00fcesti\u00f3 de sostenibilitat si es considera que \u00e9s d\u2019import\u00e0ncia relativa en termes d\u2019incid\u00e8ncia, financerament o les dues coses.<\/p>\n<p><strong><span style=\"color: #000080; text-transform: uppercase;\">5. Conclusions<\/span><\/strong><br \/>\n<strong><span style=\"color: #000080;\">L\u2019aplicaci\u00f3 de les NEIS pot visualitzar-se com un risc o una oportunitat depenent de l\u2019enfocament que els donem.<\/span><\/strong> Les NEIS poden ser un risc per a empreses que decideixin no integrar la sostenibilitat en la seva estrat\u00e8gia i model de negoci i continu\u00efn centrant-se en el benefici econ\u00f2mic, sense tenir en compte els impactes que la seva activitat t\u00e9 en el medi ambient i les persones, o viceversa. Aquestes empreses estaran obligades a presentar informaci\u00f3 de sostenibilitat, que deixar\u00e0 en evid\u00e8ncia les mancances del seu model de negoci, i dificultar\u00e0 mantenir alguns clients, l\u2019entrada de nous inversors, o encarir\u00e0 el seu finan\u00e7ament, entre d\u2019altres.<\/p>\n<blockquote>\n<h4><span style=\"color: #000080;\">Les NEIS poden ser una oportunitat per a aquelles empreses que decideixin utilitzar-les com una palanca de canvi o de transici\u00f3 cap a una estrat\u00e8gia i model de negoci que integrin la sostenibilitat <\/span><\/h4>\n<\/blockquote>\n<p>En canvi, les NEIS poden ser una oportunitat per a aquelles empreses que decideixin utilitzar-les com una palanca de canvi o de transici\u00f3 cap a una estrat\u00e8gia i model de negoci que integrin la sostenibilitat i que serveixi per assolir els objectius econ\u00f2mics, mediambientals i socials. Per a aquestes empreses, disposar d\u2019informaci\u00f3 de sostenibilitat pot servir per obtenir nous clients, millorar la gesti\u00f3 interna de l\u2019empresa o atreure inversors i finan\u00e7ament en millors condicions, entre d\u2019altres.<\/p>\n<p>Alguns aspectes clau per garantir una aplicaci\u00f3 exitosa de les NEIS s\u00f3n l\u2019anticipaci\u00f3 i la preparaci\u00f3 de les persones que hauran de liderar o participar en la preparaci\u00f3 de la informaci\u00f3 de sostenibilitat. Tamb\u00e9 \u00e9s important que les administracions p\u00fabliques, les organitzacions empresarials i els col\u00b7legis professionals posin a disposici\u00f3 de les empreses i els professionals els mitjans i recursos necessaris perqu\u00e8 les empreses puguin preparar-se i aplicar les NEIS amb \u00e8xit.<\/p>\n","protected":false},"excerpt":{"rendered":"<p>Al llarg de la hist\u00f2ria s\u2019han anat produint canvis en les condicions clim\u00e0tiques del planeta que han obligat les persones que hi vivien a modificar les seves condicions de vida per adaptar-se a les noves.<\/p>\n","protected":false},"author":144,"featured_media":44274,"comment_status":"closed","ping_status":"open","sticky":false,"template":"","format":"standard","meta":{"_mi_skip_tracking":false,"mc4wp_mailchimp_campaign":[],"jnews-multi-image_gallery":[],"jnews_single_post":{"source_name":"","source_url":"","via_name":"","via_url":"","override_template":"0","override":[{"template":"1","single_blog_custom":"","parallax":"1","fullscreen":"1","layout":"right-sidebar","sidebar":"default-sidebar","second_sidebar":"default-sidebar","sticky_sidebar":"1","share_position":"bottom","share_float_style":"share-monocrhome","show_share_counter":"1","show_view_counter":"1","show_featured":"1","show_post_meta":"1","show_post_author":"1","show_post_author_image":"1","show_post_date":"1","post_date_format":"default","post_date_format_custom":"Y\/m\/d","show_post_category":"0","show_post_reading_time":"1","post_reading_time_wpm":"300","show_zoom_button":"0","zoom_button_out_step":"2","zoom_button_in_step":"3","show_post_tag":"1","show_prev_next_post":"0","show_popup_post":"1","number_popup_post":"2","show_author_box":"1","show_post_related":"1","show_inline_post_related":"1"}],"override_image_size":"0","image_override":[{"single_post_thumbnail_size":"crop-715","single_post_gallery_size":"crop-500"}],"trending_post":"0","trending_post_position":"meta","trending_post_label":"Trending","sponsored_post":"0","sponsored_post_label":"Sponsored by","sponsored_post_name":"","sponsored_post_url":"","sponsored_post_logo_enable":"0","sponsored_post_logo":"","sponsored_post_desc":"","disable_ad":"0"},"jnews_primary_category":{"id":"10848","hide":""}},"categories":[10848,10816],"tags":[1576,4371,826],"_links":{"self":[{"href":"https:\/\/www.monempresarial.com\/ca\/wp-json\/wp\/v2\/posts\/44261"}],"collection":[{"href":"https:\/\/www.monempresarial.com\/ca\/wp-json\/wp\/v2\/posts"}],"about":[{"href":"https:\/\/www.monempresarial.com\/ca\/wp-json\/wp\/v2\/types\/post"}],"author":[{"embeddable":true,"href":"https:\/\/www.monempresarial.com\/ca\/wp-json\/wp\/v2\/users\/144"}],"replies":[{"embeddable":true,"href":"https:\/\/www.monempresarial.com\/ca\/wp-json\/wp\/v2\/comments?post=44261"}],"version-history":[{"count":4,"href":"https:\/\/www.monempresarial.com\/ca\/wp-json\/wp\/v2\/posts\/44261\/revisions"}],"predecessor-version":[{"id":44282,"href":"https:\/\/www.monempresarial.com\/ca\/wp-json\/wp\/v2\/posts\/44261\/revisions\/44282"}],"wp:featuredmedia":[{"embeddable":true,"href":"https:\/\/www.monempresarial.com\/ca\/wp-json\/wp\/v2\/media\/44274"}],"wp:attachment":[{"href":"https:\/\/www.monempresarial.com\/ca\/wp-json\/wp\/v2\/media?parent=44261"}],"wp:term":[{"taxonomy":"category","embeddable":true,"href":"https:\/\/www.monempresarial.com\/ca\/wp-json\/wp\/v2\/categories?post=44261"},{"taxonomy":"post_tag","embeddable":true,"href":"https:\/\/www.monempresarial.com\/ca\/wp-json\/wp\/v2\/tags?post=44261"}],"curies":[{"name":"wp","href":"https:\/\/api.w.org\/{rel}","templated":true}]}}