{"id":44629,"date":"2024-10-04T16:29:21","date_gmt":"2024-10-04T14:29:21","guid":{"rendered":"https:\/\/www.monempresarial.com\/?p=44629"},"modified":"2024-10-07T15:14:52","modified_gmt":"2024-10-07T13:14:52","slug":"la-cinquena-edicio-del-bnew-consolida-barcelona-com-a-capital-mundial-de-la-nova-economia","status":"publish","type":"post","link":"https:\/\/www.monempresarial.com\/ca\/2024\/10\/04\/la-cinquena-edicio-del-bnew-consolida-barcelona-com-a-capital-mundial-de-la-nova-economia\/","title":{"rendered":"La cinquena edici\u00f3 del BNEW consolida Barcelona com a capital mundial de la nova economia"},"content":{"rendered":"<p><strong>Del 7 al 10 d\u2019octubre l\u2019edifici barcelon\u00ed DFactory acollir\u00e0 la cinquena edici\u00f3 de la Barcelona New Economy Week (BNEW), que espera l\u2019assist\u00e8ncia de m\u00e9s de 15.000 assistents. <\/strong><\/p>\n<hr \/>\n<p>La Barcelona New Economy Week (BNEW) enceta aquest dilluns 7 d\u2019octubre la seva cinquena edici\u00f3 a l\u2019edifici DFactory de Barcelona. L\u2019esdeveniment sobre nova economia organitzat pel Consorci de la Zona Franca (CZFB) que \u00e9s \u00fanic al m\u00f3n -segons els seus impulsors-, espera acollir 15.000 professionals de m\u00faltiples sectors econ\u00f2mics del m\u00f3n, 12.500 d\u2019ells de forma presencial. Les previsions dels organitzadors s\u00f3n optimistes, m\u00e9s si s\u2019atenen les dades d\u2019assist\u00e8ncia de l\u2019any passat on es va superar per poc els 8.000 participants.<\/p>\n<p>L\u2019esdeveniment d\u2019enguany mostrar\u00e0, d\u2019una banda, la consolidaci\u00f3 de la ciutat de Barcelona com a capital mundial de la nova economia; d\u2019altra banda, s\u2019erigeix en una trobada \u00fanica, capa\u00e7 d\u2019aplegar el desenvolupament tecnol\u00f2gic i innovador de forma multisectorial.<\/p>\n<p>L\u2019adopci\u00f3 de tecnologies innovadores en les empreses de m\u00faltiples sectors econ\u00f2mics est\u00e0 generant canvis cada cop m\u00e9s constants i profunds. Aix\u00f2 fa que el sector de les Tecnologies de la Informaci\u00f3 i la Comunicaci\u00f3 (TIC) ja suposin un 9% del PIB de Catalunya. Una xifra que el delegat especial de l\u2019Estat al Consorci de la Zona Franca de Barcelona (CZFB), Pere Navarro, va voler recalcar durant la roda de premsa de presentaci\u00f3 del BNEW Barcelona.<\/p>\n<p><strong><span style=\"color: #000080;\">350 ponents i m\u00e9s de 140 hores de continguts per tractar les set verticals de la nova economia<\/span><\/strong><br \/>\nL\u2019edici\u00f3 d\u2019enguany del BNEW presentar\u00e0 als assistents m\u00e9s de 140 hores de continguts dedicats a analitzar, explicar i debatre les tend\u00e8ncies de la nova economia. Per omplir aquestes 140 hores, l\u2019organitzaci\u00f3 comptar\u00e0 amb la participaci\u00f3 de 350 ponents especialitzats en la nova economia. \u201cAvui en dia els canvis succeeixen de forma tan immediata que cal estar preparats i saber adaptar-nos-hi; la col\u00b7laboraci\u00f3 i les aliances entre governs, empreses i ciutadans ser\u00e0 clau per construir una economia que benefici\u00ef i posi les persones al centre\u201d, assegurava Blanca Sorigu\u00e9, directora general del CZFB.<\/p>\n<p><img decoding=\"async\" loading=\"lazy\" class=\"aligncenter wp-image-44630 size-full\" src=\"https:\/\/www.monempresarial.com\/wp-content\/uploads\/2024\/10\/bnew-1.jpg\" alt=\"\" width=\"800\" height=\"406\" srcset=\"https:\/\/www.monempresarial.com\/wp-content\/uploads\/2024\/10\/bnew-1.jpg 800w, https:\/\/www.monempresarial.com\/wp-content\/uploads\/2024\/10\/bnew-1-300x152.jpg 300w, https:\/\/www.monempresarial.com\/wp-content\/uploads\/2024\/10\/bnew-1-600x305.jpg 600w, https:\/\/www.monempresarial.com\/wp-content\/uploads\/2024\/10\/bnew-1-750x381.jpg 750w\" sizes=\"(max-width: 800px) 100vw, 800px\" \/><\/p>\n<p>La principal novetat d\u2019enguany ser\u00e0 la introducci\u00f3 de l\u2019aviaci\u00f3 com a flamant vertical de la nova economia. Per a Navarro, l\u2019aviaci\u00f3 esdev\u00e9 un sector clau per a la nova economia pel seu paper en la mobilitat sostenible del futur i la transformaci\u00f3 que patir\u00e0 si vol complir els objectius de descarbonitzaci\u00f3 de l\u2019Agenda 2030. Ara b\u00e9, durant la presentaci\u00f3 de l\u2019esdeveniment, Navarro tamb\u00e9 va admetre que la introducci\u00f3 de l\u2019aviaci\u00f3 en l\u2019edici\u00f3 d\u2019enguany respon tamb\u00e9 al conflicte pol\u00edtic, social i medi\u00e0tic que genera el sector amb l\u2019ampliaci\u00f3 de l\u2019aeroport de Barcelona de fons: \u201cCom a instituci\u00f3 de promoci\u00f3 econ\u00f2mica pensem que cal debatre tots els aspectes que influeixen en l\u2019aviaci\u00f3 a Catalunya des d\u2019una vessant t\u00e8cnica i contrastada, amb informes i estudis\u201d, afegia el delegat especial de l\u2019Estat al CZFB.<\/p>\n<p>Aix\u00ed, l\u2019aviaci\u00f3 se sumar\u00e0 a les sis verticals que van ser protagonistes a les edicions anteriors del BNEW: ind\u00fastria digital, salut, mobilitat, sostenibilitat i talent. De forma transversal i amb impacte a desenes de sectors econ\u00f2mics, el BNEW centrar\u00e0 la mirada en l\u2019auge de la robotitzaci\u00f3 i l\u2019automatitzaci\u00f3, la intel\u00b7lig\u00e8ncia artificial, el Big Data i el blockchain.<\/p>\n<p><strong><span style=\"color: #000080;\">El pes de les startups al BNEW<\/span> <\/strong><br \/>\nEls organitzadors de BNEW entenen que les startups tenen un paper clau en el desenvolupament d\u2019una nova economia, cada cop m\u00e9s canviant i transformadora. Aix\u00f2 fa que aconseguir sigui una prioritat per al certamen que l\u2019esdeveniment suposi un espai de col\u00b7laboraci\u00f3 entre empreses tecnol\u00f2giques emergents i grans empreses.<\/p>\n<p>BNEW preveu rebre l\u2019assist\u00e8ncia de 1.500 startups tecnol\u00f2giques, 177 de les quals hi participaran com a ponents.<\/p>\n<p>Els organitzadors tamb\u00e9 volen que aquest ecosistema de col\u00b7laboraci\u00f3 i cooperaci\u00f3 entre petites i grans empreses es mantingui en el temps. Per tal de quantificar l\u2019impacte, el CZFB ha presentat la segona edici\u00f3 de l\u2019Observatori de la Nova Economia, un estudi que sondeja els interessos,\u00a0 les inquietuds i els objectius assolits per part de les empreses participants a l\u2019esdeveniment.<\/p>\n<p>Amb dades de les empreses assistents de l\u2019any passat, l\u2019estudi assegura que el 40% d\u2019empreses enquestades ja col\u00b7labora amb startups i que el 33% est\u00e0 sospesant fer-ho a curt o mitj\u00e0 termini. \u201cLa nostra idea \u00e9s que el BNEW ni comen\u00e7a ni acaba. Tot l\u2019any existeix aquesta filosofia de cooperaci\u00f3 i investigaci\u00f3, aix\u00ed com aquesta alian\u00e7a entre el sector p\u00fablic i el sector privat\u201d, recordava Navarro durant la presentaci\u00f3.<\/p>\n<p>L\u2019estudi, en el qual hi ha participat 657 professionals (64% d\u2019empreses i 36% de startups) tamb\u00e9 assegura que el 82% de les organitzacions afirma estar liderant (o tenir previst liderar) alguna acci\u00f3 de sostenibilitat, tot i que no s\u2019especifica quines ni amb quin impacte.<\/p>\n","protected":false},"excerpt":{"rendered":"<p>Del 7 al 10 d\u2019octubre l\u2019edifici barcelon\u00ed DFactory acollir\u00e0 la cinquena edici\u00f3 de la Barcelona New Economy Week (BNEW), que espera l\u2019assist\u00e8ncia de m\u00e9s de 15.000 assistents. <\/p>\n","protected":false},"author":2,"featured_media":44635,"comment_status":"closed","ping_status":"open","sticky":false,"template":"","format":"standard","meta":{"_mi_skip_tracking":false,"mc4wp_mailchimp_campaign":[],"jnews-multi-image_gallery":[],"jnews_single_post":{"source_name":"","source_url":"","via_name":"","via_url":"","override_template":"0","override":[{"template":"1","single_blog_custom":"","parallax":"1","fullscreen":"1","layout":"right-sidebar","sidebar":"default-sidebar","second_sidebar":"default-sidebar","sticky_sidebar":"1","share_position":"bottom","share_float_style":"share-monocrhome","show_share_counter":"1","show_view_counter":"1","show_featured":"1","show_post_meta":"1","show_post_author":"1","show_post_author_image":"1","show_post_date":"1","post_date_format":"default","post_date_format_custom":"Y\/m\/d","show_post_category":"0","show_post_reading_time":"1","post_reading_time_wpm":"300","show_zoom_button":"0","zoom_button_out_step":"2","zoom_button_in_step":"3","show_post_tag":"1","show_prev_next_post":"0","show_popup_post":"1","number_popup_post":"2","show_author_box":"1","show_post_related":"1","show_inline_post_related":"1"}],"override_image_size":"0","image_override":[{"single_post_thumbnail_size":"crop-715","single_post_gallery_size":"crop-500"}],"trending_post":"0","trending_post_position":"meta","trending_post_label":"Trending","sponsored_post":"0","sponsored_post_label":"Sponsored by","sponsored_post_name":"","sponsored_post_url":"","sponsored_post_logo_enable":"0","sponsored_post_logo":"","sponsored_post_desc":"","disable_ad":"0"},"jnews_primary_category":{"id":"10825","hide":""}},"categories":[10820,10821,10825],"tags":[113,6444,11420],"_links":{"self":[{"href":"https:\/\/www.monempresarial.com\/ca\/wp-json\/wp\/v2\/posts\/44629"}],"collection":[{"href":"https:\/\/www.monempresarial.com\/ca\/wp-json\/wp\/v2\/posts"}],"about":[{"href":"https:\/\/www.monempresarial.com\/ca\/wp-json\/wp\/v2\/types\/post"}],"author":[{"embeddable":true,"href":"https:\/\/www.monempresarial.com\/ca\/wp-json\/wp\/v2\/users\/2"}],"replies":[{"embeddable":true,"href":"https:\/\/www.monempresarial.com\/ca\/wp-json\/wp\/v2\/comments?post=44629"}],"version-history":[{"count":4,"href":"https:\/\/www.monempresarial.com\/ca\/wp-json\/wp\/v2\/posts\/44629\/revisions"}],"predecessor-version":[{"id":44641,"href":"https:\/\/www.monempresarial.com\/ca\/wp-json\/wp\/v2\/posts\/44629\/revisions\/44641"}],"wp:featuredmedia":[{"embeddable":true,"href":"https:\/\/www.monempresarial.com\/ca\/wp-json\/wp\/v2\/media\/44635"}],"wp:attachment":[{"href":"https:\/\/www.monempresarial.com\/ca\/wp-json\/wp\/v2\/media?parent=44629"}],"wp:term":[{"taxonomy":"category","embeddable":true,"href":"https:\/\/www.monempresarial.com\/ca\/wp-json\/wp\/v2\/categories?post=44629"},{"taxonomy":"post_tag","embeddable":true,"href":"https:\/\/www.monempresarial.com\/ca\/wp-json\/wp\/v2\/tags?post=44629"}],"curies":[{"name":"wp","href":"https:\/\/api.w.org\/{rel}","templated":true}]}}