{"id":44893,"date":"2024-11-25T11:38:22","date_gmt":"2024-11-25T10:38:22","guid":{"rendered":"https:\/\/www.monempresarial.com\/2024\/11\/25\/el-impacto-de-la-opa-bbva-banco-sabadell\/"},"modified":"2024-11-25T12:15:37","modified_gmt":"2024-11-25T11:15:37","slug":"limpacte-de-lopa-bbva-banc-sabadell","status":"publish","type":"post","link":"https:\/\/www.monempresarial.com\/ca\/2024\/11\/25\/limpacte-de-lopa-bbva-banc-sabadell\/","title":{"rendered":"L\u2019impacte  de l\u2019opa<BR>BBVA-Banc Sabadell"},"content":{"rendered":"<p><strong>En els darrers mesos molts actors econ\u00f2mics i socials han mostrat la seva preocupaci\u00f3 en relaci\u00f3 amb l\u2019opa del BBVA al Banc Sabadell. En aquesta l\u00ednia, l\u2019Observatori de la PIME de PIMEC ha elaborat un informe amb l\u2019objectiu d\u2019avaluar com aquesta concentraci\u00f3 pot afectar la compet\u00e8ncia banc\u00e0ria, la disponibilitat de cr\u00e8dit, la xarxa d\u2019oficines i l\u2019ocupaci\u00f3 en el sector.<\/strong><\/p>\n<p><strong><span style=\"color: #333399;\">L\u2019OBSERVATORI DE LA PIME DE CATALUNYA<\/span><\/strong><\/p>\n<hr \/>\n<p>Entre les dades que s\u2019inclouen en l\u2019informe en destaquem les seg\u00fcents:<\/p>\n<p><strong><span style=\"color: #333399;\">IMPACTE EN LA COMPET\u00c8NCIA BANC\u00c0RIA<\/span><\/strong><br \/>\nLa fusi\u00f3 tindria un impacte significatiu en la compet\u00e8ncia del sector bancari a Catalunya. Com s\u2019inclou en l\u2019informe fet per l\u2019ACCO (Autoritat Catalana de la Compet\u00e8ncia), l\u2019augment de l\u2019\u00edndex Herfindahl-Hirschman (IHH) en 599 punts, fins a 2.888, indica un risc important per a la compet\u00e8ncia. <strong><span style=\"color: #333399;\">L\u2019\u00edndex IHH \u00e9s una mesura utilitzada per avaluar la compet\u00e8ncia<\/span><\/strong>. Un valor superior a 2.000 i un increment de l\u2019\u00edndex de 150 punts o m\u00e9s indica un mercat molt concentrat amb poca compet\u00e8ncia, mentre que un valor baix indica el contrari.<\/p>\n<p>Per altra banda, si tira endavant la fusi\u00f3, els dos principals bancs, CaixaBank i la nova entitat resultant de BBVA-Banc Sabadell, controlarien el 73,7% de les oficines banc\u00e0ries, fet que reduiria la diversitat d\u2019oferta i podria deteriorar la qualitat dels serveis per a empreses i consumidors. (<strong><span style=\"color: #333399;\">vegeu quadre 1<\/span><\/strong>).<\/p>\n<p><img decoding=\"async\" loading=\"lazy\" class=\"aligncenter wp-image-44876 \" src=\"https:\/\/www.monempresarial.com\/wp-content\/uploads\/2024\/11\/cuadro-1-cat.jpg\" alt=\"\" width=\"490\" height=\"289\" srcset=\"https:\/\/www.monempresarial.com\/wp-content\/uploads\/2024\/11\/cuadro-1-cat.jpg 676w, https:\/\/www.monempresarial.com\/wp-content\/uploads\/2024\/11\/cuadro-1-cat-300x177.jpg 300w, https:\/\/www.monempresarial.com\/wp-content\/uploads\/2024\/11\/cuadro-1-cat-600x354.jpg 600w\" sizes=\"(max-width: 490px) 100vw, 490px\" \/><br \/>\nAquest increment de la concentraci\u00f3 en el sector bancari \u00e9s especialment problem\u00e0tic en un entorn on les pimes ja experimenten dificultats per accedir a serveis financers competitius. A m\u00e9s a m\u00e9s, <strong><span style=\"color: #333399;\">la disminuci\u00f3 de la compet\u00e8ncia pot portar a un augment de les comissions banc\u00e0ries i una menor remuneraci\u00f3 dels dip\u00f2sits<\/span><\/strong>, que afecti tant empreses com particulars.<\/p>\n<blockquote>\n<h4><span style=\"color: #333399;\">Si tira endavant la fusi\u00f3, <\/span><span style=\"color: #333399;\">els dos principals bancs, CaixaBank i la nova entitat resultant de BBVA-Banc Sabadell, controlarien el 73,7% de les oficines banc\u00e0ries<\/span><\/h4>\n<\/blockquote>\n<p><span style=\"color: #333399;\"><strong>DISPONIBILITAT DE CR\u00c8DIT<\/strong><\/span><br \/>\nUn altre efecte de la fusi\u00f3 \u00e9s la reducci\u00f3 de la disponibilitat de cr\u00e8dit. Segons l\u2019informe, que ha analitzat el que ha succe\u00eft en anteriors fusions banc\u00e0ries, la concentraci\u00f3 podria reduir la compet\u00e8ncia i augmentar el poder de mercat de les entitats resultants, amb una disminuci\u00f3 del cr\u00e8dit estimada en un 8% (equivalent a 54.393 milions d\u2019euros) (<span style=\"color: #333399;\"><strong>vegeu quadre 2<\/strong><\/span>).<img decoding=\"async\" loading=\"lazy\" class=\"aligncenter wp-image-44880 size-full\" src=\"https:\/\/www.monempresarial.com\/wp-content\/uploads\/2024\/11\/cuadro-2-cat.jpg\" alt=\"\" width=\"993\" height=\"418\" srcset=\"https:\/\/www.monempresarial.com\/wp-content\/uploads\/2024\/11\/cuadro-2-cat.jpg 993w, https:\/\/www.monempresarial.com\/wp-content\/uploads\/2024\/11\/cuadro-2-cat-300x126.jpg 300w, https:\/\/www.monempresarial.com\/wp-content\/uploads\/2024\/11\/cuadro-2-cat-600x253.jpg 600w, https:\/\/www.monempresarial.com\/wp-content\/uploads\/2024\/11\/cuadro-2-cat-750x316.jpg 750w\" sizes=\"(max-width: 993px) 100vw, 993px\" \/><\/p>\n<p>Aquesta reducci\u00f3 dificultaria l\u2019acc\u00e9s al cr\u00e8dit i elevaria el cost financer dels pr\u00e9stecs, alhora que perjudicaria la inversi\u00f3 i el creixement del teixit empresarial. Sobre aquesta q\u00fcesti\u00f3,<strong><span style=\"color: #333399;\"> el BBVA ha informat que no es produir\u00e0 una reducci\u00f3 del cr\u00e8dit<\/span><\/strong> sin\u00f3 tot el contrari, ja que esperen augmentar el cr\u00e8dit conjunt de les dos entitats a Espanya en 5.000 milions d\u2019euros.<\/p>\n<p><strong><span style=\"color: #333399;\">REDUCCI\u00d3 D\u2019OFICINES I P\u00c8RDUA D\u2019OCUPACI\u00d3<\/span><\/strong><br \/>\nLa fusi\u00f3 implicaria tamb\u00e9 una reducci\u00f3 significativa de la xarxa d\u2019oficines de Banc Sabadell i BBVA. Es preveu el tancament de fins a 883 oficines al conjunt d\u2019Espanya, de les quals entre 174 i 261 es localitzarien a Catalunya. Aquesta disminuci\u00f3 no nom\u00e9s reduiria l\u2019accessibilitat als serveis bancaris, sin\u00f3 que tamb\u00e9 implicaria una p\u00e8rdua de llocs de treball significativa, amb una estimaci\u00f3 de p\u00e8rdua d\u2019entre 7.685 i 10.567 llocs de treball. Sobre aquesta q\u00fcesti\u00f3, cal tenir en compte que <strong><span style=\"color: #333399;\">BBVA ha fet p\u00fablic que les oficines que es tancaran seran nom\u00e9s 300<\/span><\/strong> (<strong><span style=\"color: #333399;\">vegeu quadre 3<\/span><\/strong>).<\/p>\n<p><img decoding=\"async\" loading=\"lazy\" class=\"aligncenter wp-image-44884 size-full\" src=\"https:\/\/www.monempresarial.com\/wp-content\/uploads\/2024\/11\/cuadro-3-cat.jpg\" alt=\"\" width=\"1004\" height=\"340\" srcset=\"https:\/\/www.monempresarial.com\/wp-content\/uploads\/2024\/11\/cuadro-3-cat.jpg 1004w, https:\/\/www.monempresarial.com\/wp-content\/uploads\/2024\/11\/cuadro-3-cat-300x102.jpg 300w, https:\/\/www.monempresarial.com\/wp-content\/uploads\/2024\/11\/cuadro-3-cat-600x203.jpg 600w, https:\/\/www.monempresarial.com\/wp-content\/uploads\/2024\/11\/cuadro-3-cat-750x254.jpg 750w\" sizes=\"(max-width: 1004px) 100vw, 1004px\" \/><\/p>\n<p>Aquesta reducci\u00f3 de la xarxa d\u2019oficines afecta especialment les zones rurals i menys poblades, on la pres\u00e8ncia d\u2019oficines banc\u00e0ries ja \u00e9s limitada. A m\u00e9s, <span style=\"color: #333399;\"><strong>la p\u00e8rdua de llocs de treball no nom\u00e9s afecta directament els treballadors del sector, sin\u00f3 que tamb\u00e9 t\u00e9 implicacions per a l\u2019economia local<\/strong><\/span>, ja que es redueix el consum i l\u2019activitat econ\u00f2mica en aquestes zones. Els treballadors acomiadats poden tenir dificultats per reincorporar-se al mercat laboral, especialment en \u00e0rees amb una menor oferta d\u2019ocupaci\u00f3.<\/p>\n<p><span style=\"color: #333399;\"><strong>CONCLUSIONS<\/strong><\/span><br \/>\nEn resum, la fusi\u00f3 entre BBVA i Banc Sabadell pot augmentar la concentraci\u00f3 banc\u00e0ria, reduir la compet\u00e8ncia i encarir els serveis, a m\u00e9s de causar p\u00e8rdua d\u2019oficines i llocs de treball amb efectes negatius. Per minimitzar aquests efectes, \u00e9s essencial que les autoritats reguladores adoptin mesures per garantir una compet\u00e8ncia efectiva. Caldr\u00e0 establir controls i condicions per a la fusi\u00f3, que assegurin un comprom\u00eds ferm amb els interessos de totes les parts interessades. Nom\u00e9s aix\u00ed es podr\u00e0 garantir que la concentraci\u00f3 no perjudiqui el teixit econ\u00f2mic i social, contribuint a una economia m\u00e9s equilibrada i competitiva<\/p>\n","protected":false},"excerpt":{"rendered":"<p>En els darrers mesos molts actors econ\u00f2mics i socials han mostrat la seva preocupaci\u00f3 en relaci\u00f3 amb l\u2019opa del BBVA al Banc Sabadell. En aquesta l\u00ednia, l\u2019Observatori de la PIME de PIMEC ha elaborat un informe amb l\u2019objectiu d\u2019avaluar com aquesta concentraci\u00f3 pot afectar la compet\u00e8ncia banc\u00e0ria, la disponibilitat de cr\u00e8dit, la xarxa d\u2019oficines i l\u2019ocupaci\u00f3 en el sector.<\/p>\n","protected":false},"author":149,"featured_media":44888,"comment_status":"closed","ping_status":"closed","sticky":false,"template":"","format":"standard","meta":{"_mi_skip_tracking":false,"mc4wp_mailchimp_campaign":[],"jnews-multi-image_gallery":[],"jnews_single_post":{"source_name":"","source_url":"","via_name":"","via_url":"","override_template":"0","override":[{"template":"1","single_blog_custom":"","parallax":"1","fullscreen":"1","layout":"right-sidebar","sidebar":"default-sidebar","second_sidebar":"default-sidebar","sticky_sidebar":"1","share_position":"bottom","share_float_style":"share-monocrhome","show_share_counter":"1","show_view_counter":"1","show_featured":"1","show_post_meta":"1","show_post_author":"1","show_post_author_image":"1","show_post_date":"1","post_date_format":"default","post_date_format_custom":"Y\/m\/d","show_post_category":"0","show_post_reading_time":"1","post_reading_time_wpm":"300","show_zoom_button":"0","zoom_button_out_step":"2","zoom_button_in_step":"3","show_post_tag":"1","show_prev_next_post":"0","show_popup_post":"1","number_popup_post":"2","show_author_box":"1","show_post_related":"1","show_inline_post_related":"1"}],"override_image_size":"0","image_override":[{"single_post_thumbnail_size":"crop-715","single_post_gallery_size":"crop-500"}],"trending_post":"0","trending_post_position":"meta","trending_post_label":"Trending","sponsored_post":"0","sponsored_post_label":"Sponsored by","sponsored_post_name":"","sponsored_post_url":"","sponsored_post_logo_enable":"0","sponsored_post_logo":"","sponsored_post_desc":"","disable_ad":"0"},"jnews_primary_category":{"id":"10720","hide":""}},"categories":[10820,10819,10828],"tags":[907,11252,11412,11457],"_links":{"self":[{"href":"https:\/\/www.monempresarial.com\/ca\/wp-json\/wp\/v2\/posts\/44893"}],"collection":[{"href":"https:\/\/www.monempresarial.com\/ca\/wp-json\/wp\/v2\/posts"}],"about":[{"href":"https:\/\/www.monempresarial.com\/ca\/wp-json\/wp\/v2\/types\/post"}],"author":[{"embeddable":true,"href":"https:\/\/www.monempresarial.com\/ca\/wp-json\/wp\/v2\/users\/149"}],"replies":[{"embeddable":true,"href":"https:\/\/www.monempresarial.com\/ca\/wp-json\/wp\/v2\/comments?post=44893"}],"version-history":[{"count":2,"href":"https:\/\/www.monempresarial.com\/ca\/wp-json\/wp\/v2\/posts\/44893\/revisions"}],"predecessor-version":[{"id":44895,"href":"https:\/\/www.monempresarial.com\/ca\/wp-json\/wp\/v2\/posts\/44893\/revisions\/44895"}],"wp:featuredmedia":[{"embeddable":true,"href":"https:\/\/www.monempresarial.com\/ca\/wp-json\/wp\/v2\/media\/44888"}],"wp:attachment":[{"href":"https:\/\/www.monempresarial.com\/ca\/wp-json\/wp\/v2\/media?parent=44893"}],"wp:term":[{"taxonomy":"category","embeddable":true,"href":"https:\/\/www.monempresarial.com\/ca\/wp-json\/wp\/v2\/categories?post=44893"},{"taxonomy":"post_tag","embeddable":true,"href":"https:\/\/www.monempresarial.com\/ca\/wp-json\/wp\/v2\/tags?post=44893"}],"curies":[{"name":"wp","href":"https:\/\/api.w.org\/{rel}","templated":true}]}}