{"id":45112,"date":"2025-03-10T12:03:48","date_gmt":"2025-03-10T11:03:48","guid":{"rendered":"https:\/\/www.monempresarial.com\/2025\/03\/10\/dmtforum-2025-la-evolucion-en-los-servicios-digitales\/"},"modified":"2025-03-10T12:15:18","modified_gmt":"2025-03-10T11:15:18","slug":"dmtforum-2025-la-evolucion-en-los-servicios-digitales","status":"publish","type":"post","link":"https:\/\/www.monempresarial.com\/ca\/2025\/03\/10\/dmtforum-2025-la-evolucion-en-los-servicios-digitales\/","title":{"rendered":"DMT f\u00f2rum 2025: L\u2019evoluci\u00f3 al serveis digitals"},"content":{"rendered":"<p><img decoding=\"async\" loading=\"lazy\" class=\"wp-image-45107 alignright\" src=\"https:\/\/www.monempresarial.com\/wp-content\/uploads\/2025\/03\/LOGO-300x87.jpg\" alt=\"\" width=\"183\" height=\"53\" srcset=\"https:\/\/www.monempresarial.com\/wp-content\/uploads\/2025\/03\/LOGO-300x87.jpg 300w, https:\/\/www.monempresarial.com\/wp-content\/uploads\/2025\/03\/LOGO-350x103.jpg 350w, https:\/\/www.monempresarial.com\/wp-content\/uploads\/2025\/03\/LOGO.jpg 357w\" sizes=\"(max-width: 183px) 100vw, 183px\" \/><strong>El pr\u00f2xim 20 de maig tindr\u00e0 lloc a la seu de la <a href=\"https:\/\/www.cnmc.es\/\"><span style=\"color: #000080;\">CMNC<\/span><\/a>\u00a0 el DMT f\u00f2rum 2025 que organitza <a href=\"http:\/\/www.feceminte.cat\/\"><span style=\"color: #000080;\">Feceminte<\/span><\/a>,\u00a0 dedicat a la transformaci\u00f3 digital en el sector de les telecomunicacions.<\/strong><\/p>\n<hr \/>\n<p>L&#8217;esdeveniment comptar\u00e0 amb la participaci\u00f3 de destacats professionals del sector i inclour\u00e0 di\u00e0legs sobre les tend\u00e8ncies emergents i els nous models de negoci.<\/p>\n<p><span style=\"color: #000080;\"><strong>PROGRAMA DE L&#8217;ACTE<img decoding=\"async\" loading=\"lazy\" class=\"size-full wp-image-45105 alignright\" src=\"https:\/\/www.monempresarial.com\/wp-content\/uploads\/2025\/03\/NOTICIA.jpg\" alt=\"\" width=\"270\" height=\"191\" srcset=\"https:\/\/www.monempresarial.com\/wp-content\/uploads\/2025\/03\/NOTICIA.jpg 270w, https:\/\/www.monempresarial.com\/wp-content\/uploads\/2025\/03\/NOTICIA-120x86.jpg 120w\" sizes=\"(max-width: 270px) 100vw, 270px\" \/><\/strong><\/span><\/p>\n<p><span style=\"color: #000080;\">09:00 h. Fem un caf\u00e8! (Sala Can Tiana).<br \/>\n09:45 h. Benvinguda i inauguraci\u00f3 (Auditori).<br \/>\n10:10 h. Di\u00e0leg: TELCOS, del servei de veu i dades als serveis digitals avan\u00e7ats (Auditori).<br \/>\n10:50 h. Pausa.<br \/>\n11:00 h. Di\u00e0leg: Evoluci\u00f3 cap a nous models de negoci (Auditori).<br \/>\n12:15 h. Clausura institucional (Auditori).<br \/>\n12:40 h. Lliurament XXIV Premis Connexi\u00f3 (Sala Can Tiana).<br \/>\n13:00 h. Aperitiu (Sala Can Tiana).<br \/>\n14:30 h. Fi de l\u2019acte.<br \/>\n<\/span><\/p>\n<p>Aquest esdeveniment \u00e9s una oportunitat \u00fanica per a professionals del sector per a con\u00e8ixer les \u00faltimes tend\u00e8ncies i establir interessants connexions.<\/p>\n<p>Donen suport a l\u2019esdeveniment <a href=\"https:\/\/adamo.es\/es\"><span style=\"color: #000080;\">Adamo<\/span><\/a>, <span style=\"color: #000080;\"><a style=\"color: #000080;\" href=\"https:\/\/airenetworks.es\/\">Aire Networks<\/a><\/span>,<span style=\"color: #000080;\"> <a style=\"color: #000080;\" href=\"https:\/\/onivia.net\/es\/\">Onivia<\/a><\/span>, <span style=\"color: #000080;\"><a style=\"color: #000080;\" href=\"https:\/\/www.ptvtelecom.com\/\">PTV Telecom<\/a><\/span> i la <span style=\"color: #000080;\"><a style=\"color: #000080;\" href=\"https:\/\/www.xarxaoberta.cat\/\">Xarxa Oberta de Catalunya<\/a> <\/span>, i les institucions governamentals i empresarials.<\/p>\n<p>Us hi esperem!<\/p>\n<p><span style=\"color: #000080;\"><strong>DMTforum 2025 y XIV Premis Connexi\u00f3<\/strong><\/span><\/p>\n<p><strong><span style=\"color: #000080;\">Quan:<\/span> <\/strong>Dimarts, 20 de maig de 9.00 a 14.30 hores.<\/p>\n<p><span style=\"color: #000080;\"><strong>On:<\/strong> <\/span>Espai Can Tiana de la CMNC, c\/ Bol\u00edvia, 58 &#8211; Barcelona<\/p>\n","protected":false},"excerpt":{"rendered":"<p>El pr\u00f2xim 20 de maig al trobada de les empreses del sector<\/p>\n","protected":false},"author":2,"featured_media":45110,"comment_status":"closed","ping_status":"closed","sticky":false,"template":"","format":"standard","meta":{"_mi_skip_tracking":false,"mc4wp_mailchimp_campaign":[],"jnews-multi-image_gallery":[],"jnews_single_post":{"source_name":"","source_url":"","via_name":"","via_url":"","override_template":"0","override":[{"template":"1","single_blog_custom":"","parallax":"1","fullscreen":"1","layout":"right-sidebar","sidebar":"default-sidebar","second_sidebar":"default-sidebar","sticky_sidebar":"1","share_position":"bottom","share_float_style":"share-monocrhome","show_share_counter":"1","show_view_counter":"1","show_featured":"1","show_post_meta":"1","show_post_author":"1","show_post_author_image":"1","show_post_date":"1","post_date_format":"default","post_date_format_custom":"Y\/m\/d","show_post_category":"0","show_post_reading_time":"1","post_reading_time_wpm":"300","show_zoom_button":"0","zoom_button_out_step":"2","zoom_button_in_step":"3","show_post_tag":"1","show_prev_next_post":"0","show_popup_post":"1","number_popup_post":"2","show_author_box":"1","show_post_related":"1","show_inline_post_related":"1"}],"override_image_size":"0","image_override":[{"single_post_thumbnail_size":"crop-715","single_post_gallery_size":"crop-500"}],"trending_post":"0","trending_post_position":"meta","trending_post_label":"Trending","sponsored_post":"0","sponsored_post_label":"Sponsored by","sponsored_post_name":"","sponsored_post_url":"","sponsored_post_logo_enable":"0","sponsored_post_logo":"","sponsored_post_desc":"","disable_ad":"0"},"jnews_primary_category":{"id":"tecnolog\u00eda","hide":""}},"categories":[10833,10838],"tags":[5144,7137,11463],"_links":{"self":[{"href":"https:\/\/www.monempresarial.com\/ca\/wp-json\/wp\/v2\/posts\/45112"}],"collection":[{"href":"https:\/\/www.monempresarial.com\/ca\/wp-json\/wp\/v2\/posts"}],"about":[{"href":"https:\/\/www.monempresarial.com\/ca\/wp-json\/wp\/v2\/types\/post"}],"author":[{"embeddable":true,"href":"https:\/\/www.monempresarial.com\/ca\/wp-json\/wp\/v2\/users\/2"}],"replies":[{"embeddable":true,"href":"https:\/\/www.monempresarial.com\/ca\/wp-json\/wp\/v2\/comments?post=45112"}],"version-history":[{"count":2,"href":"https:\/\/www.monempresarial.com\/ca\/wp-json\/wp\/v2\/posts\/45112\/revisions"}],"predecessor-version":[{"id":45114,"href":"https:\/\/www.monempresarial.com\/ca\/wp-json\/wp\/v2\/posts\/45112\/revisions\/45114"}],"wp:featuredmedia":[{"embeddable":true,"href":"https:\/\/www.monempresarial.com\/ca\/wp-json\/wp\/v2\/media\/45110"}],"wp:attachment":[{"href":"https:\/\/www.monempresarial.com\/ca\/wp-json\/wp\/v2\/media?parent=45112"}],"wp:term":[{"taxonomy":"category","embeddable":true,"href":"https:\/\/www.monempresarial.com\/ca\/wp-json\/wp\/v2\/categories?post=45112"},{"taxonomy":"post_tag","embeddable":true,"href":"https:\/\/www.monempresarial.com\/ca\/wp-json\/wp\/v2\/tags?post=45112"}],"curies":[{"name":"wp","href":"https:\/\/api.w.org\/{rel}","templated":true}]}}