{"id":45142,"date":"2025-03-21T10:04:02","date_gmt":"2025-03-21T09:04:02","guid":{"rendered":"https:\/\/www.monempresarial.com\/2025\/03\/21\/2025-duelo-de-titanes-de-nuevo\/"},"modified":"2025-03-21T10:22:41","modified_gmt":"2025-03-21T09:22:41","slug":"2025-duelo-de-titanes-de-nuevo","status":"publish","type":"post","link":"https:\/\/www.monempresarial.com\/ca\/2025\/03\/21\/2025-duelo-de-titanes-de-nuevo\/","title":{"rendered":"2025: Duel de titans\u2026 de nou"},"content":{"rendered":"<p><strong>Al llarg de la hist\u00f2ria els avan\u00e7os tecnol\u00f2gics i la geopol\u00edtica, a vegades, han coincidit a fomentar prosperitat, per\u00f2, en d\u2019altres, han actuat en sentits oposats, fet que ha provocat tensions de diversa gravetat. Quina ser\u00e0 la conjunci\u00f3 de totes dues forces aquest 2025?<\/strong><\/p>\n<h4><strong><span style=\"color: #333399;\">JUAN TUGORES QUES.<\/span> Catedr\u00e0tic d\u2019Economia de la UB<\/strong><\/h4>\n<hr \/>\n<p>Quan s\u2019utilitza l\u2019expressi\u00f3 \u201cduel de titans\u201d en l\u2019esfera internacional recent, la primera refer\u00e8ncia \u00e9s, gaireb\u00e9 inevitablement, la pugna per l\u2019hegemonia mundial que de forma cada vegada m\u00e9s oberta mantenen els Estats Units i la Xina. Des del 2015, amb el pla \u201cMade in China 2025\u201d, poc despr\u00e9s de l\u2019arribada a la presid\u00e8ncia de l\u2019actual lideratge al pa\u00eds asi\u00e0tic, es va explicitar l\u2019objecte d\u2019aconseguir el lideratge per al cap de deu anys, que es compleixen ara, en \u00e0mbits tecnol\u00f2gics considerats claus per a l\u2019hegemonia econ\u00f2mica i pol\u00edtica. Amb la mateixa rotunditat, les campanyes electorals que van portar l\u2019actual president dels Estats Units al c\u00e0rrec, tant el 2016 com el 2024, es van basar en el manteniment \u2013com a m\u00ednim\u2013 de la posici\u00f3 de lideratge ostentada des de la Segona Guerra Mundial per aquest pa\u00eds. Aquest obvi \u201cduel de titans\u201d ser\u00e0, sens dubte, un aspecte central del que passi aquest 2025, amb impactes m\u00e9s que col\u00b7laterals sobretot el planeta.<\/p>\n<p><img decoding=\"async\" loading=\"lazy\" class=\"aligncenter wp-image-45119 size-full\" src=\"https:\/\/www.monempresarial.com\/wp-content\/uploads\/2025\/03\/CUADRO-1-cat.jpg\" alt=\"\" width=\"648\" height=\"354\" srcset=\"https:\/\/www.monempresarial.com\/wp-content\/uploads\/2025\/03\/CUADRO-1-cat.jpg 648w, https:\/\/www.monempresarial.com\/wp-content\/uploads\/2025\/03\/CUADRO-1-cat-300x164.jpg 300w, https:\/\/www.monempresarial.com\/wp-content\/uploads\/2025\/03\/CUADRO-1-cat-600x328.jpg 600w\" sizes=\"(max-width: 648px) 100vw, 648px\" \/><\/p>\n<p>Per dotar de context aquesta pugna, potser \u00e9s interessant referir-nos a les tensions entre dues de les principals forces que han funcionat al llarg de la hist\u00f2ria de la humanitat, a vegades col\u00b7laborant, a vegades contraposant-se. D\u2019una banda, els avan\u00e7os cient\u00edfics i tecnol\u00f2gics que han anat possibilitant millores en els nivells de vida, que faciliten no sols accedir a majors nivells de producci\u00f3 de b\u00e9ns i serveis, sin\u00f3, sovint, tamb\u00e9 noves formes de connexions, de comunicacions i transports, no sols de mercaderies, sin\u00f3 de persones i idees. I d\u2019altra banda, les realitats geopol\u00edtiques que a vegades han facilitat aquestes connexions per\u00f2 que, en altres casos, han generat barreres artificials que han dificultat o bloquejat el que la tecnologia possibilitava. Des d\u2019aquesta perspectiva els avan\u00e7os en la globalitzaci\u00f3 des de les \u00faltimes d\u00e8cades del segle XX van suposar una conjunci\u00f3 entre millores tecnol\u00f2giques en transports i comunicaci\u00f3 acompanyades per unes pol\u00edtiques en conjunt favorables a les connexions internacionals, mentre que en els \u00faltims temps la reaparici\u00f3 de tensions geoestrat\u00e8giques estaria evidenciant l\u2019\u201caltra cara\u201d de la relaci\u00f3 tecnologia-geopol\u00edtica, amb creixents evid\u00e8ncies de proteccionisme, fragmentacions, recels als mercats oberts, reaparici\u00f3 de fronteres de tota mena, sancions, bloquejos i fins i tot guerres. I, en aquesta mateixa l\u00f2gica, gran part de l\u2019expectaci\u00f3 que suscita el 2025 es pot interpretar en termes d\u2019una nova fase de confrontaci\u00f3 entre avan\u00e7os tecnol\u00f2gics espectaculars, incloent-hi (per\u00f2 no exclusivament) la intel\u00b7lig\u00e8ncia artificial, i una geopol\u00edtica m\u00e9s de confrontaci\u00f3 i de fragmentaci\u00f3 que d\u2019integraci\u00f3. Seran els avan\u00e7os recents la nova \u201cinternet\u201d compartida o, per contra, es tractaran de formulacions agressives d\u2019uns davant (contra) uns altres?<\/p>\n<blockquote>\n<h4><span style=\"color: #333399;\">Per dotar de context aquesta pugna, potser \u00e9s interessant referir-nos a les tensions entre dues de les principals forces que han funcionat <\/span><span style=\"color: #333399;\">al llarg de la hist\u00f2ria<\/span><\/h4>\n<\/blockquote>\n<p>La impredictibilitat de les actuacions i respostes dels principals actors el 2025 complica les tasques d\u2019an\u00e0lisis i prospectiva. S\u2019esgoten les formulacions sobre com el \u201cfactor hum\u00e0\u201d, la idiosincr\u00e0sia dels lideratges singulars amb creixent protagonisme el 2025, obliga a \u201cmodular\u201d (siguem prudents) els enfocaments en termes d\u2019estricta racionalitat. La \u201cteoria de jocs\u201d, els plantejaments m\u00e9s sofisticats de comportaments estrat\u00e8gics, va per lliure\u2026 Per\u00f2 conv\u00e9 recordar que aquesta \u201clluita de titans\u201d entre tecnologia i geopol\u00edtica ja ha produ\u00eft episodis interessants en el passat, dels quals potser podr\u00edem extreure alguna lli\u00e7\u00f3 o moralitat. Una comparaci\u00f3 cada vegada m\u00e9s freq\u00fcent entre els qui es refereixen al \u201cdeclivi d\u2019occident\u201d \u2013i m\u00e9s en concret sovint al de l\u2019\u201cimperi\u201d estatunidenc\u2013 \u00e9s el paral\u00b7lelisme amb la caiguda de l\u2019imperi rom\u00e0, un llarg proc\u00e9s en qu\u00e8 (la degradaci\u00f3 de) els aspectes de valors sociopol\u00edtics i culturals i les dimensions demogr\u00e0fiques (evoluci\u00f3 comparativa de natalitats i fluxos migratoris) van exercir un paper equiparable a les dimensions econ\u00f2miques, pol\u00edtiques i militars. El resultat va ser, en tot cas, que el que podr\u00edem denominar el \u201cmercat \u00fanic + moneda \u00fanica\u201d de la gran Roma (incloses les vies de comunicacions i la tradici\u00f3 jur\u00eddica que en bona part perduren) no es va poder mantenir davant les noves tensions geopol\u00edtiques que van originar \u201cfragmentacions\u201d, en l\u2019expressi\u00f3 que torna a estar d\u2019actualitat. Aix\u00ed mateix, cal recordar com la \u201cRuta de la Seda\u201d, que durant segles va permetre una efica\u00e7 i fluida (per a la tecnologia de transports de l\u2019\u00e8poca) connexi\u00f3 que anava des de la Xina fins a les ciutats d\u2019Europa occidental (inclosa la Ven\u00e8cia de Marco Polo) passant per pr\u00f2spers punts intermedis a l\u2019\u00c0sia Central i a l\u2019Orient Mitj\u00e0, es va veure col\u00b7lapsada per friccions pol\u00edtiques i militars que la van fer impracticable. No \u00e9s casualitat que des de fa anys la iniciativa de la Xina per estendre la seva influ\u00e8ncia adopt\u00e9s la denominaci\u00f3 de la \u201cNova ruta de la Seda\u201d.<\/p>\n<blockquote>\n<h4><span style=\"color: #333399;\"><img decoding=\"async\" loading=\"lazy\" class=\" wp-image-45135 alignright\" src=\"https:\/\/www.monempresarial.com\/wp-content\/uploads\/2025\/03\/icono-1.jpg\" alt=\"\" width=\"122\" height=\"107\" \/>La impredictibilitat de les actuacions i respostes dels principals actors el 2025 complica les tasques d\u2019an\u00e0lisi i prospectiva<\/span><\/h4>\n<\/blockquote>\n<p>Per als que no vulguin anar tan lluny en el temps, \u00e9s instructiu recordar que els avan\u00e7os del segle XIX i principis del segle XX \u2013inclosos els ferrocarrils, els vaixells de vapor, el tel\u00e8graf, etc.\u2013 van propiciar el que alguns anomenen la \u201cprimera globalitzaci\u00f3\u201d, amb augments notables en els indicadors de connexions comercials i financeres, especialment des de les \u00faltimes d\u00e8cades del segle XIX. Aquesta din\u00e0mica semblava imparable fins que les tensions geopol\u00edtiques \u2013atiades per algun \u201cfactor hum\u00e0\u201d\u2013 la van frenar amb l\u2019esclat de la Primera Guerra Mundial. Fa poc, la directora de l\u2019FMI, C. Lagarde, presentava la d\u00e8cada dels anys 20 del segle passat precisament com una tensi\u00f3 entre la continu\u00eftat d\u2019uns avan\u00e7os que possibilitaven \u201cunir\/integrar\u201d m\u00e9s el m\u00f3n \u2013inclosos autom\u00f2bils, televisi\u00f3, aplicacions generalitzades de l\u2019electricitat\u2013, per\u00f2 en contraposici\u00f3 al repunt de tensions geopol\u00edtiques, rivalitats accentuades per altres \u201cfactors humans\u201d que van acabar conduint primer a una Gran Depressi\u00f3 i, poc despr\u00e9s, a la Segona Guerra Mundial.<\/p>\n<blockquote>\n<h4><span style=\"color: #333399;\"><img decoding=\"async\" loading=\"lazy\" class=\"wp-image-45137 alignright\" src=\"https:\/\/www.monempresarial.com\/wp-content\/uploads\/2025\/03\/icono-2.jpg\" alt=\"\" width=\"226\" height=\"107\" \/>Els avan\u00e7os del segle XIX i principis del segle XX \u2013inclosos els ferrocarrils, els vaixells de vapor, el tel\u00e8graf, etc.\u2013 van propiciar el que alguns anomenen la \u201cprimera globalitzaci\u00f3\u201d<\/span><\/h4>\n<\/blockquote>\n<p>Amb aquests precedents, podr\u00edem dir que la \u201cpugna de titans\u201d el 2025 ser\u00e0 principalment la que s\u2019est\u00e0 produint entre, d\u2019una banda, millores tecnol\u00f2giques que, adequadament utilitzades, propiciarien millorar nivells de vida i benestar, afrontar de manera cooperativa problemes que s\u00f3n intr\u00ednsecament supranacionals (inclosos els temes mediambientals i els riscos latents sobre la salut global) i, d\u2019altra banda, les evidents tensions i friccions geopol\u00edtiques que assoleixen el seu m\u00e0xim \u2013una altra lli\u00e7\u00f3 de la hist\u00f2ria\u2013 quan est\u00e0 en joc l\u2019hegemonia mundial, una cosa dif\u00edcil de compartir\u2026 Com se substanciar\u00e0 ara, en l\u2019escenari d\u2019aquest 2025, aquesta pugna? Quin paper tindr\u00e0 la racionalitat enfront dels vessants m\u00e9s viscerals i primaris del \u201cfactor hum\u00e0\u201d?<\/p>\n<p><img decoding=\"async\" loading=\"lazy\" class=\"aligncenter wp-image-45123 size-full\" src=\"https:\/\/www.monempresarial.com\/wp-content\/uploads\/2025\/03\/CUADRO-2-cat.jpg\" alt=\"\" width=\"643\" height=\"821\" srcset=\"https:\/\/www.monempresarial.com\/wp-content\/uploads\/2025\/03\/CUADRO-2-cat.jpg 643w, https:\/\/www.monempresarial.com\/wp-content\/uploads\/2025\/03\/CUADRO-2-cat-235x300.jpg 235w, https:\/\/www.monempresarial.com\/wp-content\/uploads\/2025\/03\/CUADRO-2-cat-600x766.jpg 600w, https:\/\/www.monempresarial.com\/wp-content\/uploads\/2025\/03\/CUADRO-2-cat-235x300@2x.jpg 470w\" sizes=\"(max-width: 643px) 100vw, 643px\" \/><\/p>\n<p><img decoding=\"async\" loading=\"lazy\" class=\"aligncenter wp-image-45127 size-full\" src=\"https:\/\/www.monempresarial.com\/wp-content\/uploads\/2025\/03\/CUADRO-3-cat.jpg\" alt=\"\" width=\"685\" height=\"374\" srcset=\"https:\/\/www.monempresarial.com\/wp-content\/uploads\/2025\/03\/CUADRO-3-cat.jpg 685w, https:\/\/www.monempresarial.com\/wp-content\/uploads\/2025\/03\/CUADRO-3-cat-300x164.jpg 300w, https:\/\/www.monempresarial.com\/wp-content\/uploads\/2025\/03\/CUADRO-3-cat-600x328.jpg 600w\" sizes=\"(max-width: 685px) 100vw, 685px\" \/><\/p>\n<p><img decoding=\"async\" loading=\"lazy\" class=\"aligncenter wp-image-45131 size-full\" src=\"https:\/\/www.monempresarial.com\/wp-content\/uploads\/2025\/03\/CUADRO-4-cat.jpg\" alt=\"\" width=\"683\" height=\"478\" srcset=\"https:\/\/www.monempresarial.com\/wp-content\/uploads\/2025\/03\/CUADRO-4-cat.jpg 683w, https:\/\/www.monempresarial.com\/wp-content\/uploads\/2025\/03\/CUADRO-4-cat-300x210.jpg 300w, https:\/\/www.monempresarial.com\/wp-content\/uploads\/2025\/03\/CUADRO-4-cat-600x420.jpg 600w\" sizes=\"(max-width: 683px) 100vw, 683px\" \/><\/p>\n","protected":false},"excerpt":{"rendered":"<p>Al llarg de la hist\u00f2ria els avan\u00e7os tecnol\u00f2gics i la geopol\u00edtica, a vegades, han coincidit a fomentar prosperitat, per\u00f2, en d\u2019altres, han actuat en sentits oposats, fet que ha provocat tensions de diversa gravetat. Quina ser\u00e0 la conjunci\u00f3 de totes dues forces aquest 2025?<\/p>\n","protected":false},"author":8,"featured_media":45139,"comment_status":"closed","ping_status":"closed","sticky":false,"template":"","format":"standard","meta":{"_mi_skip_tracking":false,"mc4wp_mailchimp_campaign":[],"jnews-multi-image_gallery":[],"jnews_single_post":{"source_name":"","source_url":"","via_name":"","via_url":"","override_template":"0","override":[{"template":"1","single_blog_custom":"","parallax":"1","fullscreen":"1","layout":"right-sidebar","sidebar":"default-sidebar","second_sidebar":"default-sidebar","sticky_sidebar":"1","share_position":"bottom","share_float_style":"share-monocrhome","show_share_counter":"1","show_view_counter":"1","show_featured":"1","show_post_meta":"1","show_post_author":"1","show_post_author_image":"1","show_post_date":"1","post_date_format":"default","post_date_format_custom":"Y\/m\/d","show_post_category":"0","show_post_reading_time":"1","post_reading_time_wpm":"300","show_zoom_button":"0","zoom_button_out_step":"2","zoom_button_in_step":"3","show_post_tag":"1","show_prev_next_post":"0","show_popup_post":"1","number_popup_post":"2","show_author_box":"1","show_post_related":"1","show_inline_post_related":"1"}],"override_image_size":"0","image_override":[{"single_post_thumbnail_size":"crop-715","single_post_gallery_size":"crop-500"}],"trending_post":"0","trending_post_position":"meta","trending_post_label":"Trending","sponsored_post":"0","sponsored_post_label":"Sponsored by","sponsored_post_name":"","sponsored_post_url":"","sponsored_post_logo_enable":"0","sponsored_post_logo":"","sponsored_post_desc":"","disable_ad":"0"},"jnews_primary_category":{"id":"10736","hide":""}},"categories":[10839,10840,10815,10729],"tags":[113,351,832,7730],"_links":{"self":[{"href":"https:\/\/www.monempresarial.com\/ca\/wp-json\/wp\/v2\/posts\/45142"}],"collection":[{"href":"https:\/\/www.monempresarial.com\/ca\/wp-json\/wp\/v2\/posts"}],"about":[{"href":"https:\/\/www.monempresarial.com\/ca\/wp-json\/wp\/v2\/types\/post"}],"author":[{"embeddable":true,"href":"https:\/\/www.monempresarial.com\/ca\/wp-json\/wp\/v2\/users\/8"}],"replies":[{"embeddable":true,"href":"https:\/\/www.monempresarial.com\/ca\/wp-json\/wp\/v2\/comments?post=45142"}],"version-history":[{"count":2,"href":"https:\/\/www.monempresarial.com\/ca\/wp-json\/wp\/v2\/posts\/45142\/revisions"}],"predecessor-version":[{"id":45144,"href":"https:\/\/www.monempresarial.com\/ca\/wp-json\/wp\/v2\/posts\/45142\/revisions\/45144"}],"wp:featuredmedia":[{"embeddable":true,"href":"https:\/\/www.monempresarial.com\/ca\/wp-json\/wp\/v2\/media\/45139"}],"wp:attachment":[{"href":"https:\/\/www.monempresarial.com\/ca\/wp-json\/wp\/v2\/media?parent=45142"}],"wp:term":[{"taxonomy":"category","embeddable":true,"href":"https:\/\/www.monempresarial.com\/ca\/wp-json\/wp\/v2\/categories?post=45142"},{"taxonomy":"post_tag","embeddable":true,"href":"https:\/\/www.monempresarial.com\/ca\/wp-json\/wp\/v2\/tags?post=45142"}],"curies":[{"name":"wp","href":"https:\/\/api.w.org\/{rel}","templated":true}]}}