{"id":45225,"date":"2025-04-01T03:44:26","date_gmt":"2025-04-01T01:44:26","guid":{"rendered":"https:\/\/www.monempresarial.com\/2025\/04\/01\/innovar-y-emprender-en-tiempos-de-soberania\/"},"modified":"2025-04-01T04:06:02","modified_gmt":"2025-04-01T02:06:02","slug":"innovar-i-emprendre-en-temps-de-sobirania","status":"publish","type":"post","link":"https:\/\/www.monempresarial.com\/ca\/2025\/04\/01\/innovar-i-emprendre-en-temps-de-sobirania\/","title":{"rendered":"Innovar i emprendre en temps de sobirania"},"content":{"rendered":"<p><strong>El 7 de juny de 1494 es va signar a Tordesillas un acord entre Portugal i Castella en el qual es va establir que les terres a m\u00e9s de 370 lleg\u00fces a l\u2019oest de Cap Verd serien de Castella i les de l\u2019est, de Portugal. Aix\u00f2 va donar lloc a un canvi en l\u2019ordre mundial d\u2019aquells temps, i la innovaci\u00f3 i tecnologia, en aquest cas, en l\u2019\u00e0mbit naval, van ser factors fonamentals. <\/strong><\/p>\n<h4><strong><span style=\"color: #000080;\">CARLES ABELL\u00c1N.<\/span> CEO QUSIDE<\/strong><\/h4>\n<hr \/>\n<p>L\u2019impacte de la innovaci\u00f3 i la tecnologia \u00e9s avui m\u00e9s vigent que mai. Ho vam viure recentment quan la falta de xips durant la pand\u00e8mia va paralitzar ind\u00fastries, des de l\u2019automoci\u00f3 fins a la dels electrodom\u00e8stics. Aquesta crisi va revelar la nostra depend\u00e8ncia a les cadenes de subministrament globals i la import\u00e0ncia de certes tecnologies.<\/p>\n<p>En aquest context, <span style=\"color: #000080;\">veiem un r\u00e0pid canvi de pol\u00edtiques de globalitzaci\u00f3 cap a pol\u00edtiques de sobirania<\/span>. La carrera per controlar tecnologies clau com la qu\u00e0ntica, els semiconductors o la intel\u00b7lig\u00e8ncia artificial est\u00e0 servida. No obstant aix\u00f2, i de la mateixa manera que castellans i portuguesos van dominar els mars despr\u00e9s d\u2019anys d\u2019inversi\u00f3 i emprenedoria,<span style=\"color: #000080;\"> la independ\u00e8ncia tecnol\u00f2gica requerir\u00e0 temps, inversi\u00f3 i talent. I, sobretot, molt\u00edssima innovaci\u00f3<\/span>.<\/p>\n<p>Un primer repte que se\u2019ns presenta s\u00f3n el temps i les expectatives. \u00c9s impossible aconseguir independ\u00e8ncia tecnol\u00f2gica sense finan\u00e7ar projectes de base cient\u00edfica, alt risc i altes necessitats de capital i talent. Com demostra el cas d\u2019ASML a Europa, es necessiten compromisos a mitj\u00e0-llarg termini, m\u00e9s enll\u00e0 de cicles pol\u00edtics quadriennals o comptes de resultats trimestrals.<\/p>\n<blockquote>\n<h4><span style=\"color: #000080;\"> \u00c9s impossible aconseguir independ\u00e8ncia tecnol\u00f2gica sense finan\u00e7ar projectes de base cient\u00edfica, alt risc i altes necessitats de capital i talent <\/span><\/h4>\n<\/blockquote>\n<p>Un altre repte crucial \u00e9s l\u2019escalabilitat. <span style=\"color: #000080;\">\u00c9s dif\u00edcil justificar inversions si l\u2019acc\u00e9s a mercats globals es veu limitat per restriccions regionals<\/span>. La innovaci\u00f3 tecnol\u00f2gica sempre ha buscat abast global. Qu\u00e8 passa quan cada regi\u00f3 prioritza la tecnologia local? Es replicaran inversions en diverses geografies, cadascuna limitada a la seva \u201cfrontera sobirana\u201d. \u00c9s compatible tenir un abast global i autonomia regional?<\/p>\n<p>Un \u00faltim repte sobre el qual reflexionar \u00e9s l\u2019efecte de la ciberseguretat. Qu\u00e8 hauria passat si el disseny de vaixells i rutes, que van requerir tanta inversi\u00f3, hagu\u00e9s estat accessible a qualsevol? Al segle XV, aquest coneixement trigava anys a filtrar.<span style=\"color: #000080;\"> Avui, una fallada de seguretat pot comprometre avantatges competitius en q\u00fcesti\u00f3 de segons.<\/span><\/p>\n<p>A Quside combinem tecnologies com la qu\u00e0ntica o els semiconductors per enfortir sistemes de seguretat i fer-los m\u00e9s eficients. Veiem en el nostre dia a dia els reptes de balancejar la sobirania tecnol\u00f2gica amb la cerca d\u2019un mercat global.<\/p>\n<p>La carrera per dominar tecnologies estrat\u00e8giques est\u00e0 servida. A pesar que soc una mica esc\u00e8ptic pel que fa a la viabilitat d\u2019una sobirania tecnol\u00f2gica completa, sobretot si \u00e9s a curt termini, estic conven\u00e7ut que desenvolupar una ind\u00fastria capdavantera i competitiva a escala global, centrada en la innovaci\u00f3, el talent i l\u2019emprenedoria, \u00e9s essencial per tenir un lloc en un entorn de codepend\u00e8ncia que, ben segur, ens acompanyar\u00e0 durant molts anys.<\/p>\n","protected":false},"excerpt":{"rendered":"<p>El 7 de juny de 1494 es va signar a Tordesillas un acord entre Portugal i Castella en el qual es va establir que les terres a m\u00e9s de 370 lleg\u00fces a l\u2019oest de Cap Verd serien de Castella i les de l\u2019est, de Portugal. Aix\u00f2 va donar lloc a un canvi en l\u2019ordre mundial d\u2019aquells temps, i la innovaci\u00f3 i tecnologia, en aquest cas, en l\u2019\u00e0mbit naval, van ser factors fonamentals. <\/p>\n","protected":false},"author":152,"featured_media":45221,"comment_status":"closed","ping_status":"closed","sticky":false,"template":"","format":"standard","meta":{"_mi_skip_tracking":false,"mc4wp_mailchimp_campaign":[],"jnews-multi-image_gallery":[],"jnews_single_post":{"source_name":"","source_url":"","via_name":"","via_url":"","override_template":"0","override":[{"template":"1","single_blog_custom":"","parallax":"1","fullscreen":"1","layout":"right-sidebar","sidebar":"default-sidebar","second_sidebar":"default-sidebar","sticky_sidebar":"1","share_position":"bottom","share_float_style":"share-monocrhome","show_share_counter":"1","show_view_counter":"1","show_featured":"1","show_post_meta":"1","show_post_author":"1","show_post_author_image":"1","show_post_date":"1","post_date_format":"default","post_date_format_custom":"Y\/m\/d","show_post_category":"0","show_post_reading_time":"1","post_reading_time_wpm":"300","show_zoom_button":"0","zoom_button_out_step":"2","zoom_button_in_step":"3","show_post_tag":"1","show_prev_next_post":"0","show_popup_post":"1","number_popup_post":"2","show_author_box":"1","show_post_related":"1","show_inline_post_related":"1"}],"override_image_size":"0","image_override":[{"single_post_thumbnail_size":"crop-715","single_post_gallery_size":"crop-500"}],"trending_post":"0","trending_post_position":"meta","trending_post_label":"Trending","sponsored_post":"0","sponsored_post_label":"Sponsored by","sponsored_post_name":"","sponsored_post_url":"","sponsored_post_logo_enable":"0","sponsored_post_logo":"","sponsored_post_desc":"","disable_ad":"0"},"jnews_primary_category":{"id":"11472","hide":""}},"categories":[10817,10833],"tags":[931,2529,6440],"_links":{"self":[{"href":"https:\/\/www.monempresarial.com\/ca\/wp-json\/wp\/v2\/posts\/45225"}],"collection":[{"href":"https:\/\/www.monempresarial.com\/ca\/wp-json\/wp\/v2\/posts"}],"about":[{"href":"https:\/\/www.monempresarial.com\/ca\/wp-json\/wp\/v2\/types\/post"}],"author":[{"embeddable":true,"href":"https:\/\/www.monempresarial.com\/ca\/wp-json\/wp\/v2\/users\/152"}],"replies":[{"embeddable":true,"href":"https:\/\/www.monempresarial.com\/ca\/wp-json\/wp\/v2\/comments?post=45225"}],"version-history":[{"count":2,"href":"https:\/\/www.monempresarial.com\/ca\/wp-json\/wp\/v2\/posts\/45225\/revisions"}],"predecessor-version":[{"id":45227,"href":"https:\/\/www.monempresarial.com\/ca\/wp-json\/wp\/v2\/posts\/45225\/revisions\/45227"}],"wp:featuredmedia":[{"embeddable":true,"href":"https:\/\/www.monempresarial.com\/ca\/wp-json\/wp\/v2\/media\/45221"}],"wp:attachment":[{"href":"https:\/\/www.monempresarial.com\/ca\/wp-json\/wp\/v2\/media?parent=45225"}],"wp:term":[{"taxonomy":"category","embeddable":true,"href":"https:\/\/www.monempresarial.com\/ca\/wp-json\/wp\/v2\/categories?post=45225"},{"taxonomy":"post_tag","embeddable":true,"href":"https:\/\/www.monempresarial.com\/ca\/wp-json\/wp\/v2\/tags?post=45225"}],"curies":[{"name":"wp","href":"https:\/\/api.w.org\/{rel}","templated":true}]}}