{"id":45333,"date":"2025-04-30T09:00:41","date_gmt":"2025-04-30T07:00:41","guid":{"rendered":"https:\/\/www.monempresarial.com\/2025\/04\/08\/la-curva-de-beveridge-un-analisis-de-la-relacion-entre-desempleo-y-vacantes-laborales-2\/"},"modified":"2025-04-30T11:29:27","modified_gmt":"2025-04-30T09:29:27","slug":"la-corba-de-beveridge-una-analisi-de-la-relacio-entre-desocupacio-i-vacants-laborals","status":"publish","type":"post","link":"https:\/\/www.monempresarial.com\/ca\/2025\/04\/30\/la-corba-de-beveridge-una-analisi-de-la-relacio-entre-desocupacio-i-vacants-laborals\/","title":{"rendered":"La corba de Beveridge: <br>una an\u00e0lisi de la relaci\u00f3 entre  desocupaci\u00f3 i vacants laborals"},"content":{"rendered":"<p><strong>La corba de Beveridge \u00e9s una representaci\u00f3 gr\u00e0fica que il\u00b7lustra la relaci\u00f3 inversa entre la taxa de desocupaci\u00f3 i la taxa de vacants laborals en una economia. Aquesta relaci\u00f3 es basa en l\u2019observaci\u00f3 que, en general, quan hi ha un alt nivell de desocupaci\u00f3, les vacants laborals tendeixen a ser baixes, i viceversa. <\/strong><\/p>\n<h4><strong><span style=\"color: #000080;\">FRANCISCO J. TATO JIM\u00c9NEZ.<\/span> Deg\u00e0 del Col\u00b7legi Professional d\u2019Economistes de Sevilla<\/strong><\/h4>\n<hr \/>\n<p>Aquest fenomen ha estat objecte d\u2019estudi en l\u2019economia laboral i ha estat fonamental per entendre la din\u00e0mica del mercat de treball.<\/p>\n<p><span style=\"color: #000080;\">La corba va ser anomenada aix\u00ed en honor a William Beveridge<\/span>, un economista brit\u00e0nic que, en el seu informe del 1942 sobre el benestar social al Regne Unit, va destacar la import\u00e0ncia de la creaci\u00f3 d\u2019ocupaci\u00f3 i la reducci\u00f3 de la desocupaci\u00f3. La relaci\u00f3 que descriu la corba es pot explicar a trav\u00e9s de diversos factors, incloent-hi la fricci\u00f3 en el mercat laboral, la qualitat de la informaci\u00f3 disponible per als treballadors i ocupadors i les habilitats requerides per als llocs vacants.<\/p>\n<p><span style=\"color: #000080;\">Un aspecte clau de la corba de Beveridge \u00e9s la capacitat per reflectir l\u2019efici\u00e8ncia del mercat laboral.<\/span> Un despla\u00e7ament cap a la dreta de la corba indica un augment en la taxa de vacants per a un nivell donat de desocupaci\u00f3, la qual cosa suggereix que hi ha m\u00e9s dificultat per omplir els llocs vacants. Aix\u00f2 pot ser resultat d\u2019un desajustament entre les habilitats dels treballadors desocupats (oferta) i les demandes dels ocupadors, fet que es coneix com a desocupaci\u00f3 estructural (PISSARIDES, 2000).<\/p>\n<blockquote>\n<h4><span style=\"color: #000080;\"><img decoding=\"async\" loading=\"lazy\" class=\"size-medium wp-image-45335 alignright\" src=\"https:\/\/www.monempresarial.com\/wp-content\/uploads\/2025\/04\/ICONO-300x97.jpg\" alt=\"\" width=\"300\" height=\"97\" srcset=\"https:\/\/www.monempresarial.com\/wp-content\/uploads\/2025\/04\/ICONO-300x97.jpg 300w, https:\/\/www.monempresarial.com\/wp-content\/uploads\/2025\/04\/ICONO-1024x331.jpg 1024w, https:\/\/www.monempresarial.com\/wp-content\/uploads\/2025\/04\/ICONO-600x194.jpg 600w, https:\/\/www.monempresarial.com\/wp-content\/uploads\/2025\/04\/ICONO-750x243.jpg 750w, https:\/\/www.monempresarial.com\/wp-content\/uploads\/2025\/04\/ICONO-1140x369.jpg 1140w, https:\/\/www.monempresarial.com\/wp-content\/uploads\/2025\/04\/ICONO.jpg 1249w\" sizes=\"(max-width: 300px) 100vw, 300px\" \/>\u00c9s important assenyalar que la corba de Beveridge no \u00e9s est\u00e0tica; pot canviar amb el temps per factors econ\u00f2mics, demogr\u00e0fics i tecnol\u00f2gics<\/span><\/h4>\n<\/blockquote>\n<p>D\u2019altra banda, un despla\u00e7ament cap a l\u2019esquerra de la corba pot indicar una millora en l\u2019efici\u00e8ncia del mercat laboral, en qu\u00e8 una menor taxa de desocupaci\u00f3 s\u2019associa amb una menor quantitat de llocs de treball disponibles. Aquest fenomen pot ser el resultat de pol\u00edtiques laborals efectives, una millor capacitaci\u00f3 dels treballadors (oferta) o una economia en creixement que genera m\u00e9s ocupacions (demanda) (BLANCHARD; DIAMOND, 1994).<\/p>\n<p>\u00c9s important assenyalar que la corba de Beveridge no \u00e9s est\u00e0tica; pot canviar amb el temps per factors econ\u00f2mics, demogr\u00e0fics i tecnol\u00f2gics. Per exemple, durant una recessi\u00f3 econ\u00f2mica, \u00e9s probable que la corba es desplaci cap a la dreta, per reflectir un augment en la desocupaci\u00f3 i una disminuci\u00f3 en els llocs de treball disponibles. <span style=\"color: #000080;\">En contrast, en per\u00edodes d\u2019expansi\u00f3 econ\u00f2mica, la corba pot despla\u00e7ar-se cap a l\u2019esquerra,<\/span> fet que indica una reducci\u00f3 en la desocupaci\u00f3 i un augment en la demanda laboral (DAVIS et al., 2012).<\/p>\n<p><span style=\"color: #000080;\">La pol\u00edtica econ\u00f2mica pot influir en la posici\u00f3 de la corba de Beveridge.<\/span> Les pol\u00edtiques que fomenten la formaci\u00f3 i capacitaci\u00f3 dels treballadors poden ajudar a reduir la desocupaci\u00f3 estructural i, per tant, despla\u00e7ar la corba cap a l\u2019esquerra. Aix\u00ed mateix, les pol\u00edtiques que milloren la informaci\u00f3 en el mercat laboral, com les plataformes d\u2019ocupaci\u00f3 en l\u00ednia, poden facilitar la connexi\u00f3 entre ocupadors i treballadors per optimitzar aix\u00ed l\u2019assignaci\u00f3 de recursos en el mercat laboral (KATZ; KRUEGER, 2016).<\/p>\n<p>En definitiva, la corba de Beveridge \u00e9s una eina fonamental per entendre la din\u00e0mica del mercat laboral. L\u2019an\u00e0lisi permet als economistes i responsables de pol\u00edtiques identificar desajustaments en el mercat laboral i dissenyar intervencions adequades per millorar-ne l\u2019efici\u00e8ncia. <span style=\"color: #000080;\">A mesura que les economies evolucionen, la corba de Beveridge continuar\u00e0 sent un indicador clau per avaluar la salut del mercat laboral i l\u2019efectivitat de les pol\u00edtiques implementades.<\/span><\/p>\n<p>Si ens fixem en el mercat laboral espanyol, molts han estat els factors que han influ\u00eft en la representaci\u00f3 de la corba de Beveridge. Pel que fa a la taxa de desocupaci\u00f3, Espanya ha experimentat una disminuci\u00f3 gradual d\u2019aquesta des dels pics aconseguits durant la crisi econ\u00f2mica del 2008 i la pand\u00e8mia de COVID-19. No obstant aix\u00f2, la taxa de desocupaci\u00f3 continua sent relativament alta en comparaci\u00f3 amb altres pa\u00efsos europeus, fet que podria situar Espanya en un punt de la corba de Beveridge en qu\u00e8 encara hi ha un nombre significatiu de llocs de treball que no es cobreixen.<\/p>\n<p>Pel que fa a les vacants laborals, a mesura que l\u2019economia s\u2019ha anat recuperant, se n\u2019ha observat un augment, especialment en sectors com la tecnologia, la salut i la construcci\u00f3. <span style=\"color: #000080;\">Aquest augment en les vacants pot reflectir un possible desajustament entre les habilitats dels treballadors desocupats i les demandes del mercat laboral<\/span>, la qual cosa despla\u00e7aria la corba de Beveridge cap a la dreta.<\/p>\n<blockquote>\n<h4><span style=\"color: #000080;\">La taxa de desocupaci\u00f3 continua sent relativament alta en comparaci\u00f3 amb altres pa\u00efsos europeus, fet que podria situar Espanya en un punt de la corba de Beveridge<\/span><\/h4>\n<\/blockquote>\n<p>Tot aix\u00f2 posa de manifest un desajustament estructural, que potser t\u00e9 l\u2019origen en la falta d\u2019habilitats espec\u00edfiques en la for\u00e7a laboral espanyola. Molts ocupadors reporten dificultats per trobar candidats adequats per a llocs vacants, la qual cosa suggereix que la corba de Beveridge podria estar despla\u00e7ada cap a la dreta, fet que indica una alta desocupaci\u00f3 tot i l\u2019exist\u00e8ncia de vacants.<\/p>\n<p>Aix\u00ed, les pol\u00edtiques laborals, a trav\u00e9s de les reformes implementades en els \u00faltims anys al nostre pa\u00eds, han buscat millorar la flexibilitat del mercat laboral i fomentar la creaci\u00f3 d\u2019ocupaci\u00f3. Tanmateix, l\u2019efecte d\u2019aquestes pol\u00edtiques no ha estat el desitjat, ja que si b\u00e9 ha tingut un impacte positiu en la reducci\u00f3 de la desocupaci\u00f3, no tant en la millora de la correspond\u00e8ncia entre vacants i treballadors, com per despla\u00e7ar la corba cap a l\u2019esquerra en el futur.<\/p>\n<p>Finalment, <span style=\"color: #000080;\">no hem d\u2019oblidar que la transformaci\u00f3 digital ha creat noves oportunitats d\u2019ocupaci\u00f3, per\u00f2 tamb\u00e9 ha portat a l\u2019obsolesc\u00e8ncia de certes habilitats<\/span>. Aix\u00f2 pot contribuir a un desajustament en el mercat laboral que afecta la posici\u00f3 de la corba de Beveridge.<\/p>\n<p>En definitiva, la representaci\u00f3 de la corba de Beveridge en el context actual del mercat laboral d\u2019Espanya el 2024 podria mostrar un desajustament significatiu, amb una taxa de desocupaci\u00f3 encara elevada en comparaci\u00f3 amb el nombre de vacants disponibles. Aquest fenomen ressalta la import\u00e0ncia d\u2019abordar les q\u00fcestions de formaci\u00f3 i capacitaci\u00f3 per millorar la correspond\u00e8ncia entre l\u2019oferta i la demanda d\u2019ocupaci\u00f3 al pa\u00eds.<\/p>\n<hr \/>\n<p><span style=\"font-size: 10px; color: #000080;\">Refer\u00e8ncies:<br \/>\n<\/span><span style=\"font-size: 10px; color: #000080;\">BLANCHARD, O.; DIAMOND, P. (1994). The Beveridge Curve. Brookings Papers on Economic Activity, 1-60.<\/span><br \/>\n<span style=\"font-size: 10px; color: #000080;\">DAVIS, S. J.; FABERMAN, R. J.; HALTIWANGER, J. C. (2012). Labor Market Flows in the Cross Section and Over Time. Journal of Labor Economics, 30(3), 497-532.<\/span><br \/>\n<span style=\"font-size: 10px; color: #000080;\">KATZ, L. F.; KRUEGER, A. B. (2016). \u00abThe Rise and Nature of Alternative Work Arrangements in the United States, 1995-2015\u00bb. NBER Working Paper, 22667.<\/span><br \/>\n<span style=\"font-size: 10px; color: #000080;\">PISSARIDES, C. A. (2000). Equilibrium Unemployment Theory. MIT Press.<\/span><\/p>\n","protected":false},"excerpt":{"rendered":"<p>La corba de Beveridge \u00e9s una representaci\u00f3 gr\u00e0fica que il\u00b7lustra la relaci\u00f3 inversa entre la taxa de desocupaci\u00f3 i la taxa de vacants laborals en una economia. Aquesta relaci\u00f3 es basa en l\u2019observaci\u00f3 que, en general, quan hi ha un alt nivell de desocupaci\u00f3, les vacants laborals tendeixen a ser baixes, i viceversa. <\/p>\n","protected":false},"author":42,"featured_media":45330,"comment_status":"closed","ping_status":"closed","sticky":false,"template":"","format":"standard","meta":{"_mi_skip_tracking":false,"mc4wp_mailchimp_campaign":[],"jnews-multi-image_gallery":[],"jnews_single_post":{"source_name":"","source_url":"","via_name":"","via_url":"","override_template":"0","override":[{"template":"1","single_blog_custom":"","parallax":"1","fullscreen":"1","layout":"right-sidebar","sidebar":"default-sidebar","second_sidebar":"default-sidebar","sticky_sidebar":"1","share_position":"bottom","share_float_style":"share-monocrhome","show_share_counter":"1","show_view_counter":"1","show_featured":"1","show_post_meta":"1","show_post_author":"1","show_post_author_image":"1","show_post_date":"1","post_date_format":"default","post_date_format_custom":"Y\/m\/d","show_post_category":"0","show_post_reading_time":"1","post_reading_time_wpm":"300","show_zoom_button":"0","zoom_button_out_step":"2","zoom_button_in_step":"3","show_post_tag":"1","show_prev_next_post":"0","show_popup_post":"1","number_popup_post":"2","show_author_box":"1","show_post_related":"1","show_inline_post_related":"1"}],"override_image_size":"0","image_override":[{"single_post_thumbnail_size":"crop-715","single_post_gallery_size":"crop-500"}],"trending_post":"0","trending_post_position":"meta","trending_post_label":"Trending","sponsored_post":"0","sponsored_post_label":"Sponsored by","sponsored_post_name":"","sponsored_post_url":"","sponsored_post_logo_enable":"0","sponsored_post_logo":"","sponsored_post_desc":"","disable_ad":"0"},"jnews_primary_category":{"id":"11470","hide":""}},"categories":[10817,10833],"tags":[113,5605,5900,8378,11497,11498],"_links":{"self":[{"href":"https:\/\/www.monempresarial.com\/ca\/wp-json\/wp\/v2\/posts\/45333"}],"collection":[{"href":"https:\/\/www.monempresarial.com\/ca\/wp-json\/wp\/v2\/posts"}],"about":[{"href":"https:\/\/www.monempresarial.com\/ca\/wp-json\/wp\/v2\/types\/post"}],"author":[{"embeddable":true,"href":"https:\/\/www.monempresarial.com\/ca\/wp-json\/wp\/v2\/users\/42"}],"replies":[{"embeddable":true,"href":"https:\/\/www.monempresarial.com\/ca\/wp-json\/wp\/v2\/comments?post=45333"}],"version-history":[{"count":4,"href":"https:\/\/www.monempresarial.com\/ca\/wp-json\/wp\/v2\/posts\/45333\/revisions"}],"predecessor-version":[{"id":45399,"href":"https:\/\/www.monempresarial.com\/ca\/wp-json\/wp\/v2\/posts\/45333\/revisions\/45399"}],"wp:featuredmedia":[{"embeddable":true,"href":"https:\/\/www.monempresarial.com\/ca\/wp-json\/wp\/v2\/media\/45330"}],"wp:attachment":[{"href":"https:\/\/www.monempresarial.com\/ca\/wp-json\/wp\/v2\/media?parent=45333"}],"wp:term":[{"taxonomy":"category","embeddable":true,"href":"https:\/\/www.monempresarial.com\/ca\/wp-json\/wp\/v2\/categories?post=45333"},{"taxonomy":"post_tag","embeddable":true,"href":"https:\/\/www.monempresarial.com\/ca\/wp-json\/wp\/v2\/tags?post=45333"}],"curies":[{"name":"wp","href":"https:\/\/api.w.org\/{rel}","templated":true}]}}