{"id":45352,"date":"2025-04-16T09:02:35","date_gmt":"2025-04-16T07:02:35","guid":{"rendered":"https:\/\/www.monempresarial.com\/2025\/04\/16\/la-xarxa-empren-te-acompana-en-la-creacion-y-el-crecimiento-de-tu-empresa\/"},"modified":"2025-07-16T12:50:08","modified_gmt":"2025-07-16T10:50:08","slug":"la-xarxa-empren-tacompanya-en-la-creacio-i-el-creixement-de-la-teva-empresa","status":"publish","type":"post","link":"https:\/\/www.monempresarial.com\/ca\/2025\/04\/16\/la-xarxa-empren-tacompanya-en-la-creacio-i-el-creixement-de-la-teva-empresa\/","title":{"rendered":"La Xarxa Empr\u00e8n t\u2019acompanya en la creaci\u00f3 i el creixement de la teva empresa"},"content":{"rendered":"<p><strong>Ajuntaments, consells comarcals, associacions empresarials, universitats, escoles de negocis, cambres de comer\u00e7 i fundacions d\u2019arreu del pa\u00eds integren aquesta xarxa d&#8217;entitats p\u00fabliques i privades promoguda per la Secretaria d\u2019Empresa i Competitivitat del Departament d\u2019Empresa i Treball de la Generalitat de Catalunya. El seu principal objectiu \u00e9s generar i enfortir un ecosistema emprenedor m\u00e9s competitiu, innovador, inclusiu i equilibrat territorialment.<\/strong><\/p>\n<hr \/>\n<p>Si has pensat en emprendre i donar forma al teu propi negoci, no est\u00e0s sol: les entitats de la Xarxa Empr\u00e8n poden ajudar-te. Fins a 131 entitats p\u00fabliques i privades d\u2019arreu del territori integren a dia d\u2019avui aquesta xarxa publico-privada promoguda per la Secretaria d\u2019Empresa i Competitivitat del Departament d\u2019Empresa i Treball de la Generalitat de Catalunya. En conjunt sumen m\u00e9s de 300 persones expertes i mentores dedicades a proporcionar un marc de coneixement transformador i creatiu enfocat a fomentar l\u2019emprenedoria i la innovaci\u00f3 amb valor i impacte social arreu del pa\u00eds.<\/p>\n<blockquote>\n<h4><span style=\"color: #000080;\">\u201cFins a 131 entitats p\u00fabliques i privades d\u2019arreu del territori integren a dia d\u2019avui aquesta xarxa publico-privada promoguda per la Generalitat de Catalunya\u201d<\/span><\/h4>\n<\/blockquote>\n<p>Ajuntaments, consells comarcals, associacions empresarials, universitats, escoles de negocis, cambres de comer\u00e7 i fundacions (entre d\u2019altres) treballen de manera alineada, coordinada i eficient per tal d\u2019oferir serveis d&#8217;acompanyament i suport a les persones que volen constituir una empresa, aix\u00ed com per dur a terme accions de promoci\u00f3 i foment de l&#8217;emprenedoria que contribueixin a l\u2019enfortiment del propi ecosistema. Aix\u00ed, hi trobem programes que van des de la sensibilitzaci\u00f3 entorn a la cultura emprenedora entre els joves, al foment de l\u2019emprenedoria de les dones, l\u2019acceleraci\u00f3 de <em>startups<\/em> o la dinamitzaci\u00f3 d\u2019espais de transfer\u00e8ncia de coneixement i innovaci\u00f3, entre d\u2019altres.<\/p>\n<blockquote>\n<h4><span style=\"color: #000080;\">\u201cAl llarg de 2024, 8.098 persones van rebre l\u2019assessorament de la Xarxa Empr\u00e8n. Com a resultat, s\u2019hi van crear un total de 1.318 empreses i startups\u201d<\/span><\/h4>\n<\/blockquote>\n<p>L\u2019objectiu final de la Xarxa Empr\u00e8n no \u00e9s altre que aprofitar les oportunitats i fortaleses de cada territori per aportar solucions amb la creaci\u00f3 d\u2019empreses que, ja siguin de caire m\u00e9s tradicional o de car\u00e0cter emergent, contribueixin a generar riquesa construint un model de pa\u00eds m\u00e9s sostenible econ\u00f2micament, social i mediambiental.<\/p>\n<p><span style=\"color: #000080;\"><strong>UN AMPLI VENTALL DE SERVEIS<\/strong><\/span><\/p>\n<p>Entre els principals recursos que les entitats de la Xarxa Empr\u00e8n ofereixen, trobem:<strong>\u00a0<\/strong><\/p>\n<ul>\n<li>Orientaci\u00f3 inicial.<\/li>\n<li>Suport per al desenvolupament del projecte i posada en marxa de l&#8217;empresa, la qual cosa inclou l&#8217;assessorament sobre el model de negoci, la capacitaci\u00f3 de l&#8217;equip emprenedor, l&#8217;acompanyament en els tr\u00e0mits i en la cerca de finan\u00e7ament, la connexi\u00f3 amb els recursos i els serveis que ofereix l&#8217;ecosistema.<\/li>\n<li>Seguiment per a la consolidaci\u00f3 de l&#8217;empresa i per al desenvolupament del seu potencial.<\/li>\n<li>Detecci\u00f3 preventiva de fallida i promoci\u00f3 de segones oportunitats.<\/li>\n<\/ul>\n<p>Al llarg de 2024, fins a 8.098 persones van rebre l\u2019assessorament de la Xarxa Empr\u00e8n. Com a resultat, s\u2019hi van crear un total de 1.318 empreses i <em>startups.<\/em>\u00a0 Aix\u00ed que ja ho saps: si vols fer de la teva idea un negoci<em>,<\/em>\u00a0o necessites acompanyament, formaci\u00f3 o suport per fer cr\u00e9ixer la teva empresa, entra al\u00a0<span style=\"color: #000080;\"><a style=\"color: #000080;\" href=\"https:\/\/xarxaempren.gencat.cat\/ca\/coneix-la-xarxa-empren\/que-es-xarxa-empren\/\">web de la Xarxa Empr\u00e8n<\/a><\/span>\u00a0i accedeix al\u00a0<span style=\"color: #000080;\"><a style=\"color: #000080;\" href=\"https:\/\/xarxaempren.gencat.cat\/ca\/coneix-la-xarxa-empren\/cercador-dentitats\/\">cercador d\u2019entitats<\/a><\/span>. Pots buscar en funci\u00f3 de la seva localitzaci\u00f3 territorial o dels serveis que ofereix i accedir a un formulari de petici\u00f3 d\u2019assessorament o b\u00e9 contactar directament per tel\u00e8fon o presencialment.<\/p>\n<p>.<\/p>\n<p><strong><span style=\"color: #000080;\"><img decoding=\"async\" loading=\"lazy\" class=\"size-medium wp-image-45339 alignright\" src=\"https:\/\/www.monempresarial.com\/wp-content\/uploads\/2025\/04\/Portada_DirectoriEntitats-copia-212x300.jpg\" alt=\"\" width=\"212\" height=\"300\" srcset=\"https:\/\/www.monempresarial.com\/wp-content\/uploads\/2025\/04\/Portada_DirectoriEntitats-copia-212x300.jpg 212w, https:\/\/www.monempresarial.com\/wp-content\/uploads\/2025\/04\/Portada_DirectoriEntitats-copia.jpg 595w, https:\/\/www.monempresarial.com\/wp-content\/uploads\/2025\/04\/Portada_DirectoriEntitats-copia-212x300@2x.jpg 424w\" sizes=\"(max-width: 212px) 100vw, 212px\" \/>PUBLICAT EL NOU DIRECTORI D\u2019ENTITATS ADHERIDES A LA XARXA EMPR\u00c8N <\/span><\/strong><\/p>\n<p>Coincidint amb la celebraci\u00f3 del Dia Mundial de l\u2019Emprenedoria, la Secretaria d\u2019Empresa i Competitivitat del Departament d\u2019Empresa i Treball de la Generalitat de Catalunya ha publicat un<span style=\"color: #000080;\">a <a style=\"color: #000080;\" href=\"https:\/\/xarxaempren.gencat.cat\/directorientitats\">actualitzaci\u00f3 del directori<\/a> <\/span>que recull la informaci\u00f3 de totes aquelles entitats que estan adherides de forma permanent a la Xarxa Empr\u00e8n.<\/p>\n<p>Es tracta d\u2019un recurs de refer\u00e8ncia per a aquelles persones que decideixin emprendre, i esdev\u00e9 alhora una eina clau per donar visibilitat a les entitats que, arreu de Catalunya, contribueixen cada dia al creixement i l\u2019enfortiment de l\u2019ecosistema emprenedor.<\/p>\n<p>Si formes part d\u2019una entitat que treballa per al foment de l\u2019emprenedoria a Catalunya i vols que aparegui en aquest directori, trobar\u00e0s tota la informaci\u00f3 per sol\u00b7licitar l\u2019adhesi\u00f3 permanent a la Xarxa Empr\u00e8n al seg\u00fcent <span style=\"color: #000080;\"><a style=\"color: #000080;\" href=\"https:\/\/xarxaempren.gencat.cat\/ca\/coneix-la-xarxa-empren\/como-adherirse-a-la-xarxa-empren\/\">enlla\u00e7<\/a><\/span>.<\/p>\n<p>A banda de visibilitat, formar part de la Xarxa Empr\u00e8n et permetr\u00e0 entrar en contacte amb altres actors de l\u2019ecosistema catal\u00e0, accedir a recursos i programaris espec\u00edfics per facilitar els serveis d\u2019acompanyament a les persones emprenedores, i participar en les activitats de cooperaci\u00f3 i transmissi\u00f3 de coneixement transformador i creatiu que s\u2019hi organitzen (webinars, cursos, tallers, jornades de networking, seminaris internacionals, mapathon de l\u2019ecosistema d\u2019innovaci\u00f3 de Catalunya, etc).<\/p>\n<p><span style=\"color: #000080;\"><strong>Consulta el directori a <\/strong><a style=\"color: #000080;\" href=\"https:\/\/xarxaempren.gencat.cat\/directorientitats\">xarxaempren.gencat.cat\/directorientitats<\/a><\/span><\/p>\n<p>&nbsp;<\/p>\n","protected":false},"excerpt":{"rendered":"<p>Ajuntaments, consells comarcals, associacions empresarials, universitats, escoles de negocis, cambres de comer\u00e7 i fundacions d\u2019arreu del pa\u00eds integren aquesta xarxa d&#8217;entitats p\u00fabliques i privades promoguda per la Secretaria d\u2019Empresa i Competitivitat del Departament d\u2019Empresa i Treball de la Generalitat de Catalunya. El seu principal objectiu \u00e9s generar i enfortir un ecosistema emprenedor m\u00e9s competitiu, innovador, inclusiu i equilibrat territorialment.<\/p>\n","protected":false},"author":2,"featured_media":45342,"comment_status":"closed","ping_status":"closed","sticky":false,"template":"","format":"standard","meta":{"_mi_skip_tracking":false,"mc4wp_mailchimp_campaign":[],"jnews-multi-image_gallery":[],"jnews_single_post":{"source_name":"","source_url":"","via_name":"","via_url":"","override_template":"0","override":[{"template":"1","single_blog_custom":"","parallax":"1","fullscreen":"1","layout":"right-sidebar","sidebar":"default-sidebar","second_sidebar":"default-sidebar","sticky_sidebar":"1","share_position":"bottom","share_float_style":"share-monocrhome","show_share_counter":"1","show_view_counter":"1","show_featured":"1","show_post_meta":"1","show_post_author":"1","show_post_author_image":"1","show_post_date":"1","post_date_format":"default","post_date_format_custom":"Y\/m\/d","show_post_category":"0","show_post_reading_time":"1","post_reading_time_wpm":"300","show_zoom_button":"0","zoom_button_out_step":"2","zoom_button_in_step":"3","show_post_tag":"1","show_prev_next_post":"0","show_popup_post":"1","number_popup_post":"2","show_author_box":"1","show_post_related":"1","show_inline_post_related":"1"}],"override_image_size":"0","image_override":[{"single_post_thumbnail_size":"crop-715","single_post_gallery_size":"crop-500"}],"trending_post":"0","trending_post_position":"meta","trending_post_label":"Trending","sponsored_post":"0","sponsored_post_label":"Sponsored by","sponsored_post_name":"","sponsored_post_url":"","sponsored_post_logo_enable":"0","sponsored_post_logo":"","sponsored_post_desc":"","disable_ad":"0"},"jnews_primary_category":{"id":"10825","hide":""}},"categories":[10826,10828,10825],"tags":[180,6444,8260],"_links":{"self":[{"href":"https:\/\/www.monempresarial.com\/ca\/wp-json\/wp\/v2\/posts\/45352"}],"collection":[{"href":"https:\/\/www.monempresarial.com\/ca\/wp-json\/wp\/v2\/posts"}],"about":[{"href":"https:\/\/www.monempresarial.com\/ca\/wp-json\/wp\/v2\/types\/post"}],"author":[{"embeddable":true,"href":"https:\/\/www.monempresarial.com\/ca\/wp-json\/wp\/v2\/users\/2"}],"replies":[{"embeddable":true,"href":"https:\/\/www.monempresarial.com\/ca\/wp-json\/wp\/v2\/comments?post=45352"}],"version-history":[{"count":2,"href":"https:\/\/www.monempresarial.com\/ca\/wp-json\/wp\/v2\/posts\/45352\/revisions"}],"predecessor-version":[{"id":45354,"href":"https:\/\/www.monempresarial.com\/ca\/wp-json\/wp\/v2\/posts\/45352\/revisions\/45354"}],"wp:featuredmedia":[{"embeddable":true,"href":"https:\/\/www.monempresarial.com\/ca\/wp-json\/wp\/v2\/media\/45342"}],"wp:attachment":[{"href":"https:\/\/www.monempresarial.com\/ca\/wp-json\/wp\/v2\/media?parent=45352"}],"wp:term":[{"taxonomy":"category","embeddable":true,"href":"https:\/\/www.monempresarial.com\/ca\/wp-json\/wp\/v2\/categories?post=45352"},{"taxonomy":"post_tag","embeddable":true,"href":"https:\/\/www.monempresarial.com\/ca\/wp-json\/wp\/v2\/tags?post=45352"}],"curies":[{"name":"wp","href":"https:\/\/api.w.org\/{rel}","templated":true}]}}