{"id":4554,"date":"2015-04-30T08:00:01","date_gmt":"2015-04-30T06:00:01","guid":{"rendered":"http:\/\/monempresarial.com\/?p=4554"},"modified":"2025-09-16T12:02:38","modified_gmt":"2025-09-16T10:02:38","slug":"paris-ciutat-llums-amor-negocis","status":"publish","type":"post","link":"https:\/\/www.monempresarial.com\/ca\/2015\/04\/30\/paris-ciutat-llums-amor-negocis\/","title":{"rendered":">Paris.<\/span> La ciutat de les llums, de l\u2019amor&#8230; i dels negocis?"},"content":{"rendered":"<h4>Admiraci\u00f3, enveja i perplexitat. Par\u00eds desperta en els estrangers que la visiten tot tipus de sentiments i, sens dubte, pren part en el p\u00f2dium de les capitals europees m\u00e9s preades. Per\u00f2 deixant a banda l\u2019art i l\u2019esbarjo, a la ciutat francesa tamb\u00e9 s\u2019hi va a fer negocis. O si no que els ho preguntin als homes i dones que cada dia recorren el barri de La D\u00e9fense, el focus financer m\u00e9s futurista.<\/h4>\n<h4>Text: <a style=\"color: #8f7993;\" href=\"http:\/\/monempresarial.com\/author\/bseijo\/\">Berta Seijo<\/a><\/h4>\n<hr style=\"color: #b72126;\" \/>\n<p><img decoding=\"async\" loading=\"lazy\" class=\"alignleft size-full wp-image-4557\" src=\"http:\/\/monempresarial.com\/wp-content\/uploads\/2015\/04\/mon-empresarial-002-paris-torre-eiffel.png\" alt=\"Torre Eiffel\" width=\"359\" height=\"259\" srcset=\"https:\/\/www.monempresarial.com\/wp-content\/uploads\/2015\/04\/mon-empresarial-002-paris-torre-eiffel.png 740w, https:\/\/www.monempresarial.com\/wp-content\/uploads\/2015\/04\/mon-empresarial-002-paris-torre-eiffel-300x217.png 300w, https:\/\/www.monempresarial.com\/wp-content\/uploads\/2015\/04\/mon-empresarial-002-paris-torre-eiffel-300x217@2x.png 600w\" sizes=\"(max-width: 359px) 100vw, 359px\" \/><b>La Torre Eiffel, els Camps Elisis, el Museu del Louvre, Notre Dame&#8230;<\/b> Visitar Par\u00eds en un cap de setmana \u00e9s ben b\u00e9 impossible; la llista de llocs i monuments encisadors esdev\u00e9 quasi interminable en el primer dest\u00ed tur\u00edstic del m\u00f3n.<br \/>\nI \u00e9s que, segons dades del seu Ajuntament, dels 88 milions de persones que trepitgen els aeroports de Paris-Orly i Roissy-Charles de Gaulle cada any, quasi 30 milions s\u00f3n turistes que han sucumbit a la seva immillorable fama i encant. Per\u00f2 Par\u00eds \u00e9s molt m\u00e9s que la ciutat de les llums i del romanticisme: \u00e9s una de les capitals europees m\u00e9s importants en termes de negoci i un dels motors de l\u2019economia mundial.<\/p>\n<p><img decoding=\"async\" loading=\"lazy\" class=\"alignright  wp-image-4567\" src=\"http:\/\/monempresarial.com\/wp-content\/uploads\/2015\/04\/mon-empresarial-002-escultura-paris-dedo-cesar-baldaccini.png\" alt=\"Escultura C\u00e9sar Baldaccini\" width=\"428\" height=\"285\" srcset=\"https:\/\/www.monempresarial.com\/wp-content\/uploads\/2015\/04\/mon-empresarial-002-escultura-paris-dedo-cesar-baldaccini.png 359w, https:\/\/www.monempresarial.com\/wp-content\/uploads\/2015\/04\/mon-empresarial-002-escultura-paris-dedo-cesar-baldaccini-300x200.png 300w, https:\/\/www.monempresarial.com\/wp-content\/uploads\/2015\/04\/mon-empresarial-002-escultura-paris-dedo-cesar-baldaccini-252x167.png 252w\" sizes=\"(max-width: 428px) 100vw, 428px\" \/>Els factors que ho avalen s\u00f3n diversos, per\u00f2 en destaquem quatre. El primer: la seva \u00e0rea metropolitana, que anualment d\u00f3na cabuda a la creaci\u00f3 de 75.000 empreses. El segon: el 30% de la poblaci\u00f3 est\u00e0 formada per executius i membres de professions intel\u2022lectuals superiors. El tercer: compta amb una extraordin\u00e0ria xarxa ferrovi\u00e0ria, a\u00e8ria, fluvial i de carreteres. I el quart: 10 cl\u00fasters del sector tecnol\u00f2gic, sanitari i automobil\u00edstic franc\u00e8s tenen la seva seu a la ciutat, a banda que Par\u00eds disposa de 39 vivers que posen a disposici\u00f3 de joves emprenedors els recursos necessaris per encetar la seva aventura empresarial. Tot plegat, doncs, conforma un panorama que no sembla tenir els dies comptats, ja que, amb 17 universitats i grans escoles d\u2019enginyeria, negoci i <i>management<\/i> que concentren prop de 600.000 estudiants, l\u2019Illa de Fran\u00e7a tamb\u00e9 constitueix el primer focus de desenvolupament europeu, amb 136.000 investigadors i t\u00e8cnics.<\/p>\n<blockquote>\n<h2 style=\"color: #330066;\">El 45% dels visitants que rep Par\u00eds al llarg de l\u2019any arriba a la ciutat per negocis<\/h2>\n<\/blockquote>\n<p><span style=\"color: #330066; font-weight: bold; text-transform: uppercase;\">La D\u00e9fense, el barri futurista <\/span><br \/>\n<img decoding=\"async\" loading=\"lazy\" class=\"wp-image-4559 alignright\" src=\"http:\/\/monempresarial.com\/wp-content\/uploads\/2015\/04\/mon-empresarial-002-paris-noche-300x300.png\" alt=\"Par\u00eds de nit\" width=\"314\" height=\"314\" srcset=\"https:\/\/www.monempresarial.com\/wp-content\/uploads\/2015\/04\/mon-empresarial-002-paris-noche-150x150@2x.png 300w, https:\/\/www.monempresarial.com\/wp-content\/uploads\/2015\/04\/mon-empresarial-002-paris-noche-150x150.png 150w, https:\/\/www.monempresarial.com\/wp-content\/uploads\/2015\/04\/mon-empresarial-002-paris-noche.png 359w\" sizes=\"(max-width: 314px) 100vw, 314px\" \/>Par\u00eds \u00e9s una ciutat, per tant, culta, moderna i cosmopolita que, alhora, \u00e9s punt de trobada de m\u00faltiples estils arquitect\u00f2nics, una barreja que no deixa ning\u00fa indiferent. I prova d\u2019aix\u00f2 \u00e9s La D\u00e9fense, un barri on la ciutat s\u2019allunya del classicisme i va per feina. Parlem d\u2019una zona repleta d\u2019edificis i gratacels que pertanyen a importants firmes a nivell nacional i mundial (compta amb la pres\u00e8ncia de 800 bancs i companyies asseguradores com Soci\u00e9t\u00e9 G\u00e9n\u00e9rale, HSBC, American Express, ING, Axa o Allianz, a m\u00e9s d\u2019Oracle com a organitzaci\u00f3 encap\u00e7alant la llista d\u2019empreses de serveis de tecnologia). \u00bfM\u00e9s dades? Al barri hi ha tres milions de m2 d\u2019oficines i un total de 150.000 treballadors, 9.000 dels quals s\u00f3n directius, per\u00f2 tamb\u00e9 600.000 m2 d\u2019habitatges, 230.000 m2 de comer\u00e7os&#8230; I tots impregnats amb aquest aire tan futurista que identifica plenament el barri n\u00famero u de negocis d\u2019Europa (amb el perm\u00eds de l\u2019altre gegant de les finances, \u00e9s clar, la City de Londres, amb qui es disputa aquest suc\u00f3s t\u00edtol).<\/p>\n<p>\n<table id=\"tablepress-104\" class=\"tablepress tablepress-id-104\">\n<thead>\n<tr class=\"row-1 odd\">\n\t<th colspan=\"2\" class=\"column-1\"><span style=\"color: #ffffff; font-weight: bold; text-transform:uppercase;\">L'altre Arc<\/span><br \/>\n<\/th>\n<\/tr>\n<\/thead>\n<tbody class=\"row-hover\">\n<tr class=\"row-2 even\">\n\t<td class=\"column-1\"><img src=\"http:\/\/monempresarial.com\/wp-content\/uploads\/2015\/04\/mon-empresarial-002-arc-de-la-defense-paris2.png\" alt=\"Arc de La Defense\" width=\"317\" height=\"491\" class=\"aligncenter size-full wp-image-4607\" \/><\/td><td class=\"column-2\"><b>L'ARC DEL TRIOMF<\/b> atrau totes les mirades dels turistes, per\u00f2 el Gran Arc de la Fraternitat, m\u00e9s conegut com l\u2019Arc de la Defensa, no es queda curt. Inaugurat l\u2019any 1989 i ubicat al barri hom\u00f2nim de Par\u00eds, destaca per la seva forma de cub buit de 110 metres d\u2019al\u00e7ada constru\u00eft amb marbre i granit, i cobert amb plaques de vidre. Per q\u00fcestions \u00f2ptiques i d\u2019infraestructures -la l\u00ednia 1 de metro hi passa per sota-, el monument va aixecar-se 6,3 graus girat perqu\u00e8 l\u2019efecte visual fos perfecte. La part m\u00e9s alta de la construcci\u00f3 cont\u00e9 un centre de confer\u00e8ncia i d\u2019exposici\u00f3, un museu d\u2019inform\u00e0tica i tamb\u00e9 un punt panor\u00e0mic del districte i de l\u2019oest de Par\u00eds; les dues columnes del cub alberguen oficines governamentals. <br \/>\n<img src=\"http:\/\/monempresarial.com\/wp-content\/uploads\/2015\/04\/mon-empresarial-002-arc-de-triomf-paris3.png\" alt=\"Arc de Triomf\" width=\"359\" height=\"170\" class=\"alignleft size-full wp-image-4612\" \/><\/td>\n<\/tr>\n<\/tbody>\n<\/table>\n<!-- #tablepress-104 from cache --><br \/>\n\n<table id=\"tablepress-101\" class=\"tablepress tablepress-id-101\">\n<thead>\n<tr class=\"row-1 odd\">\n\t<th colspan=\"2\" class=\"column-1\"><span style=\"color: #ffffff; font-weight: bold; text-transform:uppercase;\">Gaudeix del Par\u00eds m\u00e9s tur\u00edstic i...<\/span><br \/>\n<\/th>\n<\/tr>\n<\/thead>\n<tbody>\n<tr class=\"row-2 even\">\n\t<td class=\"column-1\">&nbsp;<br \/>\n\u2022\t<b>Atreveix-te a menjar:<\/b> <i>cr\u00eapes<\/i>, formatges de tot tipus, <i>macaroons, quiches Lorraine, tartes Tatin<\/i>,, croissants, etc. <br \/>\n<br \/>\n\u2022\t<b>Passeja<\/b> per l\u2019avinguda interminable dels Camps Elisis fins arribar a l\u2019Arc del Triomf.<br \/>\n<br \/>\n\u2022\t<b>No tinguis por de perdre\u2019t<\/b> pels carrerons de Montmartre; despr\u00e9s, pren-te una tassa de caf\u00e8 o de te com a recompensa en una de les tranquil\u2022les terrasses que hi trobar\u00e0s.  <br \/>\n<br \/>\n\u2022\t<b>Fes un viatge en tren<\/b> fins al Palau de Versalles, i deixa\u2019t atrapar per la bellesa aristocr\u00e0tica de l\u2019edifici i dels enormes jardins.<br \/>\n<br \/>\n\u2022\t<b>Al final del dia, puja a la Torre Eiffel,<\/b> quan les espurnes de llum envaeixen la ciutat. <br \/>\n&nbsp;<br \/>\n&nbsp;<br \/>\n&nbsp;<br \/>\n<img src=\"http:\/\/monempresarial.com\/wp-content\/uploads\/2015\/04\/mon-empresarial-002-macaroons-300x183.png\" alt=\"Macaroons\" width=\"300\" height=\"183\" class=\"aligncenter size-medium wp-image-4580\" \/><\/td><td class=\"column-2\"><img src=\"http:\/\/monempresarial.com\/wp-content\/uploads\/2015\/04\/mon-empresarial-002-paris-calles-300x200.png\" alt=\"Carrers de Par\u00eds\" width=\"300\" height=\"200\" class=\"alignleft size-medium wp-image-4565\" \/><br \/>\n&nbsp;<br \/>\n<img src=\"http:\/\/monempresarial.com\/wp-content\/uploads\/2015\/04\/mon-empresarial-002-paris-montmartre-300x231.png\" alt=\"Montmartre\" width=\"300\" height=\"231\" class=\"alignleft size-medium wp-image-4561\" \/><br \/>\n&nbsp;<br \/>\n<img src=\"http:\/\/monempresarial.com\/wp-content\/uploads\/2015\/04\/mon-empresarial-002-paris-versalles-300x199.png\" alt=\"Palau de Versalles\" width=\"300\" height=\"199\" class=\"alignleft size-medium wp-image-4555\" \/><\/td>\n<\/tr>\n<\/tbody>\n<\/table>\n<!-- #tablepress-101 from cache --><\/p>\n","protected":false},"excerpt":{"rendered":"<p>Admiraci\u00f3, enveja i perplexitat. Par\u00eds desperta en els estrangers que la visiten tot tipus de sentiments i, sens dubte, pren part en el p\u00f2dium de les capitals europees m\u00e9s preades. Per\u00f2 deixant a banda l\u2019art i l\u2019esbarjo, a la ciutat francesa tamb\u00e9 s\u2019hi va a fer negocis. O si no que els ho preguntin als homes i dones que cada dia recorren el barri de La D\u00e9fense, el focus financer m\u00e9s futurista.<\/p>\n","protected":false},"author":1,"featured_media":4563,"comment_status":"open","ping_status":"open","sticky":false,"template":"","format":"standard","meta":{"_mi_skip_tracking":false,"mc4wp_mailchimp_campaign":[],"jnews-multi-image_gallery":[],"jnews_single_post":[],"jnews_primary_category":[]},"categories":[10816,10848,12,50],"tags":[],"_links":{"self":[{"href":"https:\/\/www.monempresarial.com\/ca\/wp-json\/wp\/v2\/posts\/4554"}],"collection":[{"href":"https:\/\/www.monempresarial.com\/ca\/wp-json\/wp\/v2\/posts"}],"about":[{"href":"https:\/\/www.monempresarial.com\/ca\/wp-json\/wp\/v2\/types\/post"}],"author":[{"embeddable":true,"href":"https:\/\/www.monempresarial.com\/ca\/wp-json\/wp\/v2\/users\/1"}],"replies":[{"embeddable":true,"href":"https:\/\/www.monempresarial.com\/ca\/wp-json\/wp\/v2\/comments?post=4554"}],"version-history":[{"count":1,"href":"https:\/\/www.monempresarial.com\/ca\/wp-json\/wp\/v2\/posts\/4554\/revisions"}],"predecessor-version":[{"id":47176,"href":"https:\/\/www.monempresarial.com\/ca\/wp-json\/wp\/v2\/posts\/4554\/revisions\/47176"}],"wp:featuredmedia":[{"embeddable":true,"href":"https:\/\/www.monempresarial.com\/ca\/wp-json\/wp\/v2\/media\/4563"}],"wp:attachment":[{"href":"https:\/\/www.monempresarial.com\/ca\/wp-json\/wp\/v2\/media?parent=4554"}],"wp:term":[{"taxonomy":"category","embeddable":true,"href":"https:\/\/www.monempresarial.com\/ca\/wp-json\/wp\/v2\/categories?post=4554"},{"taxonomy":"post_tag","embeddable":true,"href":"https:\/\/www.monempresarial.com\/ca\/wp-json\/wp\/v2\/tags?post=4554"}],"curies":[{"name":"wp","href":"https:\/\/api.w.org\/{rel}","templated":true}]}}