{"id":45542,"date":"2025-06-02T09:00:33","date_gmt":"2025-06-02T07:00:33","guid":{"rendered":"https:\/\/www.monempresarial.com\/?p=45542"},"modified":"2025-05-14T12:30:05","modified_gmt":"2025-05-14T10:30:05","slug":"perspectives-economiques-del-2025-per-a-les-pimes","status":"publish","type":"post","link":"https:\/\/www.monempresarial.com\/ca\/2025\/06\/02\/perspectives-economiques-del-2025-per-a-les-pimes\/","title":{"rendered":"Perspectives econ\u00f2miques del 2025 per a les pimes"},"content":{"rendered":"<p><strong>El 2025 les pimes afronten un escenari marcat per una incertesa elevada i una creixent preocupaci\u00f3 per l\u2019acc\u00e9s al talent. <\/strong><br \/>\n<strong>Aquest article analitza les perspectives econ\u00f2miques de les petites i mitjanes empreses (pimes) de cara al 2025, basant-se en l\u2019enquesta qualitativa feta per PIMEC entre les seves empreses s\u00f2cies entre el desembre i el gener de 2025. <\/strong><\/p>\n<p><strong><span style=\"color: #000080;\">L\u2019OBSERVATORI DE LA PIME <\/span><\/strong><\/p>\n<hr \/>\n<p>L\u2019objectiu \u00e9s oferir una visi\u00f3 de la seva percepci\u00f3 respecte a l\u2019economia general, la incertesa, les previsions en mat\u00e8ria de vendes, les inversions, les condicions de finan\u00e7ament, la contractaci\u00f3 de personal, l\u2019increment de costos i preus de venda, aix\u00ed com els principals reptes que afronten.<\/p>\n<p>Valoraci\u00f3 de l\u2019estat general de l\u2019economia i incertesa per al 2025<\/p>\n<p>Segons l\u2019enquesta, el 58,1% de les empreses tenen una valoraci\u00f3 neutra de l\u2019entorn econ\u00f2mic global per al 2025, mentre que un 22,6% el considera negatiu o molt negatiu. La incertesa econ\u00f2mica i geopol\u00edtica tamb\u00e9 preocupa el teixit empresarial, amb un 32% de les empreses que la consideren alta o molt alta, especialment en sectors exportadors com la ind\u00fastria i l\u2019agroalimentari. Aquesta preocupaci\u00f3 es veu accentuada per la<span style=\"color: #000080;\"> inestabilitat en els mercats energ\u00e8tics i la volatilitat de les pol\u00edtiques comercials internacionals<\/span>.<\/p>\n<p><strong><span style=\"color: #000080;\">IMPACTE DE L\u2019ECONOMIA DE FRAN\u00c7A I ALEMANYA<\/span><\/strong><br \/>\n<span style=\"color: #000080;\">Fran\u00e7a i Alemanya continuen sent mercats estrat\u00e8gics per a les pimes.<\/span> L\u2019economia francesa mostra signes de recuperaci\u00f3 amb un creixement del PIB previst de l\u20191,4% el 2025, mentre que Alemanya afronta dificultats amb una contracci\u00f3 prevista del 0,2%. <span style=\"color: #000080;\">El 44,5% de les empreses considera que la situaci\u00f3 d\u2019aquests pa\u00efsos tindr\u00e0 un impacte negatiu en la seva activit<\/span>at. La depend\u00e8ncia d\u2019aquests mercats fa que les empreses estiguin pendents de les pol\u00edtiques econ\u00f2miques i de suport a la ind\u00fastria que adoptin aquests pa\u00efsos en els propers mesos.<\/p>\n<p><strong><span style=\"color: #000080;\">EVOLUCI\u00d3 ESPERADA DE LES VENDES<\/span><\/strong><br \/>\nUn 44,3% de les pimes preveu un augment (significatiu o moderat) de les seves vendes el 2025 <span style=\"color: #000080;\">(vegeu la figura 1<\/span>), especialment en sectors com l\u2019hoteleria i restauraci\u00f3 (71,4%), serveis a les empreses (51,1%) i ind\u00fastria (44,9%) d\u2019acord amb <span style=\"color: #000080;\">la figura 2.<\/span> No obstant aix\u00f2, sectors com el primari tenen un 33,3% d\u2019empreses que esperen una reducci\u00f3 de vendes. Aquesta situaci\u00f3 reflecteix la incertesa sobre la demanda interna i externa (riscos geopol\u00edtics, mesures proteccionistes de Trump&#8230;), aix\u00ed com<span style=\"color: #000080;\"> la necessitat d\u2019adaptar-se als canvis en les prefer\u00e8ncies dels consumidors.<\/span><\/p>\n<p><img decoding=\"async\" loading=\"lazy\" class=\"wp-image-45527  aligncenter\" src=\"https:\/\/www.monempresarial.com\/wp-content\/uploads\/2025\/05\/CUADRO-1-2.jpg\" alt=\"\" width=\"598\" height=\"355\" srcset=\"https:\/\/www.monempresarial.com\/wp-content\/uploads\/2025\/05\/CUADRO-1-2.jpg 870w, https:\/\/www.monempresarial.com\/wp-content\/uploads\/2025\/05\/CUADRO-1-2-300x178.jpg 300w, https:\/\/www.monempresarial.com\/wp-content\/uploads\/2025\/05\/CUADRO-1-2-600x356.jpg 600w, https:\/\/www.monempresarial.com\/wp-content\/uploads\/2025\/05\/CUADRO-1-2-750x445.jpg 750w\" sizes=\"(max-width: 598px) 100vw, 598px\" \/> <img decoding=\"async\" loading=\"lazy\" class=\"aligncenter wp-image-45531 \" src=\"https:\/\/www.monempresarial.com\/wp-content\/uploads\/2025\/05\/CUADRO-2-CAT-1.jpg\" alt=\"\" width=\"599\" height=\"451\" srcset=\"https:\/\/www.monempresarial.com\/wp-content\/uploads\/2025\/05\/CUADRO-2-CAT-1.jpg 658w, https:\/\/www.monempresarial.com\/wp-content\/uploads\/2025\/05\/CUADRO-2-CAT-1-300x226.jpg 300w, https:\/\/www.monempresarial.com\/wp-content\/uploads\/2025\/05\/CUADRO-2-CAT-1-600x451.jpg 600w\" sizes=\"(max-width: 599px) 100vw, 599px\" \/><\/p>\n<p><strong><span style=\"color: #000080;\">INVERSIONS I TIPUS D\u2019INVERSIONS<\/span><\/strong><br \/>\nNom\u00e9s un 34,4% de les empreses preveu incrementar la seva inversi\u00f3 en actius fixos. Les inversions se centraran principalment en maquin\u00e0ria i equipament (62,5%) i en tecnologies digitals (54,5%), amb una menor atenci\u00f3 a la sostenibilitat i efici\u00e8ncia energ\u00e8tica (17,9%). Aquestes dades mostren<span style=\"color: #000080;\"> la voluntat d\u2019automatitzar processos i millorar la productivita<\/span>t, per\u00f2 tamb\u00e9 evidencien les limitacions financeres per abordar projectes m\u00e9s sostenibles.<\/p>\n<p><strong><span style=\"color: #000080;\">CONDICIONS DE FINAN\u00c7AMENT<\/span><\/strong><br \/>\nLes perspectives de finan\u00e7ament milloren lleugerament per al 2025, amb un 34,8 per cent de les empreses que consideren que les condicions milloraran i un 45,4 per cent que es mantindran estables. Tot i aix\u00f2, el 19,8 per cent preveu un empitjorament, especialment les microempreses, que tenen m\u00e9s dificultats per accedir a cr\u00e8dit bancari amb condicions favorables.<\/p>\n<p><strong><span style=\"color: #000080;\">CONTRACTACI\u00d3 DE PERSONAL<\/span><\/strong><br \/>\nPel que fa a la contractaci\u00f3, un 31,4% de les empreses preveu incrementar la seva plantilla el 2025, amb les mitjanes empreses liderant aque<span style=\"color: #000080;\">sta tend\u00e8ncia, mentre que sectors com la construcci\u00f3 mostren un dinamisme baix.<\/span> La manca de talent qualificat continua sent un dels principals reptes per a les empreses, especialment en \u00e0rees t\u00e8cniques i digitals.<\/p>\n<p><strong><span style=\"color: #000080;\">INCREMENT DE COSTOS I PREUS DE VENDA<\/span><\/strong><br \/>\nUn 67,3% de les empreses preveu augmentar els preus de venda per compensar l\u2019increment dels costos, amb sectors com l\u2019hoteleria i restauraci\u00f3 liderant aquests augments. L\u2019increment previst en mitjana dels preus de venda se situa en el 6%. Els principals factors que impulsen aquest increment s\u00f3n l\u2019encariment de les mat\u00e8ries primeres i l\u2019augment dels costos energ\u00e8tics.<\/p>\n<p><strong><span style=\"color: #000080;\">PRINCIPALS REPTES PER AL 2025<\/span><\/strong><br \/>\nEls reptes m\u00e9s destacats inclouen la pressi\u00f3 sobre els marges (esmentat pel 55,4% de les empreses), l\u2019increment de costos laborals (47%), la complexitat administrativa (42,8%) i la manca de talent qualificat (36,4%). <span style=\"color: #000080;\">L\u2019acc\u00e9s al finan\u00e7ament i l\u2019adaptaci\u00f3 a normatives ambientals tamb\u00e9 es consideren desafiaments importants per a les pimes.<\/span> A m\u00e9s, l\u2019increment de la compet\u00e8ncia i la necessitat de digitalitzar-se estan pressionant les empreses a accelerar la seva transformaci\u00f3<span style=\"color: #000080;\"> (veure figura 3).<\/span><br \/>\nFinalment, cal esmentar la dificultat per ocupar vacants a l\u2019empresa (36,4%).<\/p>\n<p><img decoding=\"async\" loading=\"lazy\" class=\"aligncenter wp-image-45535 \" src=\"https:\/\/www.monempresarial.com\/wp-content\/uploads\/2025\/05\/CUADRO-3-CAT-1-1024x460.jpg\" alt=\"\" width=\"797\" height=\"358\" srcset=\"https:\/\/www.monempresarial.com\/wp-content\/uploads\/2025\/05\/CUADRO-3-CAT-1-1024x460.jpg 1024w, https:\/\/www.monempresarial.com\/wp-content\/uploads\/2025\/05\/CUADRO-3-CAT-1-300x135.jpg 300w, https:\/\/www.monempresarial.com\/wp-content\/uploads\/2025\/05\/CUADRO-3-CAT-1-600x270.jpg 600w, https:\/\/www.monempresarial.com\/wp-content\/uploads\/2025\/05\/CUADRO-3-CAT-1-750x337.jpg 750w, https:\/\/www.monempresarial.com\/wp-content\/uploads\/2025\/05\/CUADRO-3-CAT-1-1140x512.jpg 1140w, https:\/\/www.monempresarial.com\/wp-content\/uploads\/2025\/05\/CUADRO-3-CAT-1.jpg 1349w\" sizes=\"(max-width: 797px) 100vw, 797px\" \/><\/p>\n<p><strong><span style=\"color: #000080;\">CONCLUSIONS<\/span><\/strong><br \/>\nEn resum,<span style=\"color: #000080;\"> les pimes afronten el 2025 amb un optimisme moderat, per\u00f2 condicionat per la incertesa econ\u00f2mica i l\u2019increment de costo<\/span>s. Tot i les expectatives de creixement, especialment en sectors com l\u2019hoteleria, els serveis a les empreses i l\u2019ind\u00fastria, les dificultats en el finan\u00e7ament, la contractaci\u00f3 i les c\u00e0rregues administratives representen reptes molt rellevants per al teixit empresarial.<\/p>\n<p>&nbsp;<\/p>\n","protected":false},"excerpt":{"rendered":"<p>El 2025 les pimes afronten un escenari marcat per una incertesa elevada i una creixent preocupaci\u00f3 per l\u2019acc\u00e9s al talent.<br \/>\nAquest article analitza les perspectives econ\u00f2miques de les petites i mitjanes empreses (pimes) de cara al 2025, basant-se en l\u2019enquesta qualitativa feta per PIMEC entre les seves empreses s\u00f2cies entre el desembre i el gener de 2025. <\/p>\n","protected":false},"author":148,"featured_media":45539,"comment_status":"closed","ping_status":"closed","sticky":false,"template":"","format":"standard","meta":{"_mi_skip_tracking":false,"mc4wp_mailchimp_campaign":[],"jnews-multi-image_gallery":[],"jnews_single_post":[],"jnews_primary_category":[]},"categories":[10820,10815,10720,10729],"tags":[113,613,5605,5700,5905,5912],"_links":{"self":[{"href":"https:\/\/www.monempresarial.com\/ca\/wp-json\/wp\/v2\/posts\/45542"}],"collection":[{"href":"https:\/\/www.monempresarial.com\/ca\/wp-json\/wp\/v2\/posts"}],"about":[{"href":"https:\/\/www.monempresarial.com\/ca\/wp-json\/wp\/v2\/types\/post"}],"author":[{"embeddable":true,"href":"https:\/\/www.monempresarial.com\/ca\/wp-json\/wp\/v2\/users\/148"}],"replies":[{"embeddable":true,"href":"https:\/\/www.monempresarial.com\/ca\/wp-json\/wp\/v2\/comments?post=45542"}],"version-history":[{"count":2,"href":"https:\/\/www.monempresarial.com\/ca\/wp-json\/wp\/v2\/posts\/45542\/revisions"}],"predecessor-version":[{"id":45544,"href":"https:\/\/www.monempresarial.com\/ca\/wp-json\/wp\/v2\/posts\/45542\/revisions\/45544"}],"wp:featuredmedia":[{"embeddable":true,"href":"https:\/\/www.monempresarial.com\/ca\/wp-json\/wp\/v2\/media\/45539"}],"wp:attachment":[{"href":"https:\/\/www.monempresarial.com\/ca\/wp-json\/wp\/v2\/media?parent=45542"}],"wp:term":[{"taxonomy":"category","embeddable":true,"href":"https:\/\/www.monempresarial.com\/ca\/wp-json\/wp\/v2\/categories?post=45542"},{"taxonomy":"post_tag","embeddable":true,"href":"https:\/\/www.monempresarial.com\/ca\/wp-json\/wp\/v2\/tags?post=45542"}],"curies":[{"name":"wp","href":"https:\/\/api.w.org\/{rel}","templated":true}]}}