{"id":45785,"date":"2025-06-04T09:31:32","date_gmt":"2025-06-04T07:31:32","guid":{"rendered":"https:\/\/www.monempresarial.com\/?p=45785"},"modified":"2025-06-04T09:38:31","modified_gmt":"2025-06-04T07:38:31","slug":"telecos-cat-i-la-societat-catalana-de-pediatria-signen-un-conveni-per-promoure-lus-segur-i-responsable-de-les-tecnologies-digitals-entre-els-menors","status":"publish","type":"post","link":"https:\/\/www.monempresarial.com\/ca\/2025\/06\/04\/telecos-cat-i-la-societat-catalana-de-pediatria-signen-un-conveni-per-promoure-lus-segur-i-responsable-de-les-tecnologies-digitals-entre-els-menors\/","title":{"rendered":"Telecos.cat i la Societat Catalana de Pediatria signen un conveni per promoure l\u2019\u00fas segur i responsable de les tecnologies digitals entre els menors"},"content":{"rendered":"<p><strong>L\u2019Associaci\u00f3 Catalana d\u2019Enginyeria de Telecomunicaci\u00f3 i Tecnologies Digitals (Telecos.cat) i la Societat Catalana de Pediatria han formalitzat avui un conveni de col\u00b7laboraci\u00f3 amb l\u2019objectiu d\u2019obrir noves vies de treball conjunt en l\u2019\u00e0mbit de la salut digital infantil.<\/strong><\/p>\n<hr \/>\n<p>Aquesta alian\u00e7a permetr\u00e0 impulsar activitats conjuntes de divulgaci\u00f3, formaci\u00f3 i recerca, especialment orientades a analitzar i millorar l\u2019\u00fas que fan els menors dels dispositius digitals. La signatura arriba en un moment clau, coincidint amb l\u2019impuls al Congr\u00e9s dels Diputats d\u2019una nova proposta de llei per a la protecci\u00f3 dels menors en l\u2019entorn digital. Aquesta proposta legislativa assigna als professionals de la pediatria compet\u00e8ncies espec\u00edfiques sobre salut digital, a partir de les 107 mesures incloses en l\u2019informe d\u2019experts del Ministeri de Joventut i Inf\u00e0ncia.<\/p>\n<p><img decoding=\"async\" loading=\"lazy\" class=\"alignleft wp-image-45784 size-full\" src=\"https:\/\/www.monempresarial.com\/wp-content\/uploads\/2025\/06\/telecos_scp1-002-scaled.jpg\" alt=\"\" width=\"2560\" height=\"1920\" srcset=\"https:\/\/www.monempresarial.com\/wp-content\/uploads\/2025\/06\/telecos_scp1-002-scaled.jpg 2560w, https:\/\/www.monempresarial.com\/wp-content\/uploads\/2025\/06\/telecos_scp1-002-300x225.jpg 300w, https:\/\/www.monempresarial.com\/wp-content\/uploads\/2025\/06\/telecos_scp1-002-1024x768.jpg 1024w, https:\/\/www.monempresarial.com\/wp-content\/uploads\/2025\/06\/telecos_scp1-002-1536x1152.jpg 1536w, https:\/\/www.monempresarial.com\/wp-content\/uploads\/2025\/06\/telecos_scp1-002-2048x1536.jpg 2048w, https:\/\/www.monempresarial.com\/wp-content\/uploads\/2025\/06\/telecos_scp1-002-600x450.jpg 600w, https:\/\/www.monempresarial.com\/wp-content\/uploads\/2025\/06\/telecos_scp1-002-750x563.jpg 750w, https:\/\/www.monempresarial.com\/wp-content\/uploads\/2025\/06\/telecos_scp1-002-1140x855.jpg 1140w\" sizes=\"(max-width: 2560px) 100vw, 2560px\" \/><\/p>\n<p>Des de Telecos.cat es defensa un acc\u00e9s segur i responsable a les tecnologies, per\u00f2 tamb\u00e9 es rebutgen els discursos que promouen una desconnexi\u00f3 total dels infants del m\u00f3n digital. Amb aquest acord es busca contribuir en el desenvolupament de pautes educatives i d\u2019estrat\u00e8gies que permetin una introducci\u00f3 progressiva i segura dels infants a les tecnologies. En l\u2019acte de signatura, el president de Telecos.cat Gon\u00e7al Bonhomme ha remarcat que \u201c<em>els infants estan accedint a les tecnologies digitals a unes edats massa precoces, i la societat est\u00e0 reaccionant-hi amb la prohibici\u00f3, per\u00f2 s\u2019ha de tenir un terme mitj\u00e0 que nom\u00e9s es pot assolir mitjan\u00e7ant el coneixement.\u201d<\/em><\/p>\n<p>En aquest sentit, la Comissi\u00f3 de Societat Digital de Telecos.cat est\u00e0 elaborant un document de posicionament propi sobre l\u2019\u00fas de les pantalles durant la inf\u00e0ncia, que complementar\u00e0 el document ja publicat per la Societat Catalana de Pediatria (<a href=\"https:\/\/docs.academia.cat\/noticies\/3961\/1\/salut-digital-def-compressed.pdf\">https:\/\/docs.academia.cat\/noticies\/3961\/1\/salut-digital-def-compressed.pdf<\/a>), que sobre el present conveni firmat amb Telecos.cat han volgut destacar, en paraules de la presidenta de la Societat Catalana de Pediatria, Anna Gatell: \u201c<em>la transversalitat del treball conjunt enriquir\u00e0 la visi\u00f3 i les tasques dels pediatres i dels enginyers. \u00c9s una col\u00b7laboraci\u00f3 nom\u00e9s desitjable sin\u00f3 necess\u00e0ria.\u201d<\/em><\/p>\n<p>Amb aquest acord, ambdues entitats volen aportar coneixement i experi\u00e8ncia a un debat que consideren fonamental. Tal com recull el Pla d\u2019Acci\u00f3 de la Cimera Mundial a favor\u00a0de la Inf\u00e0ncia de 1990: \u201cNo hi ha causa que mereixi m\u00e9s alta prioritat que la protecci\u00f3 i el desenvolupament del nen, de qui depenen la superviv\u00e8ncia, l\u2019estabilitat i el progr\u00e9s de totes les nacions i, de fet, de la civilitzaci\u00f3 humana\u201d.<\/p>\n","protected":false},"excerpt":{"rendered":"<p>L\u2019Associaci\u00f3 Catalana d\u2019Enginyeria de Telecomunicaci\u00f3 i Tecnologies Digitals (Telecos.cat) i la Societat Catalana de Pediatria han formalitzat avui un conveni de col\u00b7laboraci\u00f3 amb l\u2019objectiu d\u2019obrir noves vies de treball conjunt en l\u2019\u00e0mbit de la salut digital infantil.<\/p>\n","protected":false},"author":2,"featured_media":45787,"comment_status":"closed","ping_status":"open","sticky":false,"template":"","format":"standard","meta":{"_mi_skip_tracking":false,"mc4wp_mailchimp_campaign":[],"jnews-multi-image_gallery":[],"jnews_single_post":[],"jnews_primary_category":[]},"categories":[11470],"tags":[5223,11513,11514],"_links":{"self":[{"href":"https:\/\/www.monempresarial.com\/ca\/wp-json\/wp\/v2\/posts\/45785"}],"collection":[{"href":"https:\/\/www.monempresarial.com\/ca\/wp-json\/wp\/v2\/posts"}],"about":[{"href":"https:\/\/www.monempresarial.com\/ca\/wp-json\/wp\/v2\/types\/post"}],"author":[{"embeddable":true,"href":"https:\/\/www.monempresarial.com\/ca\/wp-json\/wp\/v2\/users\/2"}],"replies":[{"embeddable":true,"href":"https:\/\/www.monempresarial.com\/ca\/wp-json\/wp\/v2\/comments?post=45785"}],"version-history":[{"count":2,"href":"https:\/\/www.monempresarial.com\/ca\/wp-json\/wp\/v2\/posts\/45785\/revisions"}],"predecessor-version":[{"id":45790,"href":"https:\/\/www.monempresarial.com\/ca\/wp-json\/wp\/v2\/posts\/45785\/revisions\/45790"}],"wp:featuredmedia":[{"embeddable":true,"href":"https:\/\/www.monempresarial.com\/ca\/wp-json\/wp\/v2\/media\/45787"}],"wp:attachment":[{"href":"https:\/\/www.monempresarial.com\/ca\/wp-json\/wp\/v2\/media?parent=45785"}],"wp:term":[{"taxonomy":"category","embeddable":true,"href":"https:\/\/www.monempresarial.com\/ca\/wp-json\/wp\/v2\/categories?post=45785"},{"taxonomy":"post_tag","embeddable":true,"href":"https:\/\/www.monempresarial.com\/ca\/wp-json\/wp\/v2\/tags?post=45785"}],"curies":[{"name":"wp","href":"https:\/\/api.w.org\/{rel}","templated":true}]}}