{"id":459,"date":"2014-03-25T08:00:09","date_gmt":"2014-03-25T07:00:09","guid":{"rendered":"http:\/\/monempresarial.com\/?p=459"},"modified":"2015-01-19T19:52:34","modified_gmt":"2015-01-19T18:52:34","slug":"el-futur-del-model-comercial-catala","status":"publish","type":"post","link":"https:\/\/www.monempresarial.com\/ca\/2014\/03\/25\/el-futur-del-model-comercial-catala\/","title":{"rendered":"El futur del model comercial catal\u00e0"},"content":{"rendered":"<h5>Davant la recentment aprovada Llei de la Unitat de Mercat, els empresaris es pregunten per l\u2019encaix del futur del model comercial catal\u00e0 dins l\u2019Estat espanyol.<\/h5>\n<figure id=\"attachment_460\" aria-describedby=\"caption-attachment-460\" style=\"width: 600px\" class=\"wp-caption aligncenter\"><img decoding=\"async\" loading=\"lazy\" class=\"size-full wp-image-460\" title=\"El Govern catal\u00e0 pensa que la nova llei pot provocar una relaxaci\u00f3 de la seguretat en els processos de fabricaci\u00f3 de productes i prestaci\u00f3 de serveis\" alt=\"El Govern catal\u00e0 pensa que la nova llei pot provocar una relaxaci\u00f3 de la seguretat en els processos de fabricaci\u00f3 de productes i prestaci\u00f3 de serveis\" src=\"http:\/\/monempresarial.com\/wp-content\/uploads\/2014\/03\/monempresarial-152-futur-model-comercial-catala.png\" width=\"600\" height=\"400\" srcset=\"https:\/\/www.monempresarial.com\/wp-content\/uploads\/2014\/03\/monempresarial-152-futur-model-comercial-catala-300x200@2x.png 600w, https:\/\/www.monempresarial.com\/wp-content\/uploads\/2014\/03\/monempresarial-152-futur-model-comercial-catala-300x200.png 300w, https:\/\/www.monempresarial.com\/wp-content\/uploads\/2014\/03\/monempresarial-152-futur-model-comercial-catala-252x167.png 252w, https:\/\/www.monempresarial.com\/wp-content\/uploads\/2014\/03\/monempresarial-152-futur-model-comercial-catala-252x167@2x.png 504w\" sizes=\"(max-width: 600px) 100vw, 600px\" \/><figcaption id=\"caption-attachment-460\" class=\"wp-caption-text\">El Govern catal\u00e0 pensa que la nova llei pot provocar una relaxaci\u00f3 de la seguretat en els processos de fabricaci\u00f3 de productes i prestaci\u00f3 de serveis.\u00a0\u00a0\u00a0\u00a0\/\u00a0SHUTTERSTOCK<\/figcaption><\/figure>\n<p style=\"text-align: right;\"><strong>\u00c0ngels Soley \/ Raquel Ferreira<\/strong><\/p>\n<p>La patronal de la petita i mitjana empresa Pimec ha organitzat recentment una taula rodona per tal que empresaris i experts debatessin sobre les implicacions i conseq\u00fc\u00e8ncies de la Llei de la Unitat de Mercat que el Congr\u00e9s dels Diputats va aprovar el passat mes de desembre. En la seva intervenci\u00f3 a la trobada, l\u2019economista Santi Pag\u00e8s va sostenir que la nova normativa es fa en un context en el que el model urb\u00e0 catal\u00e0, font de cohesi\u00f3 social, s\u2019ha imposat, mentre que el perif\u00e8ric, de caire m\u00e9s industrial, ha entrat en crisi. Per aix\u00f2 s\u2019ha desenvolupat aquesta llei, per tal d\u2019afavorir les grans empreses de distribuci\u00f3. Davant d\u2019aquesta realitat, segons Pag\u00e8s, \u201ccal defensar el que \u00e9s nostre a capa i espasa.\u201d<\/p>\n<blockquote>\n<h2>\u201cAquesta llei respon a un model intervencionista que nom\u00e9s afavoreix un determinat model econ\u00f2mic i, per tant, no respon a la nostra estructura econ\u00f2mica, ni a la nostra manera de fer empresa\u201d<\/h2>\n<\/blockquote>\n<p>En aquest sentit, la patronat mateixa ha expressat tamb\u00e9 la seva preocupaci\u00f3 al respecte, donat que el nou text legal \u201ct\u00e9 unes implicacions competencials, constitucionals i econ\u00f2miques que, a m\u00e9s d\u2019afectar els principis fonamentals del model comercial de Catalunya, podrien modificar profundament el funcionament del mercat intern espanyol i perjudicar els interessos de les <em>pimes<\/em>\u201d.<\/p>\n<figure id=\"attachment_462\" aria-describedby=\"caption-attachment-462\" style=\"width: 405px\" class=\"wp-caption alignright\"><img decoding=\"async\" loading=\"lazy\" class=\" wp-image-462 \" title=\"Moment de la taula rodona organitzada per Pimec Comer\u00e7\" alt=\"Moment de la taula rodona organitzada per Pimec Comer\u00e7\" src=\"http:\/\/monempresarial.com\/wp-content\/uploads\/2014\/03\/monempresarial-152-futur-model-comercial-catala-taula-rodona.png\" width=\"405\" height=\"261\" srcset=\"https:\/\/www.monempresarial.com\/wp-content\/uploads\/2014\/03\/monempresarial-152-futur-model-comercial-catala-taula-rodona.png 578w, https:\/\/www.monempresarial.com\/wp-content\/uploads\/2014\/03\/monempresarial-152-futur-model-comercial-catala-taula-rodona-300x194.png 300w\" sizes=\"(max-width: 405px) 100vw, 405px\" \/><figcaption id=\"caption-attachment-462\" class=\"wp-caption-text\">Moment de la taula rodona organitzada per Pimec Comer\u00e7.\u00a0\u00a0\u00a0\u00a0\/\u00a0CEDIDA<\/figcaption><\/figure>\n<p>De la seva banda, el catedr\u00e0tic d\u2019Economia de la Universitat de Barcelona i professor visitant de la de Princeton, Germ\u00e0 Bel, va qualificar aquesta llei de \u201chip\u00f2critament liberalitzadora\u201d. En aquesta l\u00ednia, Bel es va mostrar a favor del reconeixement de qualsevol llic\u00e8ncia europea.<br \/>\nUna altra veu especialitzada \u00e9s la de l\u2019autor del llibre <em>Delenda est Hispania<\/em>, Albert Pont, recentment nomenat president del Cercle Catal\u00e0 de Negocis (CCN), associaci\u00f3 empresarial amb objectius sobiranistes i de manteniment del teixit de les <em>pimes<\/em>. L\u2019empresari va mostrar durant la trobada el seu desconcert davant del canvi que s\u2019ha produ\u00eft entre les grans corporacions comercials, que defensen models proteccionistes dels seus interessos, mentre que les <em>pimes<\/em> cerquen ara una certa liberalitzaci\u00f3 del mercat, quan abans era el contrari. En aquest sentit , Pont es pregunta si en aquest moment de globalitzaci\u00f3 i regularitzaci\u00f3 econ\u00f2mica ens hem de moure encara en els mateixos par\u00e0metres que tradicionalment han associat mercat i estat.<\/p>\n<blockquote>\n<h2>\u201cCrec que la llei respon als interessos de grans grups per poder subcontractar empreses m\u00e9s petites i cobrar la intermediaci\u00f3 en forma de comissions\u201d<\/h2>\n<\/blockquote>\n<h4>Igualtat d\u2019oportunitats<\/h4>\n<figure id=\"attachment_469\" aria-describedby=\"caption-attachment-469\" style=\"width: 321px\" class=\"wp-caption alignright\"><img decoding=\"async\" loading=\"lazy\" class=\"wp-image-469 \" title=\"Germ\u00e0 Bel, Catedr\u00e0tic d\u2019Economia de la UB\" alt=\"Germ\u00e0 Bel, Catedr\u00e0tic d\u2019Economia de la UB\" src=\"http:\/\/monempresarial.com\/wp-content\/uploads\/2014\/03\/monempresarial-152-futur-model-comercial-catala-germa-bel.png\" width=\"321\" height=\"296\" srcset=\"https:\/\/www.monempresarial.com\/wp-content\/uploads\/2014\/03\/monempresarial-152-futur-model-comercial-catala-germa-bel.png 459w, https:\/\/www.monempresarial.com\/wp-content\/uploads\/2014\/03\/monempresarial-152-futur-model-comercial-catala-germa-bel-300x276.png 300w\" sizes=\"(max-width: 321px) 100vw, 321px\" \/><figcaption id=\"caption-attachment-469\" class=\"wp-caption-text\">Germ\u00e0 Bel. \/ A. S.<\/figcaption><\/figure>\n<p>L\u2019especialista va dir que est em en una dicotomia entre proteccionisme i liberalisme i que \u201cels territoris han de poder competir en igualtat de condicions tant en l\u2019economia privada com en l\u2019administraci\u00f3 p\u00fablica\u201d. En aquest sentit, Pont va posar com a exemple els Estats Units, on cada territori aplica la seva pr\u00f2pia normativa. Segons el president de CCN, \u201caqu\u00ed no funciona perqu\u00e8 l\u2019Estat , centralitzador, vetlla pels interessos de les grans corporacions i per una \u00fanica comunitat aut\u00f2noma, que \u00e9s la de Madrid\u201d i va reflexio-nar \u201csi l\u2019Estat no ens pot garantir aquesta compet\u00e8ncia territorial en igualtat de condicions, hem d\u2019anar a un altre model econ\u00f2mic i pol\u00edtic.\u201d En qualsevol cas, Pimec reconeix tamb\u00e9 que \u201caquesta llei respon a un model intervencionista que nom\u00e9s afavoreix un determinat model econ\u00f2mic i, per tant, no respon a la nostra estructura econ\u00f2mica, ni a la nostra manera de fer empresa.\u201d<\/p>\n<div>\n<table width=\"500\" cellpadding=\"5\" bgcolor=\"#8FBC8F\">\n<tbody>\n<tr>\n<th colspan=\"4\" bgcolor=\"#548B54\"><span style=\"color: #ffffff;\"><strong>Entrevista a Germ\u00e0 Bel, Catedr\u00e0tic d\u2019Economia de la UB<\/strong><\/span><\/th>\n<\/tr>\n<tr>\n<td width=\"2\"><\/td>\n<td colspan=\"2\" valign=\"top\" width=\"496\">\n<h5>L\u2019economista i professor visitant de la Universitat de Princeton, acaba de publicar <em>Anatomia d\u2019un desengany<\/em> (Destino), on analitza les relacions entre Catalunya i Espanya.<\/h5>\n<\/td>\n<td width=\"2\"><\/td>\n<\/tr>\n<tr>\n<td colspan=\"4\">\n<h6 align=\"right\">A.S.<\/h6>\n<\/td>\n<\/tr>\n<tr>\n<td width=\"2\"><\/td>\n<td valign=\"top\" width=\"248\">\n<h4>Creu que la llei de la Unitat de Mercat persegueix la seva liberalitzaci\u00f3?<\/h4>\n<p>Una llei realment liberalitzadora reconeixeria qualsevol llic\u00e8ncia emesa no nom\u00e9s a Catalunya i Espanya, sin\u00f3 a l\u2019\u00e0mbit de la Uni\u00f3 europea (UE), i, a m\u00e9s, hauria de contemplar l\u2019establiment de responsabilitats civils subsidi\u00e0ries per a les administracions que registrin neglig\u00e8ncies en les activitats regulades. La llei no fa aix\u00f2, i el que s\u00ed que pot provocar \u00e9s la carrera a la baixa en algunes activitats.<\/p>\n<h4>De quines activitats es tractaria?<\/h4>\n<p>Per exemple, en el cas dels dip\u00f2sits energ\u00e8tics de gas, si tenim una carrera a la baixa en les regulacions, el que podria passar \u00e9s que tingu\u00e9ssim instal\u00b7lacions nocives d\u2019acord a llei. El que estaria b\u00e9 \u00e9s que el Govern es planteg\u00e9s establir una responsabilitat subsidi\u00e0ria de les regions pels seus defectes quant a les supervisions.<\/p>\n<h4>Quin creu que \u00e9s l\u2019objectiu real de la nova llei?<\/h4>\n<p>No es tracta d\u2019un text ni sincer ni responsable. \u00c9s recentralitzadora i no vol liberalitzar: el que busca es protegir les grans empreses espanyoles. Crec que la llei respon als interessos de grans grups per poder subcontractar a empreses m\u00e9s petites i poder cobrar la intermediaci\u00f3 en forma de comissions.<\/td>\n<td valign=\"top\" width=\"248\">\n<h4>La normativa pot solucionar la hiperregulaci\u00f3?<\/h4>\n<p>L\u2019exc\u00e9s de regulacions a l\u2019Estat \u00e9s una problem\u00e0tica que existeix, per\u00f2 \u00e9s que es tracta d\u2019un ens hiper-regulador. La meva opini\u00f3 \u00e9s que s\u2019han d\u2019aplicar escrupolosament les normatives de la UE per tal de fomentar la compet\u00e8ncia dels mercats oberts.<\/td>\n<td width=\"2\"><\/td>\n<\/tr>\n<\/tbody>\n<\/table>\n<\/div>\n","protected":false},"excerpt":{"rendered":"<p>Davant la recentment aprovada Llei de la Unitat de Mercat, els empresaris es pregunten per l\u2019encaix del futur del model comercial catal\u00e0 dins l\u2019Estat espanyol.<\/p>\n","protected":false},"author":1,"featured_media":484,"comment_status":"closed","ping_status":"open","sticky":false,"template":"","format":"standard","meta":{"_mi_skip_tracking":false,"mc4wp_mailchimp_campaign":[],"jnews-multi-image_gallery":[],"jnews_single_post":[],"jnews_primary_category":[]},"categories":[10],"tags":[],"_links":{"self":[{"href":"https:\/\/www.monempresarial.com\/ca\/wp-json\/wp\/v2\/posts\/459"}],"collection":[{"href":"https:\/\/www.monempresarial.com\/ca\/wp-json\/wp\/v2\/posts"}],"about":[{"href":"https:\/\/www.monempresarial.com\/ca\/wp-json\/wp\/v2\/types\/post"}],"author":[{"embeddable":true,"href":"https:\/\/www.monempresarial.com\/ca\/wp-json\/wp\/v2\/users\/1"}],"replies":[{"embeddable":true,"href":"https:\/\/www.monempresarial.com\/ca\/wp-json\/wp\/v2\/comments?post=459"}],"version-history":[{"count":0,"href":"https:\/\/www.monempresarial.com\/ca\/wp-json\/wp\/v2\/posts\/459\/revisions"}],"wp:featuredmedia":[{"embeddable":true,"href":"https:\/\/www.monempresarial.com\/ca\/wp-json\/wp\/v2\/media\/484"}],"wp:attachment":[{"href":"https:\/\/www.monempresarial.com\/ca\/wp-json\/wp\/v2\/media?parent=459"}],"wp:term":[{"taxonomy":"category","embeddable":true,"href":"https:\/\/www.monempresarial.com\/ca\/wp-json\/wp\/v2\/categories?post=459"},{"taxonomy":"post_tag","embeddable":true,"href":"https:\/\/www.monempresarial.com\/ca\/wp-json\/wp\/v2\/tags?post=459"}],"curies":[{"name":"wp","href":"https:\/\/api.w.org\/{rel}","templated":true}]}}