{"id":46355,"date":"2025-06-16T09:39:18","date_gmt":"2025-06-16T07:39:18","guid":{"rendered":"https:\/\/www.monempresarial.com\/?p=46355"},"modified":"2025-06-16T09:59:01","modified_gmt":"2025-06-16T07:59:01","slug":"els-i-les-economistes-de-catalunya-recolzen-una-major-els-i-les-economistes-de-catalunya-recolzen-una-major-autonomia-energetica-amb-renovables-pero-aposten-per-allargar-la-vida-de-les-centrals-nucle","status":"publish","type":"post","link":"https:\/\/www.monempresarial.com\/ca\/2025\/06\/16\/els-i-les-economistes-de-catalunya-recolzen-una-major-els-i-les-economistes-de-catalunya-recolzen-una-major-autonomia-energetica-amb-renovables-pero-aposten-per-allargar-la-vida-de-les-centrals-nucle\/","title":{"rendered":"Els i les economistes de Catalunya recolzen una major autonomia energ\u00e8tica amb renovables, per\u00f2 aposten per allargar la vida de les centrals nuclears"},"content":{"rendered":"<p><strong>\u2022 L\u2019economia catalana es troba en una situaci\u00f3 positiva, per\u00f2 amb una tend\u00e8ncia progressiva a la desacceleraci\u00f3, segons l\u2019Enquesta de Situaci\u00f3 Econ\u00f2mica \u2013 Primavera 2025.<\/strong><br \/>\n<strong>\u2022 El d\u00e8ficit fiscal de Catalunya amb l\u2019Estat \u00e9s, un cop m\u00e9s, la principal preocupaci\u00f3 del col\u00b7lectiu.<\/strong><br \/>\n<strong>\u2022La meitat dels enquestats i enquestades destaca la capacitat d\u2019atracci\u00f3 d\u2019inversi\u00f3 estrangera i de talent internacional com a punt fort de l\u2019economia catalana en l\u2019actual context internacional.<\/strong><br \/>\n<strong>\u2022 Un 34,6% est\u00e0 d\u2019acord amb la proposta d\u2019augmentar la taxa tur\u00edstica, per\u00f2 considera que la seva aplicaci\u00f3 hauria de ser flexible i tenir en compte les difer\u00e8ncies territorials.<\/strong><br \/>\n<strong>\u2022 Per demarcacions: tres de cada quatre economistes creu que la crisi de l\u2019habitatge \u00e9s el gran problema de Barcelona; a Girona, gaireb\u00e9 la meitat (46,4%) opina que la IA impactar\u00e0 en el desenvolupament del teixit empresarial local; l\u2019agricultura i la ramaderia s\u00f3n identificats com el sector amb m\u00e9s dificultats per cobrir vacants laborals, segons la meitat dels economistes de Lleida; i una \u00e0mplia majoria assenyala les defici\u00e8ncies en infraestructures com el gran escull de Tarragona.<\/strong><br \/>\n<strong>\u2022 L\u2019Enquesta Flash realitzada paral\u00b7lelament per la Comissi\u00f3 de Fiscalistes revela que el 80% dels economistes considera que l\u2019increment dels impostos sobre transmissions patrimonials i actes jur\u00eddics documentats (ITP-AJD) no afavorir\u00e0 el mercat de l\u2019habitatge a Catalunya i, en canvi, podria incentivar que els inversors optin per comprar fora del territori.<\/strong><\/p>\n<hr \/>\n<p>Els i les economistes recolzen una major autonomia energ\u00e8tica de Catalunya amb energies renovables, per\u00f2 alhora aposten per allargar la vida \u00fatil de les centrals nuclears, d\u2019acord amb els resultats de l\u2019Enquesta de Situaci\u00f3 Econ\u00f2mica \u2013 Primavera 2025 realitzada pel Col\u00b7legi d\u2019Economistes de Catalunya i presentada aquest divendres.<\/p>\n<p><img decoding=\"async\" loading=\"lazy\" class=\"aligncenter wp-image-46356 size-full\" src=\"https:\/\/www.monempresarial.com\/wp-content\/uploads\/2025\/06\/CEC-2025-copia-scaled.jpg\" alt=\"\" width=\"2560\" height=\"1333\" srcset=\"https:\/\/www.monempresarial.com\/wp-content\/uploads\/2025\/06\/CEC-2025-copia-scaled.jpg 2560w, https:\/\/www.monempresarial.com\/wp-content\/uploads\/2025\/06\/CEC-2025-copia-300x156.jpg 300w, https:\/\/www.monempresarial.com\/wp-content\/uploads\/2025\/06\/CEC-2025-copia-1024x533.jpg 1024w, https:\/\/www.monempresarial.com\/wp-content\/uploads\/2025\/06\/CEC-2025-copia-1536x800.jpg 1536w, https:\/\/www.monempresarial.com\/wp-content\/uploads\/2025\/06\/CEC-2025-copia-2048x1067.jpg 2048w, https:\/\/www.monempresarial.com\/wp-content\/uploads\/2025\/06\/CEC-2025-copia-600x313.jpg 600w, https:\/\/www.monempresarial.com\/wp-content\/uploads\/2025\/06\/CEC-2025-copia-750x391.jpg 750w, https:\/\/www.monempresarial.com\/wp-content\/uploads\/2025\/06\/CEC-2025-copia-1140x594.jpg 1140w\" sizes=\"(max-width: 2560px) 100vw, 2560px\" \/><\/p>\n<p>L\u2019apagada massiva del 28 d&#8217;abril que va deixar sense electricitat a tota la pen\u00ednsula ib\u00e8rica, paralitzant la majoria d\u2019activitats i deixant sense llum ni telecomunicacions a milions de persones, ha rellan\u00e7at el debat sobre el tipus de model energ\u00e8tic adequat. A l&#8217;espera de con\u00e8ixer l&#8217;informe final de les causes que van provocar l&#8217;apagada, tres de cada quatre enquestats i enquestades (75,8%) opinen que la prioritat per Catalunya ha de ser una major autonomia energ\u00e8tica mitjan\u00e7ant les renovables. El 45,6% recolza la via nuclear, mentre que el 27,7% creu que caldria fomentar la importaci\u00f3 d\u2019energia el\u00e8ctrica de Fran\u00e7a.<br \/>\nPel que fa al futur de les centrals nuclears catalanes, el 60,4% \u00e9s partidari d\u2019allargar-ne la vida \u00fatil m\u00e9s enll\u00e0 del calendari de tancament previst a partir de 2027. El 32,1% prefereix respectar les dates establertes i el 7,4% no s\u2019ha pronunciat.<\/p>\n<p><span style=\"color: #000080;\"><strong>ECONOMIA CATALANA<\/strong><\/span><br \/>\nL\u2019enquesta mostra que l\u2019economia catalana es troba en una situaci\u00f3 positiva, per\u00f2 amb una tend\u00e8ncia progressiva a la desacceleraci\u00f3. El 45,1% dels col\u00b7legiats i les col\u00b7legiades afirma que la situaci\u00f3 \u00e9s similar a la de fa un any i gaireb\u00e9 tres punts m\u00e9s que a l\u2019enquesta anterior. No obstant aix\u00f2, la percepci\u00f3 de millora baixa 8,2 punts fins al 35,7% respecte de l\u2019hivern. D\u2019altra banda, el percentatge de persones que detecta un deteriorament respecte a la primavera de 2024 augmenta fins al 18,7%.<br \/>\nL\u2019<strong>\u00cdndex de Confian\u00e7a<\/strong>, que engloba la percepci\u00f3 de la comunitat de l\u2019entitat i t\u00e9 en compte tots els factors que incideixen en la situaci\u00f3 econ\u00f2mica, es mant\u00e9 for\u00e7a estable: 5,72 per a l\u2019economia catalana i 5,48 per a l\u2019economia espanyola en una escala de 10. Al darrer sondeig, aquests valors eren de 5,74 i 5,54 respectivament, confirmant un lleuger declivi sostingut des de la tardor de l&#8217;any passat.<\/p>\n<p><span style=\"color: #000080;\"><strong>PRINCIPALS PROBLEMES DE L\u2019ECONOMIA CATALANA<\/strong><\/span><br \/>\nEl <strong>d\u00e8ficit fiscal de Catalunya amb l\u2019Estat<\/strong> \u00e9s, un cop m\u00e9s, la principal preocupaci\u00f3 dels i les economistes amb un 43,4%, una mica m\u00e9s d&#8217;un 1% que en l&#8217;anterior enquesta. La <strong>dificultat per a accedir a un habitatge<\/strong> mant\u00e9 el 37,4% del sondeig passat, per\u00f2 escala fins a la segona posici\u00f3 d\u2019aquest llistat. La <strong>baixa productivitat<\/strong> se situa en tercer lloc amb 32,4%, seguida de la<strong> manca de reformes estructurals<\/strong> amb 31,6%. El <strong>d\u00e8ficit en infraestructures i comunicacions<\/strong>, en cinqu\u00e8 lloc, marca una de les davallades m\u00e9s pronunciades al passar de 36,4% a 30,5%.<br \/>\nEn contrast, la preocupaci\u00f3 per la <strong>situaci\u00f3 pol\u00edtica<\/strong> augmenta, passant de 18,3% a l\u2019hivern al 23,6% a la primavera. D\u2019altra banda, l\u2019<strong>impacte de les mesures aranzel\u00e0ries<\/strong> imposades per l\u2019Administraci\u00f3 nord-americana preocupa al 17,6%.<\/p>\n<p><strong><span style=\"color: #000080;\">CONTEXT ECON\u00d2MIC I GEOPOL\u00cdTIC INTERNACIONAL<\/span><\/strong><br \/>\nEn el context internacional, s\u2019ha demanat als col\u00b7legiats identificar els principals punts forts de l\u2019economia catalana per navegar aquesta nova conjuntura. Cinc de cada 10 economistes (52,2%) destaca la seva capacitat d\u2019atracci\u00f3 d\u2019inversi\u00f3 estrangera i de talent internacional com l\u2019eix tractor; el 38,2% assenyala el sector tur\u00edstic; el 34,3% apunta la capacitat exportadora; i el 33,8% es decanta pel capital hum\u00e0 qualificat.<br \/>\nTaxa tur\u00edstica<br \/>\nA les portes de l\u2019estiu, els col\u00b7legiats i les col\u00b7legiades s\u2019han pronunciat sobre l\u2019increment de la taxa tur\u00edstica, que preveu duplicar el seu valor. La mesura havia d&#8217;entrar en vigor al maig com a decret llei, per\u00f2 ha estat ajornada almenys sis mesos en decidir el Govern tramitar-la com a projecte de llei. Un 34,6% dels enquestats i enquestades est\u00e0 d\u2019acord amb la proposta d\u2019augmentar l\u2019impost, per\u00f2 considera que la seva aplicaci\u00f3 hauria de ser flexible i tenir en compte les difer\u00e8ncies territorials, mentre que un 22,8% hi dona suport per\u00f2 assenyala que s\u2019hauria d\u2019haver comen\u00e7at a aplicar el mes de maig. D\u2019altra banda, un 26,1% rebutja la mesura i un 11,0% creu encertat endarrerir la seva aplicaci\u00f3 fins a l\u2019octubre.<\/p>\n<p><span style=\"color: #000080;\"><strong>DEMARCACIONS<\/strong><\/span><br \/>\nCom \u00e9s habitual, l\u2019Enquesta de Situaci\u00f3 Econ\u00f2mica tamb\u00e9 ha formulat una pregunta exclusiva a cada demarcaci\u00f3. La crisi d\u2019acc\u00e9s a l\u2019habitatge \u00e9s el principal problema que enfronta <strong>Barcelona<\/strong> amb un 73,7% de respostes, en l\u00ednia amb els resultats de les q\u00fcestions que m\u00e9s preocupen al col\u00b7lectiu al conjunt de Catalunya. Per darrera se situen les infraestructures, la mobilitat i el transport amb un 68,7% i la percepci\u00f3 d\u2019un model econ\u00f2mic massa centrat en els serveis i el turisme amb un 45,5%.<br \/>\nA <strong>Girona<\/strong>, gaireb\u00e9 la meitat (46,4%) dels enquestats i les enquestades opina que la intel\u00b7lig\u00e8ncia artificial tindr\u00e0 un impacte significatiu en el desenvolupament del teixit empresarial local, una visi\u00f3 no compartida pel 32,1%.<br \/>\nA<strong> Lleida<\/strong>, cinc de cada 10 economistes (55,6%) ha identificat l\u2019agricultura i la ramaderia com el sector amb m\u00e9s dificultats per cobrir vacants laborals. Un 16,7% ha assenyalat activitats de temporada o especialitzades i un 11,1% s\u2019ha referit al sector del metall i la ind\u00fastria.<br \/>\nUna \u00e0mplia majoria de 71,4% considera que el principal problema econ\u00f2mic a les comarques de<strong> Tarragona<\/strong> s\u00f3n les defici\u00e8ncies en infraestructures. En segon lloc, tot i a molta dist\u00e0ncia, apareix la inestabilitat institucional, mencionada pel 14,3% dels consultats.<\/p>\n<p><strong><span style=\"color: #000080;\">NOVETATS FISCALS SOBRE L\u2019IMPOST DE TRANSMISSIONS PATRIMONIALS (ITP) I ACTES JUR\u00cdDICS DOCUMENTATS (AJD)<\/span><\/strong><br \/>\nEn paral\u00b7lel a l\u2019Enquesta de Situaci\u00f3 Econ\u00f2mica \u2013 Primavera 2025, la Comissi\u00f3 de Fiscalistes de l\u2019entitat ha realitzat una <strong>Enquesta Flash<\/strong> entre els seus membres per con\u00e8ixer la seva opini\u00f3 en relaci\u00f3 a l\u2019increment dels impostos sobre transmissions patrimonials i activitats jur\u00eddiques documentades (ITP-AJD) que recull el Reial decret llei 5\/2025, de 25 de mar\u00e7.<br \/>\nUn percentatge majoritari del 77,9% afirma que la nova normativa no incentivar\u00e0 el mercat de l\u2019habitatge a Catalunya perqu\u00e8 l\u2019augment de la tributaci\u00f3 frenar\u00e0 l\u2019adquisici\u00f3.<br \/>\nAix\u00ed mateix, la meitat dels enquestats i les enquestades (58,4%) destaca que aquest augment no reportar\u00e0 una major recaptaci\u00f3 perqu\u00e8 incitar\u00e0 els inversors i les inversores a adquirir habitatges fora de Catalunya, front el 34,4% que opina el contrari.<br \/>\nD\u2019altra banda, el 84,4% dels membres de la Comissi\u00f3 de Fiscalistes assegura que la normativa que regula els grans tenidors (Decret llei 2\/2023, de 25 de febrer) \u00e9s ambigua i genera confusi\u00f3 a l\u2019hora d\u2019interpretar-la, i el 81,2% reconeix no saber determinar correctament el concepte de gran tenidor segons l\u2019actual reglament. Aquesta situaci\u00f3 \u00e9s especialment rellevant tenint en compte que, a partir del 27 de juny, entraran en vigor els nous tipus de l\u2019Impost sobre Transmissions Patrimonials i Actes Jur\u00eddics Documentats (ITP-AJD). La incertesa sobre la qualificaci\u00f3 com a gran tenidor pot generar inseguretat jur\u00eddica respecte a l\u2019aplicaci\u00f3 del tipus impositiu, que passar\u00e0 del 10-11% actual al 20% establert pel Reial decret llei 5\/2025, de 25 de mar\u00e7, per a aquests casos.<\/p>\n<p>El Col\u00b7legi d\u2019Economistes de Catalunya va posar en marxa l\u2019Enquesta de Situaci\u00f3 Econ\u00f2mica l\u2019any 2001 i, des de llavors, la realitza de manera peri\u00f2dica tres vegades l\u2019any: hivern, primavera i tardor.<\/p>\n","protected":false},"excerpt":{"rendered":"<p>\u00a0Els i les economistes recolzen una major autonomia energ\u00e8tica de Catalunya amb energies renovables, per\u00f2 alhora aposten per allargar la vida \u00fatil de les centrals nuclears, d\u2019acord amb els resultats de l\u2019Enquesta de Situaci\u00f3 Econ\u00f2mica \u2013 Primavera 2025 realitzada pel Col\u00b7legi d\u2019Economistes de Catalunya i presentada aquest divendres.<\/p>\n","protected":false},"author":2,"featured_media":46363,"comment_status":"closed","ping_status":"open","sticky":false,"template":"","format":"standard","meta":{"_mi_skip_tracking":false,"mc4wp_mailchimp_campaign":[],"jnews-multi-image_gallery":[],"jnews_single_post":[],"jnews_primary_category":[]},"categories":[9],"tags":[113,4955],"_links":{"self":[{"href":"https:\/\/www.monempresarial.com\/ca\/wp-json\/wp\/v2\/posts\/46355"}],"collection":[{"href":"https:\/\/www.monempresarial.com\/ca\/wp-json\/wp\/v2\/posts"}],"about":[{"href":"https:\/\/www.monempresarial.com\/ca\/wp-json\/wp\/v2\/types\/post"}],"author":[{"embeddable":true,"href":"https:\/\/www.monempresarial.com\/ca\/wp-json\/wp\/v2\/users\/2"}],"replies":[{"embeddable":true,"href":"https:\/\/www.monempresarial.com\/ca\/wp-json\/wp\/v2\/comments?post=46355"}],"version-history":[{"count":6,"href":"https:\/\/www.monempresarial.com\/ca\/wp-json\/wp\/v2\/posts\/46355\/revisions"}],"predecessor-version":[{"id":46374,"href":"https:\/\/www.monempresarial.com\/ca\/wp-json\/wp\/v2\/posts\/46355\/revisions\/46374"}],"wp:featuredmedia":[{"embeddable":true,"href":"https:\/\/www.monempresarial.com\/ca\/wp-json\/wp\/v2\/media\/46363"}],"wp:attachment":[{"href":"https:\/\/www.monempresarial.com\/ca\/wp-json\/wp\/v2\/media?parent=46355"}],"wp:term":[{"taxonomy":"category","embeddable":true,"href":"https:\/\/www.monempresarial.com\/ca\/wp-json\/wp\/v2\/categories?post=46355"},{"taxonomy":"post_tag","embeddable":true,"href":"https:\/\/www.monempresarial.com\/ca\/wp-json\/wp\/v2\/tags?post=46355"}],"curies":[{"name":"wp","href":"https:\/\/api.w.org\/{rel}","templated":true}]}}