{"id":46577,"date":"2025-08-04T09:05:48","date_gmt":"2025-08-04T07:05:48","guid":{"rendered":"https:\/\/www.monempresarial.com\/?p=46577"},"modified":"2025-07-29T09:46:43","modified_gmt":"2025-07-29T07:46:43","slug":"aranceles-y-guerra-comercial-retos-e-impacto-obre-la-economia-catalana","status":"publish","type":"post","link":"https:\/\/www.monempresarial.com\/ca\/2025\/08\/04\/aranceles-y-guerra-comercial-retos-e-impacto-obre-la-economia-catalana\/","title":{"rendered":"Aranceles y guerra comercial: retos e impacto sobre la econom\u00eda catalana"},"content":{"rendered":"<p><strong>L\u2019any 2025 ha marcat una nova etapa de tensions comercials. L\u2019Administraci\u00f3 Trump ha activat una s\u00e8rie de mesures aranzel\u00e0ries d\u2019alt impacte: un aranzel general del 10% sobre totes les importacions dels Estats Units (des del 5 d\u2019abril) i tarifes espec\u00edfiques per a productes de la Uni\u00f3 Europea, de la Xina i d\u2019altres pa\u00efsos (Canad\u00e0, M\u00e8xic&#8230;), a m\u00e9s d\u2019un increment de fins al 50% per a l\u2019acer, l\u2019alumini i els components d\u2019autom\u00f2bil. <\/strong><\/p>\n<h4><strong><span style=\"color: #000080;\">CARLOS PUIG DE TRAVY.<\/span> Deg\u00e0 del Col\u00b7legi d\u2019Economistes de Catalunya<br \/>\n<\/strong><\/h4>\n<hr \/>\n<p>Tamb\u00e9 es preveu un nou <span style=\"color: #000080;\">\u201cimpost o aranzel de repres\u00e0lia financer\u201d<\/span> contra persones i entitats de pa\u00efsos que imposin taxes, subsidis o barreres que Washington considera injustes contra empreses o ciutadans nord-americans, com els impostos digitals o les normes BEPS (sobre beneficis empresarials poc gravats). Aquesta iniciativa ser\u00e0 dif\u00edcil d\u2019aplicar, ja que no t\u00e9 en compte que els Estats Units tenen, amb la majoria dels pa\u00efsos de l\u2019OCDE, convenis per evitar la doble imposici\u00f3 que impedirien l\u2019aplicaci\u00f3 efectiva d\u2019aquest impost, en la mesura que tenen rang superior a la llei interna nord-americana, segons la secci\u00f3 894 de l\u2019IRC (Internal Revenue Code of 1986). De totes maneres aquesta situaci\u00f3 genera inseguretat jur\u00eddica als afectats.<\/p>\n<p>Aquestes mesures no nom\u00e9s afecten les relacions comercials bilaterals, sin\u00f3 que estan redibuixant els fluxos globals i <span style=\"color: #000080;\">poden desencadenar una reacci\u00f3 per tornar al proteccionisme a escala global amb els importants efectes que aix\u00f2 podria suposa<\/span>r, a m\u00e9s de redefinir l\u2019equilibri de forces entre les diferents regions econ\u00f2miques i els diversos l\u00edders mundials.<\/p>\n<blockquote>\n<h4><span style=\"color: #000080;\"><img decoding=\"async\" loading=\"lazy\" class=\" wp-image-46560 alignright\" src=\"https:\/\/www.monempresarial.com\/wp-content\/uploads\/2025\/07\/icono-1.jpg\" alt=\"\" width=\"146\" height=\"136\" \/>Es preveu un nou \u201cimpost o aranzel de repres\u00e0lia financer\u201d contra persones i entitats de pa\u00efsos que imposin taxes, subsidis o barreres que Washington considera injustes contra empreses o ciutadans nord-americans <\/span><\/h4>\n<\/blockquote>\n<p><strong><span style=\"color: #000080;\">CATALUNYA:\u00a0UNA ECONOMIA OBERTA SOTA PRESSI\u00d3<\/span><\/strong><br \/>\nCatalunya, amb un <span style=\"color: #000080;\">model econ\u00f2mic basat en l\u2019exportaci\u00f3<\/span>, no en queda al marge. Segons la Generalitat de Catalunya, <span style=\"color: #000080;\">aquestes noves barreres podrien afectar m\u00e9s de 3.100 empreses, amb un impacte sobre el PIB regional de fins al 0,2%<\/span>.<\/p>\n<p>Els sectors m\u00e9s vulnerables s\u00f3n l\u2019automoci\u00f3 i els seus components, la qu\u00edmica i farm\u00e0cia, el sector agroalimentari (vins i oli, entre altres) i els b\u00e9ns d\u2019equip i maquin\u00e0ria.<\/p>\n<p><span style=\"color: #000080;\">Segons dades de la Cambra de Comer\u00e7 de Barcelona, l\u2019impacte potencial seria de 1.055 milions d\u2019euros<\/span>, dividits entre 281 milions d\u2019euros d\u2019afectaci\u00f3 directa i 774 milions d\u2019euros en efectes col\u00b7laterals sobre cadenes de valor i prove\u00efdors.<\/p>\n<p><strong><span style=\"color: #000080;\">UNA ECONOMIA GLOBAL M\u00c9S INFLACION\u00c0RIA<\/span><\/strong><br \/>\nLes guerres aranzel\u00e0ries generen no nom\u00e9s friccions comercials sin\u00f3, tamb\u00e9, efectes inflacionaris globals per una s\u00e8rie de motius:<\/p>\n<p><span style=\"color: #000080;\">\u2022 Canvis en les cadenes de prove\u00efment:<\/span> empreses globals que depenen de components xinesos o nord-americans han de cercar alternatives m\u00e9s cares.<\/p>\n<p><span style=\"color: #000080;\">\u2022 Efecte d\u00f2mino de repres\u00e0lies:<\/span> si un pa\u00eds com la Xina imposa aranzels al blat de moro nord-americ\u00e0, busca altres prove\u00efdors, cosa que fa pujar els preus mundials.<\/p>\n<p><span style=\"color: #000080;\">\u2022 Augment dels preus dels b\u00e9ns per altres mercats:<\/span> pa\u00efsos que exporten als Estats Units (com M\u00e8xic o Alemanya) poden traslladar increments de preus a <span style=\"color: #000080;\">altres mercats per compensar p\u00e8rdues de marges.<\/span><\/p>\n<p><span style=\"color: #000080;\">\u2022 Reorientaci\u00f3 del comer\u00e7:<\/span> d\u2019una banda, importar de mercats m\u00e9s llunyans incrementa costos log\u00edstics i provoca inefici\u00e8ncies i, de l\u2019altra, les exportacions que anaven als Estats Units es poden acabar desviant a altres mercats reduint preus.<\/p>\n<p><span style=\"color: #000080;\">\u2022 Tensions en primeres mat\u00e8ries:<\/span> l\u2019encariment de l\u2019acer, l\u2019alumini o el petroli repercuteix directament sobre la construcci\u00f3, l\u2019energia i el transport.<\/p>\n<p><span style=\"color: #000080;\">\u2022 Incertesa financera i canvis de divisa:<\/span> la volatilitat del d\u00f2lar o del iuan t\u00e9 un efecte directe en les importacions i la inflaci\u00f3 local.<\/p>\n<blockquote>\n<h4><span style=\"color: #000080;\"><img decoding=\"async\" loading=\"lazy\" class=\"wp-image-46562 alignright\" src=\"https:\/\/www.monempresarial.com\/wp-content\/uploads\/2025\/07\/icono-2-1.jpg\" alt=\"\" width=\"157\" height=\"151\" \/>Els aranzels, malgrat ser un instrument leg\u00edtim de pol\u00edtica comercial, poden tenir conseq\u00fc\u00e8ncies econ\u00f2miques negatives a escala global<br \/>\n<\/span><\/h4>\n<\/blockquote>\n<p><strong><span style=\"color: #000080;\">RESPOSTES INSTITUCIONALS A CATALUNYA<\/span><\/strong><\/p>\n<p><span style=\"color: #000080;\">La Generalitat de Catalunya ha activat una s\u00e8rie de mesures de xoc dins del <em>Pla de Defensa de la Catalunya de tothom<\/em><\/span> que s\u2019agrupen en els seg\u00fcents cinc eixos:<\/p>\n<p><span style=\"color: #000080;\">\u2022 L\u00ednia d\u2019ajuts de 300 milions d\u2019euros<\/span> a sectors cr\u00edtics.<\/p>\n<p><span style=\"color: #000080;\">\u2022<\/span> <span style=\"color: #000080;\">Pr\u00e9stecs de l\u2019Institut Catal\u00e0 de Finances (ICF)<\/span> per valor de 900 milions d\u2019euros per refor\u00e7ar la internacionalitzaci\u00f3.<\/p>\n<p><span style=\"color: #000080;\">\u2022 Campanyes de promoci\u00f3 internacional<\/span> i suport log\u00edstic des de les delegacions d\u2019ACCI\u00d3 a Nova York i Miami.<\/p>\n<p><span style=\"color: #000080;\">\u2022 Programa \u201cAdapta\u2019t als nous Estats Units\u201d<\/span> amb assessorament legal, webinars i acompanyament.<\/p>\n<p><span style=\"color: #000080;\">\u2022 Jornades formatives i assessorament<\/span> sobre riscos aranzelaris, gesti\u00f3 de divises i estrat\u00e8gies d\u2019internacionalitzaci\u00f3.<\/p>\n<p>Aquestes iniciatives s\u2019emmarquen en el Pla de Competitivitat Internacional 2024\u20132028, que tamb\u00e9 preveu suport a la digitalitzaci\u00f3, pres\u00e8ncia a fires i cerca de nous mercats (\u00c0sia, Llatinoam\u00e8rica, \u00c0frica).<\/p>\n<blockquote>\n<h4><span style=\"color: #000080;\"><img decoding=\"async\" loading=\"lazy\" class=\"wp-image-46564 alignright\" src=\"https:\/\/www.monempresarial.com\/wp-content\/uploads\/2025\/07\/icono-3.jpg\" alt=\"\" width=\"119\" height=\"146\" \/><\/span><span style=\"color: #000080;\">En paraules de Dani Rodrik: \u201cLa globalitzaci\u00f3 nom\u00e9s \u00e9s sostenible si no es converteix en un instrument per imposar guanyadors i perdedors\u201c<\/span><\/h4>\n<\/blockquote>\n<p><strong><span style=\"color: #000080;\">CONCLUSIONS<\/span><\/strong><br \/>\nEls aranzels, malgrat ser un instrument leg\u00edtim de pol\u00edtica comercial, poden tenir conseq\u00fc\u00e8ncies econ\u00f2miques negatives a escala global. Segons l\u2019\u00faltim informe de la UNCTAD (Confer\u00e8ncia de les Nacions Unides sobre Comer\u00e7 i Desenvolupament), <span style=\"color: #000080;\">les guerres aranzel\u00e0ries desincentiven la inversi\u00f3, afecten les cadenes globals de valor i poden reduir el creixement global en m\u00e9s d\u2019un 1%<\/span> en escenaris de tensi\u00f3 perllongada.<\/p>\n<p>Els pa\u00efsos petits i mitjans, com Catalunya dins l\u2019\u00f2rbita de la Uni\u00f3 Europea, en surten especialment perjudicats, ja que depenen m\u00e9s de l\u2019acc\u00e9s a mercats exteriors i tenen menys capacitat de resposta unilateral.<\/p>\n<p>Tot i que els aranzels nord-americans tenen un efecte disruptiu sobre l\u2019ordre comercial global i posen en tensi\u00f3 economies obertes, com la catalana, tamb\u00e9 ofereixen una oportunitat per:<\/p>\n<p><span style=\"color: #000080;\">\u2022<\/span> Diversificar mercats.<\/p>\n<p><span style=\"color: #000080;\">\u2022<\/span> Millorar la gesti\u00f3 del risc.<\/p>\n<p><span style=\"color: #000080;\">\u2022<\/span> Millorar efici\u00e8ncia log\u00edstica i resili\u00e8ncia.<\/p>\n<p><span style=\"color: #000080;\">\u2022<\/span> Refor\u00e7ar la defensa institucional del comer\u00e7 multilateral.<\/p>\n<p>En paraules de l\u2019economista i professor turc Dani Rodrik: <span style=\"color: #000080;\">\u201cLa globalitzaci\u00f3 nom\u00e9s \u00e9s sostenible si no es converteix en un instrument per imposar guanyadors i perdedors\u201d. La resposta passa per una Europa m\u00e9s assertiva i una Catalunya que segueixi apostant per la competitivitat global basada en la innovaci\u00f3 i la proximitat als mercats.<\/span><\/p>\n<hr \/>\n<p><span style=\"font-size: 12px;\">Bibliografia<\/span><br \/>\n<span style=\"font-size: 12px;\">1. The White House (2025). Proclamation on Adjusting Imports of Steel and Aluminum into the United States.<\/span><br \/>\n<span style=\"font-size: 12px;\">2. Barr\u00eda, C. (2025). C\u00f3mo puede afectar a la econom\u00eda de M\u00e9xico que Trump haya impuesto un arancel del 25%. BBC News Mundo.<\/span><br \/>\n<span style=\"font-size: 12px;\">3. Cadena SER Catalunya (14.02.2025). El Govern xifra l\u2019impacte potencial de la guerra comercial: 0,2% del PIB i m\u00e9s de 3.000 empreses.<\/span><br \/>\n<span style=\"font-size: 12px;\">4. Cambra de Comer\u00e7 de Barcelona (2025). Informe mensual de conjuntura internacional.<\/span><br \/>\n<span style=\"font-size: 12px;\">5. S\u00e1nchez-Qui\u00f1ones, J. (13.06.2025). Seudo arancel financiero en forma de impuesto represalia. El Economista \/ LinkedIn.<\/span><br \/>\n<span style=\"font-size: 12px;\">6. Documento intern de s\u00edntesi (2025). Efectes de les pol\u00edtiques aranzel\u00e0ries sobre la inflaci\u00f3 global.<\/span><br \/>\n<span style=\"font-size: 12px;\">7. UNCTAD (2025). World Investment Report.<\/span><br \/>\n<span style=\"font-size: 12px;\">8. Generalitat de Catalunya \u2013 ACCI\u00d3 (2024). Pla de Competitivitat Internacional 2024\u20132028.<\/span><br \/>\n<span style=\"font-size: 12px;\">9. European Commission (2025). \u201cEU response to US tariffs\u201d. <\/span><br \/>\n<span style=\"font-size: 12px;\">10. Financial Times (04.04.2025). \u201cUS escalates tariffs amid global trade tensions.<\/span><\/p>\n","protected":false},"excerpt":{"rendered":"<p>L\u2019any 2025 ha marcat una nova etapa de tensions comercials. L\u2019Administraci\u00f3 Trump ha activat una s\u00e8rie de mesures aranzel\u00e0ries d\u2019alt impacte: un aranzel general del 10% sobre totes les importacions dels Estats Units (des del 5 d\u2019abril) i tarifes espec\u00edfiques per a productes de la Uni\u00f3 Europea, de la Xina i d\u2019altres pa\u00efsos (Canad\u00e0, M\u00e8xic&#8230;), a m\u00e9s d\u2019un increment de fins al 50% per a l\u2019acer, l\u2019alumini i els components d\u2019autom\u00f2bil. <\/p>\n","protected":false},"author":96,"featured_media":46575,"comment_status":"closed","ping_status":"closed","sticky":false,"template":"","format":"standard","meta":{"_mi_skip_tracking":false,"mc4wp_mailchimp_campaign":[],"jnews-multi-image_gallery":[],"jnews_single_post":[],"jnews_primary_category":[]},"categories":[10820,10815,10845],"tags":[113,5900,8375,11522],"_links":{"self":[{"href":"https:\/\/www.monempresarial.com\/ca\/wp-json\/wp\/v2\/posts\/46577"}],"collection":[{"href":"https:\/\/www.monempresarial.com\/ca\/wp-json\/wp\/v2\/posts"}],"about":[{"href":"https:\/\/www.monempresarial.com\/ca\/wp-json\/wp\/v2\/types\/post"}],"author":[{"embeddable":true,"href":"https:\/\/www.monempresarial.com\/ca\/wp-json\/wp\/v2\/users\/96"}],"replies":[{"embeddable":true,"href":"https:\/\/www.monempresarial.com\/ca\/wp-json\/wp\/v2\/comments?post=46577"}],"version-history":[{"count":3,"href":"https:\/\/www.monempresarial.com\/ca\/wp-json\/wp\/v2\/posts\/46577\/revisions"}],"predecessor-version":[{"id":46580,"href":"https:\/\/www.monempresarial.com\/ca\/wp-json\/wp\/v2\/posts\/46577\/revisions\/46580"}],"wp:featuredmedia":[{"embeddable":true,"href":"https:\/\/www.monempresarial.com\/ca\/wp-json\/wp\/v2\/media\/46575"}],"wp:attachment":[{"href":"https:\/\/www.monempresarial.com\/ca\/wp-json\/wp\/v2\/media?parent=46577"}],"wp:term":[{"taxonomy":"category","embeddable":true,"href":"https:\/\/www.monempresarial.com\/ca\/wp-json\/wp\/v2\/categories?post=46577"},{"taxonomy":"post_tag","embeddable":true,"href":"https:\/\/www.monempresarial.com\/ca\/wp-json\/wp\/v2\/tags?post=46577"}],"curies":[{"name":"wp","href":"https:\/\/api.w.org\/{rel}","templated":true}]}}