{"id":48535,"date":"2025-10-20T13:11:17","date_gmt":"2025-10-20T11:11:17","guid":{"rendered":"https:\/\/www.monempresarial.com\/?p=48535"},"modified":"2025-10-20T14:17:08","modified_gmt":"2025-10-20T12:17:08","slug":"arriba-la-8a-edicio-de-lifest-la-competicio-que-impulsa-la-creativitat-i-lemprenedoria-juvenil-a-catalunya","status":"publish","type":"post","link":"https:\/\/www.monempresarial.com\/ca\/2025\/10\/20\/arriba-la-8a-edicio-de-lifest-la-competicio-que-impulsa-la-creativitat-i-lemprenedoria-juvenil-a-catalunya\/","title":{"rendered":"Arriba la 8a edici\u00f3 de l\u2019iFest, <BR>la competici\u00f3 que impulsa la creativitat i l\u2019emprenedoria juvenil a Catalunya"},"content":{"rendered":"<p><strong>El Govern de la Generalitat de Catalunya ha posat en marxa la vuitena edici\u00f3 de l\u2019iFest, un programa d\u2019emprenedoria i innovaci\u00f3 que promou el talent del jovent del pa\u00eds amb l\u2019objectiu d\u2019incentivar i fomentar la seva capacitat per aportar solucions a reptes de la societat i fer-les realitat. Aquesta iniciativa busca conscienciar els i les joves que les seves idees tenen valor i poden transformar el m\u00f3n, alhora que els proporciona eines i recursos per desenvolupar-les.<\/strong><\/p>\n<hr \/>\n<p>L\u2019<span style=\"color: #000080;\"><a style=\"color: #000080;\" href=\"https:\/\/ifest.cat\/\">iFest<\/a><\/span> \u00e9s un programa estrat\u00e8gic que ofereix\u00a0acompanyament i formaci\u00f3 en innovaci\u00f3,\u00a0tecnologia i emprenedoria\u00a0per promoure el talent juvenil i fomentar la creaci\u00f3 de projectes amb un impacte real. Un espai \u00fanic que es converteix en una\u00a0competici\u00f3 per empoderar l\u2019alumnat a desenvolupar les seves habilitats creatives, treballar en equip, i afegir valor als reptes plantejats per les diverses empreses i institucions. D\u2019aquesta manera, es promou l\u2019aprenentatge pr\u00e0ctic i es crea una\u00a0experi\u00e8ncia transformadora que connecta el jovent amb les necessitats de les societats.<\/p>\n<p>Els participants de l\u2019iFest s\u00f3n estudiants de 3r i 4t d\u2019ESO, formaci\u00f3 professional, batxillerat, estudiants universitaris i\/o emprenedors\/es de fins a 30 anys que s\u2019organitzen en equips de dos o tres participants (<em>players)<\/em>\u00a0per resoldre els reptes. Aquests combinen ci\u00e8ncia, tecnologia i disrupci\u00f3 i estan estretament vinculats als\u00a0Objectius de Desenvolupament Sostenible (ODS), amb l\u2019objectiu de generar un impacte social tangible.<\/p>\n<p>Enguany,\u00a0el programa torna a reunir cinc departaments de la Generalitat de Catalunya\u00a0(Empresa i Treball; Educaci\u00f3 i Formaci\u00f3 Professional; Recerca i Universitats, Agricultura, Ramaderia, Pesca i Alimentaci\u00f3; i Cultura) per posar al servei dels joves\u00a0reptes que permetin explorar solucions innovadores amb aplicaci\u00f3 real.<\/p>\n<blockquote>\n<h4><span style=\"color: #000080;\">Aquest programa del Govern mobilitza centres educatius, universitats, empreses i institucions perqu\u00e8 joves d\u2019arreu de Catalunya desenvolupin solucions emprenedores.<\/span><\/h4>\n<\/blockquote>\n<p>&nbsp;<\/p>\n<p><span style=\"color: #000080;\"><strong>ELS REPTES D\u2019AQUESTA EDICI\u00d3<\/strong><\/span><br \/>\nL\u2019iFest repeteix la col\u00b7laboraci\u00f3 amb algunes de les\u00a0organitzacions\u00a0de l\u2019anterior edici\u00f3\u00a0fortament arrelades a Catalunya, l\u00edders en innovaci\u00f3 i que volen generar un impacte positiu.<\/p>\n<ul>\n<li><span style=\"color: #000080;\">3Cat\u2013<\/span> Com podem automatitzar el coneixement de les necessitats i prefer\u00e8ncies de l\u2019audi\u00e8ncia jove per garantir que 3Cat sigui la seva plataforma de refer\u00e8ncia i fomentar la difusi\u00f3 de la cultura catalana?<\/li>\n<li><span style=\"color: #000080;\">Ferrocarrils de la Generalitat de Catalunya\u00a0\u2013 <\/span>Com podem fer m\u00e9s amables les estacions de FGC?<\/li>\n<li><span style=\"color: #000080;\">Rodalies de Catalunya-Renfe\u00a0\u2013 <\/span>Com podem aprofitar el temps de viatge en tren per crear experi\u00e8ncies d\u2019aprenentatge, entreteniment i interacci\u00f3 entre viatgers?<\/li>\n<li><span style=\"color: #000080;\">42 Barcelona de la Fundaci\u00f3n Telef\u00f3nica\u2013 <\/span>Com podem contrarestar els discursos d\u2019odi, discriminatoris i contra els drets humans a les xarxes socials mitjan\u00e7ant eines digitals?<\/li>\n<li><span style=\"color: #000080;\">Hospital Vall d\u2019Hebron\u00a0\u2013<\/span> Com deshabituar l\u2019addicci\u00f3 a les xarxes socials i pantalles dels adolescents?<\/li>\n<li><span style=\"color: #000080;\">Hospital Sant Joan de D\u00e9u\u00a0\u2013 <\/span>Quines solucions innovadores podr\u00edem implementar per prevenir i identificar el\u00a0bullying\u00a0al centre educatiu?<\/li>\n<li><span style=\"color: #000080;\">Veritas\u00a0\u2013 <\/span>Com fem que l\u2019interior d\u2019un supermercat Veritas sigui atractiu a clients de la generaci\u00f3 Z i alhora sigui sostenible?<\/li>\n<li><span style=\"color: #000080;\">Fundaci\u00f3 Catalana per a la Recerca i la Innovaci\u00f3 (FCRi)\u2013<\/span> Com podem combatre les <em>fake news<\/em> amb IA: m\u00e9s enll\u00e0 de les apps?<\/li>\n<li><span style=\"color: #000080;\">Fundaci\u00f3 Barcelona Music Lab\u00a0\u2013<\/span> Com es pot millorar l\u2019experi\u00e8ncia dels fans amb mobilitat redu\u00efda o persones sordes o cegues durant un festival de m\u00fasica?<\/li>\n<li><span style=\"color: #000080;\">Merck \u2013<\/span> Com podem assegurar l&#8217;administraci\u00f3 efectiva de tractaments, la tra\u00e7abilitat i el seguiment de medicaments involucrant els pacients, els cuidadors i els professionals de la salut i l&#8217;administraci\u00f3?<\/li>\n<li><span style=\"color: #000080;\">Repte lliure \u2013 <\/span>En el cas dels participants que s\u2019inscriguin a la categoria S\u00e8nior, els equips tamb\u00e9 tenen l\u2019opci\u00f3 d\u2019escollir un repte de lliure elecci\u00f3, amb l\u2019oportunitat de presentar projectes de qualsevol tem\u00e0tica, sigui donant continu\u00eftat a una iniciativa pr\u00e8via o comen\u00e7ar-ne una de nova.<\/li>\n<\/ul>\n<p>En el cas dels\u00a0participants que s\u2019inscriguin a la categoria S\u00e8nior, els equips tamb\u00e9 tenen\u00a0l\u2019opci\u00f3 d\u2019escollir un repte de lliure elecci\u00f3. Aix\u00f2 permet que els estudiants amb esperit emprenedor tinguin l\u2019oportunitat de presentar\u00a0projectes de qualsevol tem\u00e0tica, ja sigui donant continu\u00eftat a una iniciativa pr\u00e8via o comen\u00e7ar-ne una de nova. Aquesta modalitat busca donar espai a la creativitat, potenciant l\u2019autonomia dels estudiants i afavorint la generaci\u00f3 de solucions innovadores en qualsevol \u00e0mbit.<\/p>\n<p><span style=\"color: #000080;\"><strong>FORMACI\u00d3, COMPETICI\u00d3 I ACCELERACI\u00d3<\/strong><\/span><br \/>\nL\u2019iFest tamb\u00e9 t\u00e9 una vessant formativa. Els participants que ho desitgin es poden formar\u00a0a trav\u00e9s de<span style=\"color: #000080;\"> <a style=\"color: #000080;\" href=\"https:\/\/bootcamp.ifest.cat\/\">l\u2019iFest Bootcamp,<\/a><\/span> un entrenament intensiu en\u00a0prototipatge, innovaci\u00f3, i emprenedoria\u00a0per mitj\u00e0 de la metodologia de\u00a0<em>design thinking.\u00a0<\/em>Aquesta plataforma proporciona eines pr\u00e0ctiques que ajudaran els participants a desenvolupar els seus projectes i convertir les seves idees en una realitat.<\/p>\n<p>L\u2019iFest culmina amb\u00a0la <span style=\"color: #000080;\">iFest Challenge Competition,<\/span> amb inscripcions obertes a partir del gener \u00a0de 2026,\u00a0i la gran final prevista per al mes de maig<em>.\u00a0<\/em>Durant aquesta jornada, els equips hauran de presentar la seva soluci\u00f3 davant d\u2019un\u00a0jurat professional\u00a0que seleccionar\u00e0 els tres millors projectes de cada categoria, J\u00fanior i S\u00e8nior.<\/p>\n<blockquote>\n<h4><span style=\"color: #000080;\">Les inscripcions per presentar els projectes davant del jurat s&#8217;obriran a comen\u00e7aments del 2026 i la gran final de la competici\u00f3 tindr\u00e0 lloc al maig.<\/span><\/h4>\n<\/blockquote>\n<p>Finalment, els\u00a0equips guanyadors\u00a0podran continuar desenvolupant els seus projectes en el marc de\u00a0la <span style=\"color: #000080;\">iFest Acceleration,<\/span> al juny: els equips J\u00fanior tindran l\u2019oportunitat de gaudir d\u2019una setmana d\u2019immersi\u00f3 a l\u2019ecosistema emprenedor de Catalunya, i els equips S\u00e8nior podran viure aquesta experi\u00e8ncia a l\u2019estranger. Aquesta fase permet\u00a0consolidar les seves idees i posar-les a prova amb mentoria, visites a entitats i acc\u00e9s a l\u2019ecosistema d\u2019innovaci\u00f3.<\/p>\n<p>Tot, amb l\u2019objectiu de fer cr\u00e9ixer les idees, connectar, i demostrar que els i les joves poden transformar el futur.<\/p>\n<p><strong><span style=\"color: #000080;\">Consulta tota la informaci\u00f3 de l\u2019iFest a <\/span><\/strong><span style=\"color: #000080;\"><a style=\"color: #000080;\" href=\"https:\/\/ifest.cat\/\"><strong>https:\/\/ifest.cat\/<\/strong><\/a><\/span><\/p>\n","protected":false},"excerpt":{"rendered":"<p>El Govern de la Generalitat de Catalunya ha posat en marxa la vuitena edici\u00f3 de l\u2019iFest, un programa d\u2019emprenedoria i innovaci\u00f3 que promou el talent del jovent del pa\u00eds amb l\u2019objectiu d\u2019incentivar i fomentar la seva capacitat per aportar solucions a reptes de la societat i fer-les realitat. Aquesta iniciativa busca conscienciar els i les joves que les seves idees tenen valor i poden transformar el m\u00f3n, alhora que els proporciona eines i recursos per desenvolupar-les.<\/p>\n","protected":false},"author":2,"featured_media":48548,"comment_status":"closed","ping_status":"open","sticky":false,"template":"","format":"standard","meta":{"_mi_skip_tracking":false,"mc4wp_mailchimp_campaign":[],"jnews-multi-image_gallery":[],"jnews_single_post":[],"jnews_primary_category":[]},"categories":[10820,10826,10815,10828,10817,10838],"tags":[181,252,931,11601],"_links":{"self":[{"href":"https:\/\/www.monempresarial.com\/ca\/wp-json\/wp\/v2\/posts\/48535"}],"collection":[{"href":"https:\/\/www.monempresarial.com\/ca\/wp-json\/wp\/v2\/posts"}],"about":[{"href":"https:\/\/www.monempresarial.com\/ca\/wp-json\/wp\/v2\/types\/post"}],"author":[{"embeddable":true,"href":"https:\/\/www.monempresarial.com\/ca\/wp-json\/wp\/v2\/users\/2"}],"replies":[{"embeddable":true,"href":"https:\/\/www.monempresarial.com\/ca\/wp-json\/wp\/v2\/comments?post=48535"}],"version-history":[{"count":8,"href":"https:\/\/www.monempresarial.com\/ca\/wp-json\/wp\/v2\/posts\/48535\/revisions"}],"predecessor-version":[{"id":48562,"href":"https:\/\/www.monempresarial.com\/ca\/wp-json\/wp\/v2\/posts\/48535\/revisions\/48562"}],"wp:featuredmedia":[{"embeddable":true,"href":"https:\/\/www.monempresarial.com\/ca\/wp-json\/wp\/v2\/media\/48548"}],"wp:attachment":[{"href":"https:\/\/www.monempresarial.com\/ca\/wp-json\/wp\/v2\/media?parent=48535"}],"wp:term":[{"taxonomy":"category","embeddable":true,"href":"https:\/\/www.monempresarial.com\/ca\/wp-json\/wp\/v2\/categories?post=48535"},{"taxonomy":"post_tag","embeddable":true,"href":"https:\/\/www.monempresarial.com\/ca\/wp-json\/wp\/v2\/tags?post=48535"}],"curies":[{"name":"wp","href":"https:\/\/api.w.org\/{rel}","templated":true}]}}