{"id":48666,"date":"2025-12-02T11:11:04","date_gmt":"2025-12-02T10:11:04","guid":{"rendered":"https:\/\/www.monempresarial.com\/2025\/12\/02\/acutelan-y-feceminte-culminan-un-acuerdo-de-integracion-para-fortalecer-la-representacion-del-sector-de-las-telecomunicaciones\/"},"modified":"2025-12-03T12:14:49","modified_gmt":"2025-12-03T11:14:49","slug":"acutelan-i-feceminte-culminen-un-acord-dintegracio-per-enfortir-la-representacio-del-sector-de-les-telecomunicacions","status":"publish","type":"post","link":"https:\/\/www.monempresarial.com\/ca\/2025\/12\/02\/acutelan-i-feceminte-culminen-un-acord-dintegracio-per-enfortir-la-representacio-del-sector-de-les-telecomunicacions\/","title":{"rendered":"ACUTELAN i Feceminte culminen un acord d\u2019integraci\u00f3 per enfortir la representaci\u00f3 del sector de les telecomunicacions"},"content":{"rendered":"<p><strong>L\u2019Associaci\u00f3 Nacional d\u2019Operadors, Infraestructures de Telecomunicacions i Televisions Locals (ACUTELAN) i la Federaci\u00f3 Catalana d\u2019Empreses de Telecomunicacions (Feceminte) han aprovat en les seves respectives Assemblees Generals, celebrades el 18 i el 24 de novembre, la seva integraci\u00f3. La uni\u00f3 t\u00e9 com objectiu sumar capacitats, recursos i experi\u00e8ncia per refor\u00e7ar la representativitat de les empreses del sector de les telecomunicacions.<\/strong><\/p>\n<p>Aquesta alian\u00e7a estrat\u00e8gica \u00e9s el resultat d\u2019una visi\u00f3 compartida: impulsar la innovaci\u00f3 i la col\u00b7laboraci\u00f3 empresarial en un sector cada vegada m\u00e9s competitiu i en constant transformaci\u00f3. La uni\u00f3 permetr\u00e0 ampliar la base associativa, millorar la interlocuci\u00f3 amb les administracions i els agents del mercat, i oferir nous serveis i eines de suport a les empreses associades.<\/p>\n<p>Totes dues entitats consideren la integraci\u00f3 com la millor via per assolir una organitzaci\u00f3 m\u00e9s s\u00f2lida, influent i representativa del sector. En els pr\u00f2xims mesos es desplegar\u00e0 una transici\u00f3 ordenada que garantir\u00e0 la continu\u00eftat dels serveis per a totes les empreses associades i culminar\u00e0 amb la presentaci\u00f3 d\u2019un pla estrat\u00e8gic com\u00fa.<\/p>\n<p>Amb aquesta integraci\u00f3, ambdues organitzacions \u00a0reafirmen la seva aposta per un sector m\u00e9s robust i din\u00e0mic, impulsant l\u2019actualitzaci\u00f3 professional, l\u2019adopci\u00f3 de noves solucions tecnol\u00f2giques, la competitivitat empresarial i m\u00e9s cohesi\u00f3 territorial.<img decoding=\"async\" loading=\"lazy\" class=\"size-full wp-image-48673 aligncenter\" src=\"https:\/\/www.monempresarial.com\/wp-content\/uploads\/2025\/12\/foto-1.jpg\" alt=\"\" width=\"640\" height=\"480\" srcset=\"https:\/\/www.monempresarial.com\/wp-content\/uploads\/2025\/12\/foto-1.jpg 640w, https:\/\/www.monempresarial.com\/wp-content\/uploads\/2025\/12\/foto-1-300x225.jpg 300w, https:\/\/www.monempresarial.com\/wp-content\/uploads\/2025\/12\/foto-1-600x450.jpg 600w\" sizes=\"(max-width: 640px) 100vw, 640px\" \/><\/p>\n<p><span style=\"color: #000080;\">*<a style=\"color: #000080;\" href=\"https:\/\/acutelan.org\/index.php\/acutelan\/\"><strong>ACUTELAN<span style=\"color: #000000;\">, <\/span><\/strong><\/a><\/span>Asociaci\u00f3n Nacional de Operadores, Infraestructuras de Telecomunicaciones y Televisiones Locales, treballa per representar, enfortir i cohesionar el conjunt de l\u2019ecosistema d\u2019operadors de telecomunicacions, prove\u00efdors d\u2019infraestructures i televisions locals a tot l\u2019Estat. La seva missi\u00f3 \u00e9s garantir que tots els actors del sector puguin desenvolupar-se en igualtat de condicions, amb professionalitat, innovaci\u00f3 i capacitat de competir en un mercat cada vegada m\u00e9s exigent.<\/p>\n<p><span style=\"color: #000080;\">* <\/span><a href=\"http:\/\/www.feceminte.cat\/\"><strong><span style=\"color: #000080;\">Feceminte<\/span><\/strong><\/a>, Federaci\u00f3\u00a0Catalana d\u2019Empreses de Telecomunicacions<span style=\"text-decoration: line-through;\">,<\/span> \u00e9s una associaci\u00f3 empresarial sense \u00e0nim de lucre que agrupa empreses i aut\u00f2noms del sector (instal\u00b7ladors, operadors, enginyeries, distribu\u00efdors, etc.). El seu objectiu principal \u00e9s fomentar el creixement i la competitivitat dels seus membres, donant suport a la seva activitat, representant els seus interessos i promovent la interacci\u00f3 per generar noves oportunitats i projectes conjunts.<\/p>\n<p><strong>Per a m\u00e9s informaci\u00f3:<\/strong><\/p>\n<p><strong> Olga Vela:<\/strong> <a href=\"mailto:ovela@feceminte.cat\">ovela@feceminte.cat<\/a><\/p>\n<p><strong>Mar\u00eda \u00c1ngeles \u00c1vila: <\/strong><a href=\"mailto:mangeles.avila@acutelan.org\">mangeles.avila@acutelan.org<\/a><\/p>\n<p>&nbsp;<\/p>\n","protected":false},"excerpt":{"rendered":"<p>\u00a0La Asociaci\u00f3n Nacional de Operadores, Infraestructuras de Telecomunicaciones y Televisiones Locales (ACUTELAN) y la Federaci\u00f3n Catalana de Empresas de Telecomunicaciones (Feceminte) han aprobado en sus respectivas Asambleas Generales<\/p>\n","protected":false},"author":2,"featured_media":48664,"comment_status":"closed","ping_status":"closed","sticky":false,"template":"","format":"standard","meta":{"_mi_skip_tracking":false,"mc4wp_mailchimp_campaign":[],"jnews-multi-image_gallery":[],"jnews_single_post":[],"jnews_primary_category":[]},"categories":[10820,10833],"tags":[5144],"_links":{"self":[{"href":"https:\/\/www.monempresarial.com\/ca\/wp-json\/wp\/v2\/posts\/48666"}],"collection":[{"href":"https:\/\/www.monempresarial.com\/ca\/wp-json\/wp\/v2\/posts"}],"about":[{"href":"https:\/\/www.monempresarial.com\/ca\/wp-json\/wp\/v2\/types\/post"}],"author":[{"embeddable":true,"href":"https:\/\/www.monempresarial.com\/ca\/wp-json\/wp\/v2\/users\/2"}],"replies":[{"embeddable":true,"href":"https:\/\/www.monempresarial.com\/ca\/wp-json\/wp\/v2\/comments?post=48666"}],"version-history":[{"count":3,"href":"https:\/\/www.monempresarial.com\/ca\/wp-json\/wp\/v2\/posts\/48666\/revisions"}],"predecessor-version":[{"id":48675,"href":"https:\/\/www.monempresarial.com\/ca\/wp-json\/wp\/v2\/posts\/48666\/revisions\/48675"}],"wp:featuredmedia":[{"embeddable":true,"href":"https:\/\/www.monempresarial.com\/ca\/wp-json\/wp\/v2\/media\/48664"}],"wp:attachment":[{"href":"https:\/\/www.monempresarial.com\/ca\/wp-json\/wp\/v2\/media?parent=48666"}],"wp:term":[{"taxonomy":"category","embeddable":true,"href":"https:\/\/www.monempresarial.com\/ca\/wp-json\/wp\/v2\/categories?post=48666"},{"taxonomy":"post_tag","embeddable":true,"href":"https:\/\/www.monempresarial.com\/ca\/wp-json\/wp\/v2\/tags?post=48666"}],"curies":[{"name":"wp","href":"https:\/\/api.w.org\/{rel}","templated":true}]}}